{"id":33742,"date":"2011-03-03T12:04:54","date_gmt":"2011-03-03T17:04:54","guid":{"rendered":"http:\/\/www.bibula.com\/?p=33742"},"modified":"2011-03-03T12:04:54","modified_gmt":"2011-03-03T17:04:54","slug":"turcja-chce-wejsc-do-ue-w-zamian-za-atak-na-libie","status":"publish","type":"post","link":"https:\/\/www.bibula.com\/?p=33742","title":{"rendered":"Turcja chce wej\u015b\u0107 do UE w zamian za atak na Libi\u0119"},"content":{"rendered":"<p><strong>Jeszcze do niedawna Turcja g\u0142o\u015bno krytykowa\u0142a plany  interwencji NATO w Libii. W tym tygodniu \u017ar\u00f3d\u0142a dyplomatyczne m\u00f3wi\u0105 o  ofercie przeprowadzenia takiej interwencji przez Turcj\u0119 w zamian za  cz\u0142onkostwo w Unii Europejskiej.<\/strong><\/p>\r\n<p>\u0179r\u00f3d\u0142a  dyplomatyczne podaj\u0105, \u017ce premier Turcji RecepTayyip Erdogan przedstawi\u0142  plan wys\u0142ania tureckich si\u0142 morskich i l\u0105dowych do Libii. W razie  upadku Kadafiego i stabilizacji sytuacji w Libii, Turcja mia\u0142aby zosta\u0107  natychmiast zaakceptowana jako cz\u0142onek Unii Europejskiej, donosi Middle  East Newsline. \u201eNie jest to oczywiste, czy Turcja jest w stanie wykona\u0107  t\u0119 prac\u0119, ale Erdogan z\u0142o\u017cy\u0142 tak\u0105 propozycj\u0119\u201d, informuje jeden z  zachodnich dyplomat\u00f3w.<\/p>\r\n<p>\u0179r\u00f3d\u0142a w Stanach Zjednoczonych informuj\u0105, \u017ce w szczeg\u00f3lno\u015bci  prezydent Barack Obama popiera tureckie rozwi\u0105zanie. Obama uwa\u017ca  Erdogana za bliskiego sojusznika i m\u00f3wi, \u017ce Ankara zas\u0142uguje na unijne  cz\u0142onkostwo.<\/p>\r\n<p>W Brukseli turecki plan nie spotka\u0142 si\u0119 z entuzjazmem. Prezydent  Francji Nicolas Sarkozy sprzeciwia si\u0119 propozycji Erdogana mimo presji  Stan\u00f3w Zjednoczonych. \u201eTo co powiedzia\u0142 Sarkozy nie nadaje si\u0119 do druku,  ale generalnie stwierdzi\u0142, \u017ce USA nie s\u0105 cz\u0142onkiem UE i nie mog\u0105  dyktowa\u0107 kto powinien zosta\u0107 do niej przyj\u0119ty\u201d, m\u00f3wi dyplomata.<\/p>\r\n<p>W ubieg\u0142ym tygodniu premier Turcji g\u0142o\u015bno krytykowa\u0142 plany  interwencji NATO uwa\u017caj\u0105c, \u017ce odniesie ona przeciwny skutek. Bior\u0105c pod  uwag\u0119 reakcje \u015bwiata muzu\u0142ma\u0144skiego i podejrzliwe nastawienie do Zachodu  mo\u017ce mie\u0107 racj\u0119. Tureckie wojska ju\u017c pod czas misji na Ba\u0142kanach by\u0142y  wykorzystywane jako \u0142atwiejsze do zaakceptowania przez miejscow\u0105  ludno\u015b\u0107.<\/p>\r\n<p>Turcja mo\u017ce upiec dwie pieczenie na jednym ogniu &#8211; w Afryce P\u00f3\u0142nocnej  zacz\u0105\u0107 ponownie odgrywa\u0107 rol\u0119 Imperium Osma\u0144skiego a jednocze\u015bnie  czerpa\u0107 korzy\u015bci z cz\u0142onkostwa w UE.<\/p>\r\n<p>Jak na razie informacje na temat plan\u00f3w Turcji nie zosta\u0142y potwierdzone przez oficjalne \u017ar\u00f3d\u0142a.(p)<\/p>\r\n<p>JW. na podst. <a href=\"http:\/\/www.worldtribune.com\/worldtribune\/WTARC\/2011\/me_turkey0214_03_01.asp\" target=\"_blank\">World Tribune<\/a><\/p>","protected":false},"excerpt":{"rendered":"Jeszcze do niedawna Turcja g\u0142o\u015bno krytykowa\u0142a plany interwencji NATO w Libii. W tym tygodniu \u017ar\u00f3d\u0142a dyplomatyczne m\u00f3wi\u0105 o ofercie przeprowadzenia takiej interwencji przez Turcj\u0119 w zamian za cz\u0142onkostwo w Unii Europejskiej. \u0179r\u00f3d\u0142a dyplomatyczne podaj\u0105, \u017ce premier Turcji RecepTayyip Erdogan przedstawi\u0142 plan wys\u0142ania tureckich si\u0142 morskich i l\u0105dowych do Libii. W razie upadku Kadafiego i stabilizacji [&hellip;]","protected":false},"author":1,"featured_media":0,"comment_status":"closed","ping_status":"closed","sticky":false,"template":"","format":"standard","meta":{"_acf_changed":false,"_monsterinsights_skip_tracking":false,"_monsterinsights_sitenote_active":false,"_monsterinsights_sitenote_note":"","_monsterinsights_sitenote_category":0,"ngg_post_thumbnail":0,"footnotes":"","_wp_rev_ctl_limit":""},"categories":[6],"tags":[23,84,88],"acf":[],"_links":{"self":[{"href":"https:\/\/www.bibula.com\/index.php?rest_route=\/wp\/v2\/posts\/33742"}],"collection":[{"href":"https:\/\/www.bibula.com\/index.php?rest_route=\/wp\/v2\/posts"}],"about":[{"href":"https:\/\/www.bibula.com\/index.php?rest_route=\/wp\/v2\/types\/post"}],"author":[{"embeddable":true,"href":"https:\/\/www.bibula.com\/index.php?rest_route=\/wp\/v2\/users\/1"}],"replies":[{"embeddable":true,"href":"https:\/\/www.bibula.com\/index.php?rest_route=%2Fwp%2Fv2%2Fcomments&post=33742"}],"version-history":[{"count":0,"href":"https:\/\/www.bibula.com\/index.php?rest_route=\/wp\/v2\/posts\/33742\/revisions"}],"wp:attachment":[{"href":"https:\/\/www.bibula.com\/index.php?rest_route=%2Fwp%2Fv2%2Fmedia&parent=33742"}],"wp:term":[{"taxonomy":"category","embeddable":true,"href":"https:\/\/www.bibula.com\/index.php?rest_route=%2Fwp%2Fv2%2Fcategories&post=33742"},{"taxonomy":"post_tag","embeddable":true,"href":"https:\/\/www.bibula.com\/index.php?rest_route=%2Fwp%2Fv2%2Ftags&post=33742"}],"curies":[{"name":"wp","href":"https:\/\/api.w.org\/{rel}","templated":true}]}}