{"id":33731,"date":"2011-03-03T17:15:19","date_gmt":"2011-03-03T22:15:19","guid":{"rendered":"http:\/\/www.bibula.com\/?p=33731"},"modified":"2012-09-28T15:58:19","modified_gmt":"2012-09-28T20:58:19","slug":"prokuratura-tu-154-byl-dobrze-wywazony","status":"publish","type":"post","link":"https:\/\/www.bibula.com\/?p=33731","title":{"rendered":"Prokuratura: Tu-154 by\u0142 dobrze wywa\u017cony"},"content":{"rendered":"<p><strong>Z materia\u0142u dowodowego zebranego w toku \u015bledztwa w sprawie katastrofy smole\u0144skiej wynika, \u017ce polski Tu-154M by\u0142 prawid\u0142owo wywa\u017cony &#8211; poinformowa\u0142 rzecznik Naczelnego Prokuratora Wojskowego p\u0142k Zbigniew Rzepa.<\/strong><\/p>\r\n<p>Odni\u00f3s\u0142 si\u0119 w ten spos\u00f3b do doniesie\u0144 TVP Info, wed\u0142ug kt\u00f3rej brakuje dokumentu, kt\u00f3ry by potwierdza\u0142, \u017ce tupolew zosta\u0142 prawid\u0142owo wywa\u017cony przed startem w Warszawie. Z <a id=\"anchorbbtBubble94\">informacji<\/a> opublikowanej na stronie internetowej telewizji wynika, \u017ce prokuratorzy analizuj\u0105 ten w\u0105tek, poniewa\u017c jedna z tez m\u00f3wi, \u017ce samolot m\u00f3g\u0142 by\u0107 \u017ale wywa\u017cony i dlatego piloci, mimo decyzji o odej\u015bciu na drugi kr\u0105g, nie zdo\u0142ali go wyprowadzi\u0107.<\/p>\r\n<p><em>&#8222;Wojskowa Prokuratura Okr\u0119gowa w Warszawie, w toku \u015bledztwa w sprawie katastrofy samolotu Tu-154M 101, bada\u0142a kwestie wywa\u017cenia samolotu. Z poczynionych ustale\u0144 wynika, \u017ce samolot zosta\u0142 prawid\u0142owo wywa\u017cony. Wype\u0142niono te\u017c w tej kwestii stosowny dokument, kt\u00f3ry znajdowa\u0142 si\u0119 na pok\u0142adzie w chwili katastrofy&#8221; &#8211; <\/em>powiedzia\u0142 Rzepa.<\/p>\r\n<p>Jak doda\u0142, zgodnie z przepisami na pok\u0142adzie samolotu przechowuje si\u0119 r\u00f3wnie\u017c czyste, niewype\u0142nione blankiety wywa\u017cenia samolotu.<\/p>\r\n<p>Pu\u0142kownik zaznaczy\u0142 r\u00f3wnie\u017c, \u017ce prokuratura nie dysponuje danymi, kt\u00f3re mog\u0142yby wskazywa\u0107 na to, czy Tu-154M mia\u0142 przekroczon\u0105 mas\u0119 startow\u0105 lub do l\u0105dowania, przewidzian\u0105 w instrukcji u\u017cytkowania w locie.<\/p>","protected":false},"excerpt":{"rendered":"Z materia\u0142u dowodowego zebranego w toku \u015bledztwa w sprawie katastrofy smole\u0144skiej wynika, \u017ce polski Tu-154M by\u0142 prawid\u0142owo wywa\u017cony &#8211; poinformowa\u0142 rzecznik Naczelnego Prokuratora Wojskowego p\u0142k Zbigniew Rzepa. Odni\u00f3s\u0142 si\u0119 w ten spos\u00f3b do doniesie\u0144 TVP Info, wed\u0142ug kt\u00f3rej brakuje dokumentu, kt\u00f3ry by potwierdza\u0142, \u017ce tupolew zosta\u0142 prawid\u0142owo wywa\u017cony przed startem w Warszawie. Z informacji opublikowanej [&hellip;]","protected":false},"author":1,"featured_media":0,"comment_status":"closed","ping_status":"closed","sticky":false,"template":"","format":"standard","meta":{"_acf_changed":false,"_monsterinsights_skip_tracking":false,"_monsterinsights_sitenote_active":false,"_monsterinsights_sitenote_note":"","_monsterinsights_sitenote_category":0,"ngg_post_thumbnail":0,"footnotes":"","_wp_rev_ctl_limit":""},"categories":[139],"tags":[137],"acf":[],"_links":{"self":[{"href":"https:\/\/www.bibula.com\/index.php?rest_route=\/wp\/v2\/posts\/33731"}],"collection":[{"href":"https:\/\/www.bibula.com\/index.php?rest_route=\/wp\/v2\/posts"}],"about":[{"href":"https:\/\/www.bibula.com\/index.php?rest_route=\/wp\/v2\/types\/post"}],"author":[{"embeddable":true,"href":"https:\/\/www.bibula.com\/index.php?rest_route=\/wp\/v2\/users\/1"}],"replies":[{"embeddable":true,"href":"https:\/\/www.bibula.com\/index.php?rest_route=%2Fwp%2Fv2%2Fcomments&post=33731"}],"version-history":[{"count":0,"href":"https:\/\/www.bibula.com\/index.php?rest_route=\/wp\/v2\/posts\/33731\/revisions"}],"wp:attachment":[{"href":"https:\/\/www.bibula.com\/index.php?rest_route=%2Fwp%2Fv2%2Fmedia&parent=33731"}],"wp:term":[{"taxonomy":"category","embeddable":true,"href":"https:\/\/www.bibula.com\/index.php?rest_route=%2Fwp%2Fv2%2Fcategories&post=33731"},{"taxonomy":"post_tag","embeddable":true,"href":"https:\/\/www.bibula.com\/index.php?rest_route=%2Fwp%2Fv2%2Ftags&post=33731"}],"curies":[{"name":"wp","href":"https:\/\/api.w.org\/{rel}","templated":true}]}}