{"id":33650,"date":"2011-03-01T14:53:11","date_gmt":"2011-03-01T19:53:11","guid":{"rendered":"http:\/\/www.bibula.com\/?p=33650"},"modified":"2011-03-01T14:55:01","modified_gmt":"2011-03-01T19:55:01","slug":"jarek-do-wora-wor-do-jeziora","status":"publish","type":"post","link":"https:\/\/www.bibula.com\/?p=33650","title":{"rendered":"&#8222;Jarek do wora, w\u00f3r do jeziora&#8221;?"},"content":{"rendered":"<p><em><strong> &#8211; W tej chwili wszyscy zachowuj\u0105 si\u0119 tak, jakby powr\u00f3t  Jaros\u0142awa Kaczy\u0144skiego do w\u0142adzy nie by\u0142 mo\u017cliwy. Ot\u00f3\u017c on jest mo\u017cliwy.  Polski parlament powinien si\u0119 przygotowa\u0107 na tak\u0105 ewentualno\u015b\u0107, \u017ce PiS  dostanie nawet bezwzgl\u0119dn\u0105 wi\u0119kszo\u015b\u0107. Ja bym si\u0119 szykowa\u0142 jak na wojn\u0119<\/strong><\/em> &#8211; powiedzia\u0142 w &#8222;Faktach po Faktach&#8221; w TVN 24 Roman Giertych.<\/p>\r\n<div><img fetchpriority=\"high\" decoding=\"async\" class=\"alignleft\" style=\"margin: 10px;\" src=\"http:\/\/mm.salon24.pl.s3.amazonaws.com\/57\/80\/5780233fc35eae20c56077603b19fac4,2,0.jpg\" alt=\"\" width=\"371\" height=\"278\" align=\"left\" \/><\/div>\r\n<p><em><strong>\u201eDzi\u015b si\u0119 nie uda. Wojna to za ma\u0142o, by znowu wygra\u0107\u201d<\/strong><\/em>&#8211; przyzna\u0142 Grzegorz Schetyna w wywiadzie dla \u201eUwa\u017cam Rze\u201d<\/p>\r\n<p>Nie wiem czy do m\u0142odych i dobrze wykszta\u0142conych z du\u017cych miast ju\u017c  dotar\u0142o, kto tak naprawd\u0119 wykopa\u0142 z premedytacj\u0105 top\u00f3r wojenny i da\u0142  sygna\u0142 do wojny polsko-polskiej nie bacz\u0105c na jej skutki, kt\u00f3rych efekt  b\u0119dziemy jeszcze odczuwali przez lata.<\/p>\r\n<p>Demokracja w polskim wydaniu to nic innego jak powt\u00f3rka walki  stalinowc\u00f3w z reakcj\u0105, kt\u00f3rej to reakcji przypisuje si\u0119 najgorsze  intencje i niemal zwierz\u0119ce instynkty.<\/p>\r\n<p>Cho\u0107 w demokracji rywalizuj\u0105ce partie walcz\u0105 o w\u0142adz\u0119 to w Polsce tylko  PiS jest jej \u017c\u0105dny. Cho\u0107 w demokracji media s\u0142u\u017c\u0105 g\u0142ownie do patrzenia  rz\u0105dz\u0105cym na r\u0119ce to w III RP ich g\u0142\u00f3wnym zadaniem sta\u0142o si\u0119 zwalczanie  opozycji.<\/p>\r\n<p>W demokracji po polsku tylko jeden werdykt wyborczy, zgodny z gustami  establishmentu III RP jest akceptowalny, bo jak nie to wojna, albo  cytuj\u0105c klasyka Geremka \u201ePolacy nie doro\u015bli do demokracji\u201d.<\/p>\r\n<p>A z drugiej strony bardzo ciekawe, czym salon III RP uwi\u00f3d\u0142 Romana  Giertycha, kiedy\u015b \u201eniez\u0142omnego\u201d or\u0119downika walki z systemem III RP i  \u201enarodowca\u201d?<\/p>\r\n<p>Czy\u017cby skusi\u0142y go pami\u0119tne umizgi m\u0142odzie\u017cy szkolnej, kt\u00f3ra ku uciesze  salonu proponowa\u0142a mu na transparentach pieszczoty w stylu kapitana  Grzegorza Piotrowskiego <em><strong>\u201eGiertych do wora, w\u00f3r do jeziora\u201d?<\/strong><\/em><\/p>\r\n<p><em><strong>Miros\u0142aw Kokoszkiewicz<br \/><\/strong><\/em><\/p>","protected":false},"excerpt":{"rendered":"&#8211; W tej chwili wszyscy zachowuj\u0105 si\u0119 tak, jakby powr\u00f3t Jaros\u0142awa Kaczy\u0144skiego do w\u0142adzy nie by\u0142 mo\u017cliwy. Ot\u00f3\u017c on jest mo\u017cliwy. Polski parlament powinien si\u0119 przygotowa\u0107 na tak\u0105 ewentualno\u015b\u0107, \u017ce PiS dostanie nawet bezwzgl\u0119dn\u0105 wi\u0119kszo\u015b\u0107. Ja bym si\u0119 szykowa\u0142 jak na wojn\u0119 &#8211; powiedzia\u0142 w &#8222;Faktach po Faktach&#8221; w TVN 24 Roman Giertych. \u201eDzi\u015b si\u0119 [&hellip;]","protected":false},"author":1,"featured_media":0,"comment_status":"closed","ping_status":"closed","sticky":false,"template":"","format":"standard","meta":{"_acf_changed":false,"_monsterinsights_skip_tracking":false,"_monsterinsights_sitenote_active":false,"_monsterinsights_sitenote_note":"","_monsterinsights_sitenote_category":0,"ngg_post_thumbnail":0,"footnotes":"","_wp_rev_ctl_limit":""},"categories":[8],"tags":[98,37],"acf":[],"_links":{"self":[{"href":"https:\/\/www.bibula.com\/index.php?rest_route=\/wp\/v2\/posts\/33650"}],"collection":[{"href":"https:\/\/www.bibula.com\/index.php?rest_route=\/wp\/v2\/posts"}],"about":[{"href":"https:\/\/www.bibula.com\/index.php?rest_route=\/wp\/v2\/types\/post"}],"author":[{"embeddable":true,"href":"https:\/\/www.bibula.com\/index.php?rest_route=\/wp\/v2\/users\/1"}],"replies":[{"embeddable":true,"href":"https:\/\/www.bibula.com\/index.php?rest_route=%2Fwp%2Fv2%2Fcomments&post=33650"}],"version-history":[{"count":0,"href":"https:\/\/www.bibula.com\/index.php?rest_route=\/wp\/v2\/posts\/33650\/revisions"}],"wp:attachment":[{"href":"https:\/\/www.bibula.com\/index.php?rest_route=%2Fwp%2Fv2%2Fmedia&parent=33650"}],"wp:term":[{"taxonomy":"category","embeddable":true,"href":"https:\/\/www.bibula.com\/index.php?rest_route=%2Fwp%2Fv2%2Fcategories&post=33650"},{"taxonomy":"post_tag","embeddable":true,"href":"https:\/\/www.bibula.com\/index.php?rest_route=%2Fwp%2Fv2%2Ftags&post=33650"}],"curies":[{"name":"wp","href":"https:\/\/api.w.org\/{rel}","templated":true}]}}