{"id":33644,"date":"2011-03-01T14:43:35","date_gmt":"2011-03-01T19:43:35","guid":{"rendered":"http:\/\/www.bibula.com\/?p=33644"},"modified":"2011-03-01T14:43:35","modified_gmt":"2011-03-01T19:43:35","slug":"bedzie-proces-z-piechniczkiem-bo-urazil-obcokrajowca","status":"publish","type":"post","link":"https:\/\/www.bibula.com\/?p=33644","title":{"rendered":"B\u0119dzie proces z Piechniczkiem, bo &#8222;urazi\u0142&#8221; obcokrajowca?"},"content":{"rendered":"<p><strong>Antoni Piechniczek win\u0119 za fataln\u0105 kondycj\u0119 naszego  futbolu zrzuca na zbyt du\u017c\u0105 liczb\u0119 obcokrajowc\u00f3w w Ekstraklasie i z\u0142\u0105  polityk\u0119 transferow\u0105 klub\u00f3w. S\u0142owa by\u0142ego selekcjonera tak bardzo  urazi\u0142y trenera Wis\u0142y &#8211; Roberta Maaskanta, kt\u00f3ry zosta\u0142 wymieniony z  nazwiska, \u017ce sprawa prawdopodobnie sko\u0144czy si\u0119 w s\u0105dzie.<\/strong><\/p>\r\n<p>Holender poczu\u0142 si\u0119 dotkni\u0119ty wypowiedzi\u0105 trenera, kt\u00f3ry  stwierdzi\u0142, i\u017c  obcokrajowcy s\u0105 wciskani do Ekstraklasy nie dlatego, \u017ce  s\u0105 lepsi czy  nawet ta\u0144si, ale dlatego, \u017ce zagraniczni trenerzy maj\u0105  umowy z  menad\u017cerami, a w ca\u0142ej grze chodzi o jak najwi\u0119kszy zarobek. W   wywiadzie, kt\u00f3rego Piechniczek udzieli\u0142 &#8222;Gazecie Wyborczej&#8221; padaj\u0105 dwa   nazwiska Stana Valckxa i Roberta Maaskanta. Obaj pracuj\u0105 dla  krakowskiej  Wis\u0142y &#8211; pierwszy jest szkoleniowcem, a drugi odpowiada za  polityk\u0119  transferow\u0105. Reakcja by\u0142a natychmiastowa. Maaskant nie kryje  oburzenia i  zapewnia, \u017ce tak sprawy nie zostawi. &#8222;To by\u0142y skandaliczne  wypowiedzi i  wyrazi\u0142 je wiceprezes zwi\u0105zku, a nie kibic pij\u0105cy w\u00f3dk\u0119!  D\u017centelmeni  takich rzeczy nie m\u00f3wi\u0105. Je\u015bli kto\u015b nie wie, co si\u0119 dzieje w  klubie, to  powinien by\u0107 bardziej pow\u015bci\u0105gliwy&#8221; &#8211; powiedzia\u0142.<br \/> <br \/> Antoni Piechniczek zarzuca r\u00f3wnie\u017c Bogus\u0142awowi Cupia\u0142owi, w\u0142a\u015bcicielowi   &#8222;Bia\u0142ej Gwiazdy&#8221;, \u017ce jego klub w og\u00f3le nie stawia na m\u0142odzie\u017c. W   ostatnim meczu ligowym na boisku znalaz\u0142o si\u0119 tylko dw\u00f3ch Polak\u00f3w. To   wina &#8211; zdaniem Piechniczka &#8211; wsp\u00f3\u0142pracownik\u00f3w prezesa Wis\u0142y, kt\u00f3rzy na   si\u0142\u0119 stawiaj\u0105 na zaci\u0105g holenderski.<\/p>\r\n<p><span class=\"pullquote\"><!-- Nie mo\u017cna publicznie powiedzie\u0107 o rzeczach, kt\u00f3re wida\u0107 go\u0142ym okiem? --><\/span><\/p>\r\n<p>Maaskant i Valckx nie  zamierzaj\u0105 pozostawi\u0107 tej sprawy bez wyja\u015bnienia i  zapowiadaj\u0105, \u017ce  niezw\u0142ocznie powiadomi\u0105 Ekstraklas\u0119 S.A. i Polski  Zwi\u0105zek Pi\u0142ki No\u017cnej,  a z trenerem, kt\u00f3ry w przesz\u0142o\u015bci poprowadzi\u0142  Polsk\u0119 do br\u0105zowego  medalu mistrzostw \u015bwiata spotkaj\u0105 si\u0119 w s\u0105dzie. Jak  dodaj\u0105, prezes PZPN  powinien zaj\u0105\u0107 si\u0119 prac\u0105 na rzecz futbolu, a nie  oczernianiem tych,  kt\u00f3rzy pr\u00f3buj\u0105 odbudowa\u0107 pot\u0119g\u0119 Wis\u0142y.<br \/> <br \/> Antoni Piechniczek by\u0142  wyra\u017anie zaskoczony, gdy dowiedzia\u0142 si\u0119, \u017ce Wis\u0142a  zamierza podj\u0105\u0107  zdecydowane kroki prawne w zwi\u0105zku z jego s\u0142owami.  &#8222;Jestem bardzo  zdziwiony tym, co mi pan przekazuje. Nie mo\u017cna publicznie  powiedzie\u0107 o  rzeczach, kt\u00f3re wida\u0107 go\u0142ym okiem?&#8221; &#8211; pyta wiceprezes PZPN  cytowany  przez stron\u0119 wislakrakow.com. &#8222;Nigdy nie sugerowa\u0142em jednak,  \u017ce  trenerzy czy dyrektorowie mog\u0105 wchodzi\u0107 w nieczyste uk\u0142ady  mened\u017cerskie  na pograniczu korupcji. Wywiad nie by\u0142 autoryzowany, st\u0105d  podejrzewam  jakie\u015b przek\u0142amania&#8221; &#8211; dodaje.<br \/> <br \/> \u0179r\u00f3d\u0142o: Niezalezna.pl, sport.pl, wislakrakow.com<\/p>","protected":false},"excerpt":{"rendered":"Antoni Piechniczek win\u0119 za fataln\u0105 kondycj\u0119 naszego futbolu zrzuca na zbyt du\u017c\u0105 liczb\u0119 obcokrajowc\u00f3w w Ekstraklasie i z\u0142\u0105 polityk\u0119 transferow\u0105 klub\u00f3w. S\u0142owa by\u0142ego selekcjonera tak bardzo urazi\u0142y trenera Wis\u0142y &#8211; Roberta Maaskanta, kt\u00f3ry zosta\u0142 wymieniony z nazwiska, \u017ce sprawa prawdopodobnie sko\u0144czy si\u0119 w s\u0105dzie. Holender poczu\u0142 si\u0119 dotkni\u0119ty wypowiedzi\u0105 trenera, kt\u00f3ry stwierdzi\u0142, i\u017c obcokrajowcy s\u0105 [&hellip;]","protected":false},"author":1,"featured_media":0,"comment_status":"closed","ping_status":"closed","sticky":false,"template":"","format":"standard","meta":{"_acf_changed":false,"_monsterinsights_skip_tracking":false,"_monsterinsights_sitenote_active":false,"_monsterinsights_sitenote_note":"","_monsterinsights_sitenote_category":0,"ngg_post_thumbnail":0,"footnotes":"","_wp_rev_ctl_limit":""},"categories":[8],"tags":[16,76,98,25],"acf":[],"_links":{"self":[{"href":"https:\/\/www.bibula.com\/index.php?rest_route=\/wp\/v2\/posts\/33644"}],"collection":[{"href":"https:\/\/www.bibula.com\/index.php?rest_route=\/wp\/v2\/posts"}],"about":[{"href":"https:\/\/www.bibula.com\/index.php?rest_route=\/wp\/v2\/types\/post"}],"author":[{"embeddable":true,"href":"https:\/\/www.bibula.com\/index.php?rest_route=\/wp\/v2\/users\/1"}],"replies":[{"embeddable":true,"href":"https:\/\/www.bibula.com\/index.php?rest_route=%2Fwp%2Fv2%2Fcomments&post=33644"}],"version-history":[{"count":0,"href":"https:\/\/www.bibula.com\/index.php?rest_route=\/wp\/v2\/posts\/33644\/revisions"}],"wp:attachment":[{"href":"https:\/\/www.bibula.com\/index.php?rest_route=%2Fwp%2Fv2%2Fmedia&parent=33644"}],"wp:term":[{"taxonomy":"category","embeddable":true,"href":"https:\/\/www.bibula.com\/index.php?rest_route=%2Fwp%2Fv2%2Fcategories&post=33644"},{"taxonomy":"post_tag","embeddable":true,"href":"https:\/\/www.bibula.com\/index.php?rest_route=%2Fwp%2Fv2%2Ftags&post=33644"}],"curies":[{"name":"wp","href":"https:\/\/api.w.org\/{rel}","templated":true}]}}