{"id":33553,"date":"2011-02-28T16:11:30","date_gmt":"2011-02-28T21:11:30","guid":{"rendered":"http:\/\/www.bibula.com\/?p=33553"},"modified":"2011-02-28T16:11:30","modified_gmt":"2011-02-28T21:11:30","slug":"filosemickie-szalenstwo-polskiego-rzadu-tomasz-sommer","status":"publish","type":"post","link":"https:\/\/www.bibula.com\/?p=33553","title":{"rendered":"Filosemickie szale\u0144stwo polskiego rz\u0105du &#8211; <em>Tomasz Sommer<\/em>"},"content":{"rendered":"<p><em>Polska to ewenement. <strong>Wszystkie licz\u0105ce si\u0119 si\u0142y polityczne w naszym kraju s\u0105 \u017cyczliwe Izraelowi<\/strong>. Zar\u00f3wno PO, jak i prawicowe PiS. Przecie\u017c \u015bwi\u0119tej pami\u0119ci <strong>Lech Kaczy\u0144ski<\/strong> by\u0142 wielkim przyjacielem pa\u0144stwa \u017cydowskiego. Prosz\u0119 wskaza\u0107 inny kraj w  Europie, w kt\u00f3rym w ostatnim 20-leciu trzech szef\u00f3w dyplomacji, <strong>Meller<\/strong>, <strong>Rotfeld<\/strong> i <strong>Geremek<\/strong>,  by\u0142o \u017cydowskiego pochodzenia, jeden ma honorowe obywatelstwo Izraela, a  obecny ma \u017con\u0119 \u017byd\u00f3wk\u0119<\/em> &#8211; powiedzia\u0142 po zesz\u0142otygodniowej wizycie  polskiego rz\u0105du w Jerozolimie dla jednej z polskich gazet by\u0142y szef  polskiego MSZ <strong>W\u0142adys\u0142aw Bartoszewski<\/strong>.<\/p>\r\n<p>&#8211; <em>Polska to kraj filosemicki <\/em>&#8211; zadekretowa\u0142 z tej samej okazji dla  izraelskiego pisma \u201eHaaretz\u201d polski minister spraw zagranicznych, ten od  \u017cony \u017byd\u00f3wki, <strong>Rados\u0142aw Sikorski<\/strong>. Podobne cytaty mo\u017cna  by mno\u017cy\u0107 w niesko\u0144czono\u015b\u0107. Nasilenie filosemickiej propagandy w naszym  kraju jest ostatnio tak silne, \u017ce niemal nie spos\u00f3b zajrze\u0107 do  jakiejkolwiek gazety czy telewizji, by nie by\u0107 zmuszonym do czytania  jakiego\u015b peanu na temat Izraela, rytualnego lamentu po\u015bwi\u0119conego  holokaustowi, o kt\u00f3ry\u00a0zreszt\u0105 coraz cz\u0119\u015bciej oskar\u017cani s\u0105 Polacy, czy  wreszcie rozwa\u017ca\u0144 na temat \u201epi\u0119knej wsp\u00f3lnej historii\u201d.<\/p>\r\n<p>Tymczasem prawda jest taka, \u017ce Izrael to utrzymywany przez Stany  Zjednoczone naturalny lotniskowiec w \u015brodku \u015bwiata islamu, kt\u00f3ry z  Polsk\u0105 nie ma nic wsp\u00f3lnego\u00a0i nic Polsce zaoferowa\u0107 nie mo\u017ce. Wr\u0119cz  przeciwnie &#8211; uczestniczy w przemy\u015ble holokaustu, kt\u00f3ry ma, na podstawie  zdumiewaj\u0105cego z uwagi na kontekst tragedii \u017byd\u00f3w w czasie II wojny  \u015bwiatowej kryterium rasowego, domaga\u0107 si\u0119 pot\u0119\u017cnego haraczu od polskich  podatnik\u00f3w.<\/p>\r\n<p>W dodatku kontakty z tym pa\u0144stwem s\u0105 pilnie i z podejrzliwo\u015bci\u0105  obserwowane przez \u015bwiat arabski &#8211; a chyba stosunki z ca\u0142\u0105 cywilizacj\u0105 s\u0105  nieco wa\u017cniejsze ni\u017c relacja z pojedynczym lotniskowcem? W tej sytuacji  naturalny by\u0142by co najmniej lekki dystans polskiego rz\u0105du w stosunku do  Izraela. Dystans i delikatno\u015b\u0107, a nie po prostu g\u0142upie,\u00a0ostentacyjne  balowanie w Jerozolimie, kt\u00f3ra nie jest nawet uznawana przez ONZ za  stolic\u0119 pa\u0144stwa \u017cydowskiego.<\/p>\r\n<p>Oczywi\u015bcie z punktu widzenia Izraela sytuacja jest odwrotna. Zawsze  przecie\u017c dobrze sobie znale\u017a\u0107 jakiego\u015b darmowego adwokata, kt\u00f3ry  przyjmie izraelsk\u0105 argumentacj\u0119\u00a0w ka\u017cdej sprawie na kolanach, z  szale\u0144czym entuzjazmem i nie ko\u0144cz\u0105cymi si\u0119 zachwytami\u2026<\/p>\r\n<p><strong><em>Tomasz Sommer<\/em><\/strong><\/p>","protected":false},"excerpt":{"rendered":"Polska to ewenement. Wszystkie licz\u0105ce si\u0119 si\u0142y polityczne w naszym kraju s\u0105 \u017cyczliwe Izraelowi. Zar\u00f3wno PO, jak i prawicowe PiS. Przecie\u017c \u015bwi\u0119tej pami\u0119ci Lech Kaczy\u0144ski by\u0142 wielkim przyjacielem pa\u0144stwa \u017cydowskiego. Prosz\u0119 wskaza\u0107 inny kraj w Europie, w kt\u00f3rym w ostatnim 20-leciu trzech szef\u00f3w dyplomacji, Meller, Rotfeld i Geremek, by\u0142o \u017cydowskiego pochodzenia, jeden ma honorowe obywatelstwo [&hellip;]","protected":false},"author":1,"featured_media":0,"comment_status":"closed","ping_status":"closed","sticky":false,"template":"","format":"standard","meta":{"_acf_changed":false,"_monsterinsights_skip_tracking":false,"_monsterinsights_sitenote_active":false,"_monsterinsights_sitenote_note":"","_monsterinsights_sitenote_category":0,"ngg_post_thumbnail":0,"footnotes":"","_wp_rev_ctl_limit":""},"categories":[9],"tags":[22,61,98],"acf":[],"_links":{"self":[{"href":"https:\/\/www.bibula.com\/index.php?rest_route=\/wp\/v2\/posts\/33553"}],"collection":[{"href":"https:\/\/www.bibula.com\/index.php?rest_route=\/wp\/v2\/posts"}],"about":[{"href":"https:\/\/www.bibula.com\/index.php?rest_route=\/wp\/v2\/types\/post"}],"author":[{"embeddable":true,"href":"https:\/\/www.bibula.com\/index.php?rest_route=\/wp\/v2\/users\/1"}],"replies":[{"embeddable":true,"href":"https:\/\/www.bibula.com\/index.php?rest_route=%2Fwp%2Fv2%2Fcomments&post=33553"}],"version-history":[{"count":0,"href":"https:\/\/www.bibula.com\/index.php?rest_route=\/wp\/v2\/posts\/33553\/revisions"}],"wp:attachment":[{"href":"https:\/\/www.bibula.com\/index.php?rest_route=%2Fwp%2Fv2%2Fmedia&parent=33553"}],"wp:term":[{"taxonomy":"category","embeddable":true,"href":"https:\/\/www.bibula.com\/index.php?rest_route=%2Fwp%2Fv2%2Fcategories&post=33553"},{"taxonomy":"post_tag","embeddable":true,"href":"https:\/\/www.bibula.com\/index.php?rest_route=%2Fwp%2Fv2%2Ftags&post=33553"}],"curies":[{"name":"wp","href":"https:\/\/api.w.org\/{rel}","templated":true}]}}