{"id":33468,"date":"2011-02-27T11:25:42","date_gmt":"2011-02-27T16:25:42","guid":{"rendered":"http:\/\/www.bibula.com\/?p=33468"},"modified":"2011-02-27T11:30:11","modified_gmt":"2011-02-27T16:30:11","slug":"67-rocznica-zaglady-huty-pieniackiej","status":"publish","type":"post","link":"https:\/\/www.bibula.com\/?p=33468","title":{"rendered":"67 rocznica zag\u0142ady Huty Pieniackiej"},"content":{"rendered":"<p><strong>Dzi\u015b rozpoczynaj\u0105 sie uroczysto\u015bci ku czci 1000 Polak\u00f3w wymordowanych  28 lutego 1944 r. przez SS Galizien i UPA w Hucie Pieniackiej.<\/strong><\/p>\r\n<blockquote>\r\n<p style=\"padding-left: 30px;\"><img decoding=\"async\" class=\"alignleft\" style=\"margin: 10px; border: 1px solid black;\" src=\"http:\/\/www.isakowicz.pl\/news_images\/4924.jpg\" border=\"1\" alt=\"\" width=\"240\" height=\"180\" align=\"left\" \/><strong>Zbrodnia w Hucie Pieniackiej<\/strong> &#8211; dokonana 28 lutego 1944 akcja pacyfikacyjna polskiej ludno\u015bci cywilnej w Hucie Pieniackiej, w wyniku kt\u00f3rej \u015bmier\u0107 ponios\u0142o od 600 do 1500 os\u00f3b. Pacyfikacji dokonali, wed\u0142ug \u015bledztwa IPN, \u017co\u0142nierze 4 Pu\u0142ku Policyjnego SS z\u0142o\u017conego z ochotnik\u00f3w ukrai\u0144skich, pod dow\u00f3dztwem SS-Sturmbannf\u00fchrera Siegfrieda Binza, wraz z okolicznym oddzia\u0142em Ukrai\u0144skiej Powsta\u0144czej Armii (UPA) i oddzia\u0142em paramilitarnym sk\u0142adaj\u0105cym si\u0119 z nacjonalist\u00f3w ukrai\u0144skich, pod dow\u00f3dztwem W\u0142odzimierza Czerniawskiego.<\/p>\r\n<p style=\"padding-left: 30px;\">Huta Pieniacka liczy\u0142a w\u00f3wczas 172 gospodarstwa i oko\u0142o 1000 mieszka\u0144c\u00f3w, we wsi znajdowa\u0142o si\u0119 r\u00f3wnie\u017c spora liczba uciekinier\u00f3w (m.in. z Wo\u0142ynia), kt\u00f3rzy opuszczali miejsca zamieszkania obawiaj\u0105c si\u0119 fali morderstw dokonywanych przez nacjonalist\u00f3w ukrai\u0144skich i wspomagaj\u0105cych ich miejscowych ukrai\u0144skich ch\u0142op\u00f3w. Ocala\u0142o oko\u0142o 160 os\u00f3b.<\/p>\r\n<p class=\"zrodlo\">\u0179r\u00f3d\u0142o: <a href=\"http:\/\/pl.wikipedia.org\/wiki\/Zbrodnia_w_Hucie_Pieniackiej\">Wikipedia<\/a><\/p>\r\n<\/blockquote>\r\n<p class=\"zrodlo\" style=\"padding-left: 30px;\">&nbsp;<\/p>\r\n<p style=\"padding-left: 30px;\">Huta Pieniacka (na podstawie: Stopa J., S\u0142ownik geograficzny by\u0142ego wojew\u00f3dztwa tarnopolskiego, Tom I A-J, W-wa 2007):<\/p>\r\n<ul>\r\n<li> wie\u015b w powiecie brodzkim-po\u0142o\u017cona 18,5 km na wsch. od Bia\u0142ego Kamienia, 18 km na wsch\u00f3d od Z\u0142oczowa<\/li>\r\n<li>le\u017cy nad potokiem Wiatyna (dop\u0142yw Seretu)<\/li>\r\n<li>wg spisu z 30.09.1921 ludno\u015b\u0107 wioski wynosi\u0142a 724 mieszka\u0144c\u00f3w <\/li>\r\n<li> przy  drodze mi\u0119dzy Hut\u0105 Pieniack\u0105 a Majdanem wyst\u0119puj\u0105 niezwyk\u0142ej urody  \u017ar\u00f3d\u0142a tzw.\u201eSine oko\u201di \u201eChowa\u0144ce \u201db\u0119d\u0105ce lejkowatymi zag\u0142\u0119bieniami o  przepa\u015bcistych brzegach zape\u0142nione wod\u0105 w kolorze turkusowym(tzw.  bezdonie)<\/li>\r\n<li> po\u015brodku  wielkiej polany, w miejscu straszliwej rzezi stoi pomnik upami\u0119tniaj\u0105cy  zbrodni\u0119 ods\u0142oni\u0119ty w 2005 r. staraniem ROPWiM i rodzin zamordowanych.<\/li>\r\n<\/ul>\r\n<blockquote>\r\n<p><strong>II Wojna \u015awiatowa (wybrane daty):<\/strong><br \/> <strong>1.09.1939<\/strong> &#8211; Agresja III Rzeszy na Polsk\u0119<br \/> <strong>17.09.1939<\/strong> &#8211; wkroczenie od wschodu Armii Czerwonej<br \/> <strong>22.06.1941<\/strong> &#8211; agresja III Rzeszy na Zwi\u0105zek Radziecki; w miejsce okupacji  radzieckiej w Ma\u0142opolsce wschodniej rozpoczyna si\u0119 okupacja hitlerowska<br \/> <strong>14.10.1942<\/strong> &#8211; umowna data powstania UPA, zbrojnego ramienia OUN<br \/> <strong>28.04.1943<\/strong> &#8211; powstaje dywizja SS Galizien z\u0142o\u017cona z ukrai\u0144skich  ochotnik\u00f3w(oddzia\u0142y tej dywizji bra\u0142y udzia\u0142 w rzezi Huty  Pieniackiej)Plakat werbunkowy do SS Galizien 1943.<br \/> <strong>9.02.1943<\/strong> &#8211; Masakra we wsi Paro\u015ble pierwsza rze\u017a polskiej wsi na Wo\u0142yniu dokonana przez UPA<br \/> <strong>11.07.1943<\/strong> &#8211; Krwawa niedziela; UPA dokona\u0142a skoordynowanej masowej rzezi Polak\u00f3w w 167 miejscowo\u015bciach.<br \/> <strong> <\/strong><strong>28.02.1944<\/strong> &#8211; <strong>Huta pieniacka przesta\u0142a istnie\u0107<\/strong><\/p>\r\n<\/blockquote>\r\n<p>Nad  ranem tego dnia wie\u015b zosta\u0142a ostrzelana z broni maszynowej i  mo\u017adzierzy. Nast\u0119pnie wkroczy\u0142y do niej dowodzone przez niemieckiego  oficera formacje policyjno-wojskowe, w kt\u00f3rych sk\u0142adzie znajdowali si\u0119  Ukrai\u0144cy. Polska samoobrona wiedz\u0105c o planowanej akcji postanowi\u0142a nie  podejmowa\u0107 dzia\u0142a\u0144, pozostawiaj\u0105c we wsi g\u0142\u00f3wnie kobiety, dzieci i  m\u0119\u017cczyzn w podesz\u0142ym wieku. Liczono \u017ce po dokonanej rewizji mieszka\u0144cy  nie b\u0119d\u0105 poddani \u017cadnym represjom. Po wkroczeniu napastnik\u00f3w cz\u0119\u015b\u0107  mieszka\u0144c\u00f3w zosta\u0142a rozstrzelana na cmentarzu, pozosta\u0142ych sp\u0119dzono po  kilkana\u015bcie os\u00f3b do stod\u00f3\u0142 i dom\u00f3w, a tak\u017ce do ko\u015bcio\u0142a, zamykano i  podpalano. Pr\u00f3buj\u0105cych ucieka\u0107 mordowano w bestialski spos\u00f3b. Dobytek  mieszka\u0144c\u00f3w &#8211; byd\u0142o, rzeczy, zbo\u017ce &#8211; zrabowano. Zgin\u0119\u0142o 1200-1500 os\u00f3b,  mieszka\u0144c\u00f3w Huty Pieniackiej ale tak\u017ce uciekinier\u00f3w z pobliskich  wsi.28.02.2009 ho\u0142d zamordowanym Polakom oddali prezydenci Polski i  Ukrainy,Lech Kaczy\u0144ski i Wiktor Juszczenko.<\/p>","protected":false},"excerpt":{"rendered":"Dzi\u015b rozpoczynaj\u0105 sie uroczysto\u015bci ku czci 1000 Polak\u00f3w wymordowanych 28 lutego 1944 r. przez SS Galizien i UPA w Hucie Pieniackiej. Zbrodnia w Hucie Pieniackiej &#8211; dokonana 28 lutego 1944 akcja pacyfikacyjna polskiej ludno\u015bci cywilnej w Hucie Pieniackiej, w wyniku kt\u00f3rej \u015bmier\u0107 ponios\u0142o od 600 do 1500 os\u00f3b. Pacyfikacji dokonali, wed\u0142ug \u015bledztwa IPN, \u017co\u0142nierze 4 [&hellip;]","protected":false},"author":1,"featured_media":0,"comment_status":"closed","ping_status":"closed","sticky":false,"template":"","format":"standard","meta":{"_acf_changed":false,"_monsterinsights_skip_tracking":false,"_monsterinsights_sitenote_active":false,"_monsterinsights_sitenote_note":"","_monsterinsights_sitenote_category":0,"ngg_post_thumbnail":0,"footnotes":"","_wp_rev_ctl_limit":""},"categories":[8],"tags":[102,50,17,59],"acf":[],"_links":{"self":[{"href":"https:\/\/www.bibula.com\/index.php?rest_route=\/wp\/v2\/posts\/33468"}],"collection":[{"href":"https:\/\/www.bibula.com\/index.php?rest_route=\/wp\/v2\/posts"}],"about":[{"href":"https:\/\/www.bibula.com\/index.php?rest_route=\/wp\/v2\/types\/post"}],"author":[{"embeddable":true,"href":"https:\/\/www.bibula.com\/index.php?rest_route=\/wp\/v2\/users\/1"}],"replies":[{"embeddable":true,"href":"https:\/\/www.bibula.com\/index.php?rest_route=%2Fwp%2Fv2%2Fcomments&post=33468"}],"version-history":[{"count":0,"href":"https:\/\/www.bibula.com\/index.php?rest_route=\/wp\/v2\/posts\/33468\/revisions"}],"wp:attachment":[{"href":"https:\/\/www.bibula.com\/index.php?rest_route=%2Fwp%2Fv2%2Fmedia&parent=33468"}],"wp:term":[{"taxonomy":"category","embeddable":true,"href":"https:\/\/www.bibula.com\/index.php?rest_route=%2Fwp%2Fv2%2Fcategories&post=33468"},{"taxonomy":"post_tag","embeddable":true,"href":"https:\/\/www.bibula.com\/index.php?rest_route=%2Fwp%2Fv2%2Ftags&post=33468"}],"curies":[{"name":"wp","href":"https:\/\/api.w.org\/{rel}","templated":true}]}}