{"id":334,"date":"2006-05-05T00:00:00","date_gmt":"2006-05-05T00:00:00","guid":{"rendered":""},"modified":"-0001-11-30T00:00:00","modified_gmt":"-0001-11-30T04:00:00","slug":"","status":"publish","type":"post","link":"https:\/\/www.bibula.com\/?p=334","title":{"rendered":"Koniec z janopaw\u0142ow\u0105 &#8222;Fabryk\u0105 \u015awi\u0119tych&#8221;?"},"content":{"rendered":"<p>W dokumencie watyka\u0144skim opublikowanym 27 kwietnia br.,  Benedykt XVI zapowiada zaostrzenie warunk\u00f3w proces\u00f3w: beatyfikacyjnego i kanonizacyjnego. W przeciwnie\u0144stwie do swego poprzednika Jana Paw\u0142a II, Benedykt XVI podkre\u015bla, \u017ce &#8222;proces beatyfikatycji lub kanonizacji nie mo\u017ce by\u0107 rozpocz\u0119ty przy braku potwierdzonej reputacji \u015bwi\u0119to\u015bci, nawet je\u015bli ma si\u0119 do czynienia z osobami, kt\u00f3re  wyr\u00f3\u017cni\u0142y si\u0119 swoj\u0105 przejrzysto\u015bci\u0105 ewangeliczn\u0105 lub specjalnymi eklezjastycznymi b\u0105d\u017a spo\u0142ecznymi zas\u0142ugami&#8221;.<\/p>\r\n<p>&nbsp;<\/p>\r\n<p>KOMENTARZ <em>BIBU\u0141Y<\/em>: Wygl\u0105da na to, \u017ce nowy papie\u017c zapowiada sprz\u0105tanie po swoim poprzedniku i rozbiera &#8222;Fabryk\u0119 &#346;wi\u0119tych&#8221;: przypomnijmy, \u017ce JPII beatyfikowa\u0142 1340 os\u00f3b, wi\u0119cej ni\u017c wszyscy papie\u017ce od XVI wieku razem wzi\u0119ci. Tylko jak te zapowiedzi nowych norm maj\u0105 si\u0119 do rozpocz\u0119tego w zaledwie 26 dni od \u015bmierci Jana Paw\u0142a II procesu beatyfikacyjno\/kanonizacyjnego? Procesu rozpocz\u0119tego ze z\u0142amaniem wszelkich norm i konwencji, a i prowadzonego w wielu przypadkach w spos\u00f3b kontrowersyjny. A mo\u017ce ten proces to cena, kt\u00f3r\u0105 nale\u017ca\u0142o zap\u0142aci\u0107 za mo\u017cliwo\u015b\u0107 sprz\u0105tni\u0119cia tej &#8222;mcdonaldyzacji&#8221;? \r\n<p>\r\n<p>Czytaj r\u00f3wnie\u017c: <a class=\"content_sz\" href=\"http:\/\/www.bibula.com\/?p=00223\" target=\"_blank\"><em>Santo Subito?<\/em> &#8211; Pytania o rzetelno\u015b\u0107 procesu rogatoryjnego<\/a>\r\n<p>&nbsp;<\/p>\r\n\r\n","protected":false},"excerpt":{"rendered":"W dokumencie watyka\u0144skim opublikowanym 27 kwietnia br., Benedykt XVI zapowiada zaostrzenie warunk\u00f3w proces\u00f3w: beatyfikacyjnego i kanonizacyjnego. W przeciwnie\u0144stwie do swego poprzednika Jana Paw\u0142a II, Benedykt XVI podkre\u015bla, \u017ce &#8222;proces beatyfikatycji lub kanonizacji nie mo\u017ce by\u0107 rozpocz\u0119ty przy braku potwierdzonej reputacji \u015bwi\u0119to\u015bci, nawet je\u015bli ma si\u0119 do czynienia z osobami, kt\u00f3re wyr\u00f3\u017cni\u0142y si\u0119 swoj\u0105 przejrzysto\u015bci\u0105 ewangeliczn\u0105 [&hellip;]","protected":false},"author":1,"featured_media":0,"comment_status":"closed","ping_status":"open","sticky":false,"template":"","format":"standard","meta":{"_acf_changed":false,"_monsterinsights_skip_tracking":false,"_monsterinsights_sitenote_active":false,"_monsterinsights_sitenote_note":"","_monsterinsights_sitenote_category":0,"ngg_post_thumbnail":0,"footnotes":"","_wp_rev_ctl_limit":""},"categories":[3],"tags":[51,33],"acf":[],"_links":{"self":[{"href":"https:\/\/www.bibula.com\/index.php?rest_route=\/wp\/v2\/posts\/334"}],"collection":[{"href":"https:\/\/www.bibula.com\/index.php?rest_route=\/wp\/v2\/posts"}],"about":[{"href":"https:\/\/www.bibula.com\/index.php?rest_route=\/wp\/v2\/types\/post"}],"author":[{"embeddable":true,"href":"https:\/\/www.bibula.com\/index.php?rest_route=\/wp\/v2\/users\/1"}],"replies":[{"embeddable":true,"href":"https:\/\/www.bibula.com\/index.php?rest_route=%2Fwp%2Fv2%2Fcomments&post=334"}],"version-history":[{"count":0,"href":"https:\/\/www.bibula.com\/index.php?rest_route=\/wp\/v2\/posts\/334\/revisions"}],"wp:attachment":[{"href":"https:\/\/www.bibula.com\/index.php?rest_route=%2Fwp%2Fv2%2Fmedia&parent=334"}],"wp:term":[{"taxonomy":"category","embeddable":true,"href":"https:\/\/www.bibula.com\/index.php?rest_route=%2Fwp%2Fv2%2Fcategories&post=334"},{"taxonomy":"post_tag","embeddable":true,"href":"https:\/\/www.bibula.com\/index.php?rest_route=%2Fwp%2Fv2%2Ftags&post=334"}],"curies":[{"name":"wp","href":"https:\/\/api.w.org\/{rel}","templated":true}]}}