{"id":33388,"date":"2011-02-25T12:53:15","date_gmt":"2011-02-25T17:53:15","guid":{"rendered":"http:\/\/www.bibula.com\/?p=33388"},"modified":"2011-02-25T12:53:15","modified_gmt":"2011-02-25T17:53:15","slug":"po-rewolucji-w-swiecie-arabskim-fala-imigrantow-zaleje-europe","status":"publish","type":"post","link":"https:\/\/www.bibula.com\/?p=33388","title":{"rendered":"Po rewolucji w \u015bwiecie arabskim fala imigrant\u00f3w zaleje Europ\u0119"},"content":{"rendered":"<p><strong>Pierwsze konsekwencje antyrz\u0105dowych zamieszek w \u015bwiecie arabskim &#8211;  kolejna fala imigracji do Europy. Jak prognozuje Komisja Europejska,  nasz kontynent b\u0119dzie dalej sfer\u0105 eksperymentu multi-kulturalizmu.  Proces ten przybierze na sile w zwi\u0105zku z gwa\u0142townymi przemianami  spo\u0142ecznymi w Afryce P\u00f3\u0142nocnej. <\/strong><\/p>\r\n<p>Na sam\u0105 w\u0142osk\u0105 wysp\u0119 Lampedusa, w zesz\u0142ym tygodniu przyby\u0142o oko\u0142o 5  tysi\u0119cy Tunezyjczyk\u00f3w. Liczby emigruj\u0105cych do Europy mog\u0105 by\u0107  zwielokrotnione, wzi\u0105wszy pod uwag\u0119 zapowiedzi Kadafiego. Jako reakcje  na ingerencj\u0119 w wewn\u0119trzn\u0105 sytuacj\u0119 Libii ze strony Angeli Merkel,  zapowiedzia\u0142 on zerwanie wszelkiej wsp\u00f3\u0142pracy w dziedzinie walki z  nielegaln\u0105 imigracj\u0105. Jednocze\u015bnie sytuacja w Libii jest najbardziej  dramatyczna, tote\u017c znaczna cz\u0119\u015b\u0107 mieszka\u0144c\u00f3w marzy o wyje\u017adzie z  ogarni\u0119tego rewolucyjn\u0105 po\u017cog\u0105 kraju (same walki w prowincji Bengazi  poch\u0142on\u0119\u0142y 60 \u015bmiertelnych ofiar).<\/p>\r\n<p>Rozwi\u0105zaniem ma by\u0107 wzmo\u017cona wsp\u00f3\u0142praca w ramach Europejskiej Agencji  Zarz\u0105dzania Wsp\u00f3\u0142prac\u0105 Operacyjn\u0105 na Zewn\u0119trznych Granicach Pa\u0144stw  Cz\u0142onkowskich (FRONTEX). Apeluje o to w\u0119gierska prezydencja, a do  udzia\u0142u w misji zg\u0142osi\u0142o si\u0119 ju\u017c 10 kraj\u00f3w. G\u0142osy w\u015br\u00f3d pa\u0144stw  cz\u0142onkowskich s\u0105 podzielone r\u00f3wnie\u017c co do tego jaki status nada\u0107  imigrantom ze \u015bwiata arabskiego &#8211; jako uchod\u017ac\u00f3w z prawem do azylu czy  te\u017c jako nielegalnych imigrant\u00f3w.<\/p>\r\n<p>Smaczku dodaje sprawie stwierdzenie lidera Zielonych Daniela  Cohn-Benedicta, kt\u00f3ry to na forum Parlamentu Europejskiego odni\u00f3s\u0142 si\u0119  do unijnej polityki imigracyjnej s\u0142owami &#8222;Wraz z upadkiem dyktatur  upad\u0142a i ta polityka&#8221;. Niezale\u017cnie od kontekstu w jakim osadzi\u0142 te s\u0142owa  nie spos\u00f3b nie przyzna\u0107 mu racji.<\/p>","protected":false},"excerpt":{"rendered":"Pierwsze konsekwencje antyrz\u0105dowych zamieszek w \u015bwiecie arabskim &#8211; kolejna fala imigracji do Europy. Jak prognozuje Komisja Europejska, nasz kontynent b\u0119dzie dalej sfer\u0105 eksperymentu multi-kulturalizmu. Proces ten przybierze na sile w zwi\u0105zku z gwa\u0142townymi przemianami spo\u0142ecznymi w Afryce P\u00f3\u0142nocnej. Na sam\u0105 w\u0142osk\u0105 wysp\u0119 Lampedusa, w zesz\u0142ym tygodniu przyby\u0142o oko\u0142o 5 tysi\u0119cy Tunezyjczyk\u00f3w. Liczby emigruj\u0105cych do Europy [&hellip;]","protected":false},"author":1,"featured_media":0,"comment_status":"closed","ping_status":"closed","sticky":false,"template":"","format":"standard","meta":{"_acf_changed":false,"_monsterinsights_skip_tracking":false,"ngg_post_thumbnail":0,"footnotes":"","_wp_rev_ctl_limit":""},"categories":[6],"tags":[165,23,76],"acf":[],"_links":{"self":[{"href":"https:\/\/www.bibula.com\/index.php?rest_route=\/wp\/v2\/posts\/33388"}],"collection":[{"href":"https:\/\/www.bibula.com\/index.php?rest_route=\/wp\/v2\/posts"}],"about":[{"href":"https:\/\/www.bibula.com\/index.php?rest_route=\/wp\/v2\/types\/post"}],"author":[{"embeddable":true,"href":"https:\/\/www.bibula.com\/index.php?rest_route=\/wp\/v2\/users\/1"}],"replies":[{"embeddable":true,"href":"https:\/\/www.bibula.com\/index.php?rest_route=%2Fwp%2Fv2%2Fcomments&post=33388"}],"version-history":[{"count":0,"href":"https:\/\/www.bibula.com\/index.php?rest_route=\/wp\/v2\/posts\/33388\/revisions"}],"wp:attachment":[{"href":"https:\/\/www.bibula.com\/index.php?rest_route=%2Fwp%2Fv2%2Fmedia&parent=33388"}],"wp:term":[{"taxonomy":"category","embeddable":true,"href":"https:\/\/www.bibula.com\/index.php?rest_route=%2Fwp%2Fv2%2Fcategories&post=33388"},{"taxonomy":"post_tag","embeddable":true,"href":"https:\/\/www.bibula.com\/index.php?rest_route=%2Fwp%2Fv2%2Ftags&post=33388"}],"curies":[{"name":"wp","href":"https:\/\/api.w.org\/{rel}","templated":true}]}}