{"id":33384,"date":"2011-02-25T12:51:01","date_gmt":"2011-02-25T17:51:01","guid":{"rendered":"http:\/\/www.bibula.com\/?p=33384"},"modified":"2011-02-25T12:51:01","modified_gmt":"2011-02-25T17:51:01","slug":"niepokalanow-zakonczyl-sie-zjazd-egzorcystow","status":"publish","type":"post","link":"https:\/\/www.bibula.com\/?p=33384","title":{"rendered":"Niepokalan\u00f3w: Zako\u0144czy\u0142 si\u0119 zjazd egzorcyst\u00f3w"},"content":{"rendered":"<p><strong>W Niepokalanowie zako\u0144czy\u0142 si\u0119 24. Og\u00f3lnopolski  Zjazd Egzorcyst\u00f3w. Uczestniczy\u0142o w nim oko\u0142o 90-ciu duchownych. Podczas  trzydniowego spotkania egzorcy\u015bci brali udzia\u0142 we wsp\u00f3lnej modlitwie i  wymieniali si\u0119 do\u015bwiadczeniami zwi\u0105zanymi ze swoj\u0105 pos\u0142ug\u0105.<\/strong><\/p>\r\n<p>Jak powiedzia\u0142 portalowi Fronda.pl o. Marek W\u00f3dka, dyrektor  programowy Radia Niepokalan\u00f3w, spotkanie by\u0142o tak\u017ce okazj\u0105 do  pog\u0142\u0119bienia \u017cycia wewn\u0119trznego egzorcyst\u00f3w. Zakonnik wyja\u015bnia, \u017ce od  ka\u017cdego egzorcysty oczekuje si\u0119 nienagannego \u017cycia duchowego, poniewa\u017c  &#8222;podejmuje si\u0119 on jawnej, otwartej walki ze z\u0142ym duchem&#8221;. &#8211; Jako szafarz  tej \u0142aski jest jednocze\u015bnie najbardziej nara\u017cony na to, \u017ce z\u0142y duch  mo\u017ce uderzy\u0107 w jego s\u0142abo\u015b\u0107 ludzk\u0105. Dlatego, egzorcysta musi by\u0107 wi\u0119c  bardzo silny duchowo &#8211; m\u00f3wi franciszkanin z Niepokalanowa.<\/p>\r\n<p>W\u015br\u00f3d uczestnik\u00f3w Zjazdu, by\u0142 ks. Aleksander Posacki. Pytany o  przyczyn\u0119 z\u0142a, jezuita powiedzia\u0142, \u017ce z jednej strony wi\u0105\u017ce si\u0119 ono z  odchodzeniem ludzi od wiary i modlitwy, a z drugiej mamy do czynienia z  przemo\u017cnym wp\u0142ywem subkultury, medi\u00f3w, Internetu. &#8222;Proponuj\u0105c takie  warto\u015bci jak konsumpcjonizm czy hedonizm narz\u0119dzia te w \u0142atwy spos\u00f3b  wci\u0105gaj\u0105 cz\u0142owieka w \u015bwiat grzechu&#8221; &#8211; przyzna\u0142 znawca demonologii. Ks.  Posacki podkre\u015bli\u0142, \u017ce istot\u0105 grzechu i r\u00f3wnie\u017c satanizmu jest egoizm.  &#8222;Ma on r\u00f3\u017cne nazwy, r\u00f3\u017cne formy. Zach\u0119canie cz\u0142owieka do egoistycznej  formy \u017cycia, kt\u00f3ra jest dla niego niebezpieczna w sensie duchowym, ma  cz\u0119sto r\u00f3\u017cne niewinne nazwy. Mo\u017ce by\u0107 nazywane psychologi\u0105, jak\u0105\u015b  terapi\u0105 czy mod\u0105&#8221; &#8211; przestrzega egzorcysta. \u201eMy musimy podkre\u015bla\u0107 te  zasady duchowo\u015bci, przekazywanych od czas\u00f3w Ewangelii, kiedy Jezus m\u00f3wi\u0142  nam o drodze \u017cycia i drodze \u015bmierci&#8221; &#8211; podsumowa\u0142 pos\u0142ug\u0119 uczestnik\u00f3w  Zjazdu ks. Posacki.<\/p>\r\n<p>Specjalista w zakresie  teologii duchowo\u015bci przyzna\u0142, \u017ce nie ma w\u0105tpliwo\u015bci, i\u017c to w\u0142a\u015bnie  egoizm jest \u015bmierci\u0105 dla cz\u0142owieka. Ostrzeg\u0142 jednocze\u015bnie, \u017ce z\u0142o w  bardzo sprytny spos\u00f3b dzia\u0142a na cz\u0142owieka. &#8222;Je\u017celi cz\u0142owiek b\u0119dzie  kultywowa\u0142 egoizm i na boku zostawi Pana Boga, ale tak\u017ce nie b\u0119dzie  my\u015bla\u0142 o innych ludziach, nie b\u0119dzie szuka\u0142 mi\u0142o\u015bci, dobra, wierno\u015bci &#8211;  to jest niebezpieczne dla niego. Z\u0142o si\u0119 kryje cz\u0119sto pod bardzo r\u00f3\u017cnymi  has\u0142ami, np. wyzwolenia, wolno\u015bci, terapii, samorealizacji,  psychologii. W tym antropocentrycznym j\u0119zyku unika si\u0119 cz\u0119sto poj\u0119cia  z\u0142a, brutalizmu, ale nale\u017cy pami\u0119ta\u0107 \u017ce z\u0142em jest egoizm i nastawienie  na siebie.&#8221; &#8211; stwierdzi\u0142 kap\u0142an.<\/p>\r\n<p>Demonolog podkre\u015bli\u0142, \u017ce aby przeciwdzia\u0142a\u0107 z\u0142u kryj\u0105cemu si\u0119 pod  postaci\u0105 egoizmu, nale\u017cy ludzi zach\u0119ca\u0107 nie tylko do dobra i mi\u0142o\u015bci,  ale te\u017c pracy nad sob\u0105. &#8222;Trzeba praktykowa\u0107 etyk\u0119 i ascetyk\u0119. Magia,  kt\u00f3ra si\u0119 pojawia w temacie unika tych warto\u015bci, a cz\u0142owiek jest  zach\u0119cany do ho\u0142dowania swoim nami\u0119tno\u015bciom, swojej pysze, dumie i  egocentrycznym celom. Musimy wr\u00f3ci\u0107 do cz\u0142owiecze\u0144stwa, a te jest tylko w  Chrystusie w pe\u0142ni rozwini\u0119te i w pe\u0142ni dojrza\u0142e.&#8221; &#8211; doda\u0142.<\/p>\r\n<p>Nast\u0119pny Og\u00f3lnopolski Zjazd Egzorcyst\u00f3w planowany jest jesieni\u0105 bie\u017c\u0105cego roku.<\/p>\r\n<p>AM\/Radio Niepokalan\u00f3w<\/p>","protected":false},"excerpt":{"rendered":"W Niepokalanowie zako\u0144czy\u0142 si\u0119 24. Og\u00f3lnopolski Zjazd Egzorcyst\u00f3w. Uczestniczy\u0142o w nim oko\u0142o 90-ciu duchownych. Podczas trzydniowego spotkania egzorcy\u015bci brali udzia\u0142 we wsp\u00f3lnej modlitwie i wymieniali si\u0119 do\u015bwiadczeniami zwi\u0105zanymi ze swoj\u0105 pos\u0142ug\u0105. Jak powiedzia\u0142 portalowi Fronda.pl o. Marek W\u00f3dka, dyrektor programowy Radia Niepokalan\u00f3w, spotkanie by\u0142o tak\u017ce okazj\u0105 do pog\u0142\u0119bienia \u017cycia wewn\u0119trznego egzorcyst\u00f3w. Zakonnik wyja\u015bnia, \u017ce od [&hellip;]","protected":false},"author":1,"featured_media":0,"comment_status":"closed","ping_status":"closed","sticky":false,"template":"","format":"standard","meta":{"_acf_changed":false,"_monsterinsights_skip_tracking":false,"_monsterinsights_sitenote_active":false,"_monsterinsights_sitenote_note":"","_monsterinsights_sitenote_category":0,"ngg_post_thumbnail":0,"footnotes":"","_wp_rev_ctl_limit":""},"categories":[5],"tags":[],"acf":[],"_links":{"self":[{"href":"https:\/\/www.bibula.com\/index.php?rest_route=\/wp\/v2\/posts\/33384"}],"collection":[{"href":"https:\/\/www.bibula.com\/index.php?rest_route=\/wp\/v2\/posts"}],"about":[{"href":"https:\/\/www.bibula.com\/index.php?rest_route=\/wp\/v2\/types\/post"}],"author":[{"embeddable":true,"href":"https:\/\/www.bibula.com\/index.php?rest_route=\/wp\/v2\/users\/1"}],"replies":[{"embeddable":true,"href":"https:\/\/www.bibula.com\/index.php?rest_route=%2Fwp%2Fv2%2Fcomments&post=33384"}],"version-history":[{"count":0,"href":"https:\/\/www.bibula.com\/index.php?rest_route=\/wp\/v2\/posts\/33384\/revisions"}],"wp:attachment":[{"href":"https:\/\/www.bibula.com\/index.php?rest_route=%2Fwp%2Fv2%2Fmedia&parent=33384"}],"wp:term":[{"taxonomy":"category","embeddable":true,"href":"https:\/\/www.bibula.com\/index.php?rest_route=%2Fwp%2Fv2%2Fcategories&post=33384"},{"taxonomy":"post_tag","embeddable":true,"href":"https:\/\/www.bibula.com\/index.php?rest_route=%2Fwp%2Fv2%2Ftags&post=33384"}],"curies":[{"name":"wp","href":"https:\/\/api.w.org\/{rel}","templated":true}]}}