{"id":33339,"date":"2011-02-25T00:03:12","date_gmt":"2011-02-25T05:03:12","guid":{"rendered":"http:\/\/www.bibula.com\/?p=33339"},"modified":"2011-02-25T00:03:12","modified_gmt":"2011-02-25T05:03:12","slug":"oskarzony-ubek","status":"publish","type":"post","link":"https:\/\/www.bibula.com\/?p=33339","title":{"rendered":"Oskar\u017cony ubek"},"content":{"rendered":"<strong>S\u0105d Rejonowy w \u0141a\u0144cucie zbada spraw\u0119 by\u0142ego funkcjonariusza  Powiatowego Urz\u0119du Bezpiecze\u0144stwa Publicznego w \u0141a\u0144cucie J\u00f3zefa G.,  kt\u00f3remu prokurator Oddzia\u0142owej Komisji \u015acigania Zbrodni przeciwko  Narodowi Polskiemu IPN w Rzeszowie zarzuci\u0142 pope\u0142nienie zbrodni  komunistycznej b\u0119d\u0105cej jednocze\u015bnie zbrodni\u0105 przeciwko ludzko\u015bci.<\/strong>\r\n\r\nOskar\u017conemu  zarzuca si\u0119 pope\u0142nienie wokresie od 29 stycznia 1951 r. do 19 kwietnia  1951r. w \u0141a\u0144cucie zbrodni komunistycznej b\u0119d\u0105cej jednocze\u015bnie zbrodni\u0105  przeciwko ludzko\u015bci. Jak wynika z ustale\u0144 prokuratury IPN, J\u00f3zef G.  zn\u0119ca\u0142 si\u0119 fizycznie i psychicznie nad Eugeniuszem C., przetrzymywanym  bezprawnie w areszcie PUBP w\u0141a\u0144cucie, zmuszaj\u0105c go do przyznania si\u0119 do  przynale\u017cno\u015bci do M\u0142odzie\u017cowej Organizacji Niepodleg\u0142o\u015bciowej &#8222;Orl\u0119ta&#8221;.  Jak powiedzia\u0142 nam prok. Grzegorz Malisiewicz, naczelnik OK\u015aZpNP IPN w  Rzeszowie, dzia\u0142ania J\u00f3zefa G. i innych funkcjonariuszy wobec Eugeniusza  C. polega\u0142y na wielogodzinnych przes\u0142uchaniach cz\u0119sto o r\u00f3\u017cnych porach  dnia i nocy. &#8211; Zmusza\u0142 osadzonego do stania w kurtce przy rozpalonym  piecu, z g\u0142ow\u0105 przy\u0142o\u017con\u0105 do rozgrzanych kafli przez co najmniej dwie  godziny, a inni funkcjonariusze wyzywali pokrzywdzonego oraz zniewa\u017cali  go wulgarnymi i obra\u017aliwymi s\u0142owami, grozili zab\u00f3jstwem m.in. przy  u\u017cyciu pistoletu, przyk\u0142adaj\u0105c go do piersi. Wielokrotnie uderzali te\u017c  pi\u0119\u015bciami i pistoletem po ca\u0142ym ciele, szarpali go za w\u0142osy, uderzali  jego g\u0142ow\u0105 o \u015bcian\u0119 i umieszczali go w karcerze &#8211; zaznaczy\u0142 prokurator  Malisiewicz. Brutalny w swym dzia\u0142aniu ubek J\u00f3zef G., przes\u0142uchany w  charakterze podejrzanego, nie przyzna\u0142 si\u0119 do zarzucanych mu czyn\u00f3w.  Z\u0142o\u017cy\u0142 wyja\u015bnienia, kt\u00f3re w ocenie prokuratury nie s\u0105 wiarygodne.\r\n\r\n<strong>MaK<\/strong>","protected":false},"excerpt":{"rendered":"S\u0105d Rejonowy w \u0141a\u0144cucie zbada spraw\u0119 by\u0142ego funkcjonariusza Powiatowego Urz\u0119du Bezpiecze\u0144stwa Publicznego w \u0141a\u0144cucie J\u00f3zefa G., kt\u00f3remu prokurator Oddzia\u0142owej Komisji \u015acigania Zbrodni przeciwko Narodowi Polskiemu IPN w Rzeszowie zarzuci\u0142 pope\u0142nienie zbrodni komunistycznej b\u0119d\u0105cej jednocze\u015bnie zbrodni\u0105 przeciwko ludzko\u015bci. Oskar\u017conemu zarzuca si\u0119 pope\u0142nienie wokresie od 29 stycznia 1951 r. do 19 kwietnia 1951r. w \u0141a\u0144cucie zbrodni komunistycznej [&hellip;]","protected":false},"author":1,"featured_media":0,"comment_status":"closed","ping_status":"closed","sticky":false,"template":"","format":"standard","meta":{"_acf_changed":false,"_monsterinsights_skip_tracking":false,"_monsterinsights_sitenote_active":false,"_monsterinsights_sitenote_note":"","_monsterinsights_sitenote_category":0,"ngg_post_thumbnail":0,"footnotes":"","_wp_rev_ctl_limit":""},"categories":[8],"tags":[36],"acf":[],"_links":{"self":[{"href":"https:\/\/www.bibula.com\/index.php?rest_route=\/wp\/v2\/posts\/33339"}],"collection":[{"href":"https:\/\/www.bibula.com\/index.php?rest_route=\/wp\/v2\/posts"}],"about":[{"href":"https:\/\/www.bibula.com\/index.php?rest_route=\/wp\/v2\/types\/post"}],"author":[{"embeddable":true,"href":"https:\/\/www.bibula.com\/index.php?rest_route=\/wp\/v2\/users\/1"}],"replies":[{"embeddable":true,"href":"https:\/\/www.bibula.com\/index.php?rest_route=%2Fwp%2Fv2%2Fcomments&post=33339"}],"version-history":[{"count":0,"href":"https:\/\/www.bibula.com\/index.php?rest_route=\/wp\/v2\/posts\/33339\/revisions"}],"wp:attachment":[{"href":"https:\/\/www.bibula.com\/index.php?rest_route=%2Fwp%2Fv2%2Fmedia&parent=33339"}],"wp:term":[{"taxonomy":"category","embeddable":true,"href":"https:\/\/www.bibula.com\/index.php?rest_route=%2Fwp%2Fv2%2Fcategories&post=33339"},{"taxonomy":"post_tag","embeddable":true,"href":"https:\/\/www.bibula.com\/index.php?rest_route=%2Fwp%2Fv2%2Ftags&post=33339"}],"curies":[{"name":"wp","href":"https:\/\/api.w.org\/{rel}","templated":true}]}}