{"id":33246,"date":"2011-02-23T21:32:45","date_gmt":"2011-02-24T02:32:45","guid":{"rendered":"http:\/\/www.bibula.com\/?p=33246"},"modified":"2011-02-23T21:32:56","modified_gmt":"2011-02-24T02:32:56","slug":"mon-uwaza-ze-komandosi-z-nkwd-to-dziedzictwo-wojska-polskiego","status":"publish","type":"post","link":"https:\/\/www.bibula.com\/?p=33246","title":{"rendered":"MON uwa\u017ca, \u017ce komandosi z NKWD to&#8230; dziedzictwo Wojska Polskiego"},"content":{"rendered":"<p><strong><em>Czy dow\u00f3dca Wojsk Specjalnych gen. Piotr Patalong wie, \u017ce jednostka podleg\u0142a MON &#8222;dorobi\u0142a&#8221; formacji protoplast\u0119 w postaci sowieckiego batalionu komandos\u00f3w szkolonych i dowodzonych przez NKWD?<\/em><\/strong><\/p>\r\n\r\n<p><strong>Polski Samodzielny Batalion Specjalny &#8211; sowiecka formacja  wyspecjalizowana w akcjach dywersyjnych przeciwko polskiemu podziemiu  niepodleg\u0142o\u015bciowemu w latach II wojny \u015bwiatowej, to dla Muzeum Wojska  Polskiego dziedzictwo polskich wojsk specjalnych. Zwiedzaj\u0105cy wystaw\u0119  &#8222;Zanim uderzy\u0142 GROM &#8211; historia jednostek specjalnych i wojsk  powietrzno-desantowych WP&#8221; prze\u017cywaj\u0105 prawdziwy szok, widz\u0105c gabloty  po\u015bwi\u0119cone formacji wchodz\u0105cej w sk\u0142ad Armii Czerwonej z  rosyjskoj\u0119zycznymi dokumentami. Przewodnicy szkolnych wycieczek omijaj\u0105  je szerokim \u0142ukiem. Komu\u015b najwyra\u017aniej zabrak\u0142o wyobra\u017ani.<\/strong><\/p>\r\n\r\n<p>Muzeum  Wojska Polskiego w Warszawie jest plac\u00f3wk\u0105 podleg\u0142\u0105 Bogdanowi Klichowi,  ministrowi obrony narodowej. Na zaprezentowanej wystawie o dziejach  polskich wojsk specjalnych znajduje si\u0119 gablota po\u015bwi\u0119cona Polskiemu  Samodzielnemu Batalionowi Specjalnemu. Brak jednak tam jakiejkolwiek  informacji o tym, \u017ce funkcj\u0105 tej formacji szkolonej przez oficer\u00f3w NKWD  by\u0142o realizowanie przez Zwi\u0105zek Sowiecki zaplanowanego zniewolenia  Polski i eliminowanie oddzia\u0142\u00f3w polskiego podziemia. Mo\u017cna jedynie  przeczyta\u0107 m.in., \u017ce przez PSBS &#8222;przewin\u0119\u0142o si\u0119&#8221; oko\u0142o 2000 tys. ludzi.  Wyeksponowani s\u0105 poszczeg\u00f3lni dow\u00f3dcy PSBS oraz osoby maj\u0105ce wp\u0142yw na  jej powstanie: p\u0142k Sergiusz Prytycki &#8211; &#8222;przedwojenny bardzo aktywny  dzia\u0142acz komunistyczny Zwi\u0105zku M\u0142odzie\u017cy Polskiej&#8221;, mjr Henryk Toru\u0144czyk  &#8222;skierowany przez parti\u0119 komunistyczn\u0105 do walki w Hiszpanii&#8221;, we  wrze\u015bniu 1944 r. zosta\u0142 dow\u00f3dc\u0105 brygady urz\u0119du bezpiecze\u0144stwa&#8221;. Nieco  wi\u0119cej o istocie zsowietyzowanej formacji mo\u017cna dowiedzie\u0107 si\u0119 dopiero z  podpisu pod fotografi\u0105 prezentuj\u0105c\u0105 jeden z oddzia\u0142\u00f3w PSBS &#8222;Brygad\u0119  Grunwald&#8221;. &#8222;Szkolenie w Batalionie Specjalnym odbywa\u0142o si\u0119 w dw\u00f3ch  turnusach po 3 miesi\u0105ce ka\u017cdy. Skok\u00f3w i strzela\u0144 by\u0142o ma\u0142o,  indoktrynacji politycznej du\u017co, po oko\u0142o 7-8 pogadanek w miesi\u0105cu&#8221; &#8211;  czytamy. Na szcz\u0119\u015bcie przewodnicy oprowadzaj\u0105cy wycieczki szkolne sami  ratuj\u0105 sytuacj\u0119. Jedna z grup m\u0142odzie\u017cy wys\u0142ucha\u0142a obszernych informacji  o oddzia\u0142ach szturmowych Armii Krajowej, m.in. o s\u0142ynnym zamachu na  Franza Kutscher\u0119, szefa SS na dystrykt warszawski, 1 lutego 1944 roku.  Przewodnik, zauwa\u017caj\u0105c, \u017ce kolejna gablota jest po\u015bwi\u0119cona PSBS,  skwitowa\u0142 kr\u00f3tko: &#8222;A tutaj mamy to, co si\u0119 dzia\u0142o na froncie wschodnim&#8221;,  i po zdawkowym opisie sowieckiego uzbrojenia poprosi\u0142 uczni\u00f3w do  dalszych cz\u0119\u015bci ekspozycji.<\/p>\r\n\r\n<p>Gdy wchodzi si\u0119 do muzeum, by obejrze\u0107  wystawy czasowe, zaskakuj\u0105ce mo\u017ce si\u0119 r\u00f3wnie\u017c wydawa\u0107, \u017ce pierwsza z  ekspozycji po\u015bwi\u0119cona jest historii Biura Ochrony Rz\u0105du. Jak ustali\u0142  &#8222;Nasz Dziennik&#8221;, to oddzielna prezentacja, niemaj\u0105ca nic wsp\u00f3lnego z  NKWD-owskimi tre\u015bciami obecnymi na wystawie o wojskach specjalnych.  Informuje o tym mjr Dariusz Aleksandrowicz, rzecznik BOR. &#8211; W Muzeum  Wojska Polskiego jest wystawa po\u015bwi\u0119cona oficerom BOR, ale nie ma ona  nic wsp\u00f3lnego z wystaw\u0105 o wojskach specjalnych &#8211; wyja\u015bnia  Aleksandrowicz. Potwierdza to Muzeum Wojska Polskiego. Jak nas  poinformowano w plac\u00f3wce, nie nale\u017cy w \u017caden spos\u00f3b \u0142\u0105czy\u0107 tych dw\u00f3ch  wystaw, kt\u00f3re &#8222;s\u0105 realizowane w ramach oddzielnych projekt\u00f3w i maj\u0105  r\u00f3\u017cnych sponsor\u00f3w&#8221;.<br \/>\r\n Podpu\u0142kownik Ryszard Jankowski, rzecznik Wojsk  Specjalnych, nie chce komentowa\u0107 wystawy, kt\u00f3rej nie widzia\u0142. &#8211;  Wybiera\u0142em si\u0119 na ni\u0105, ale niestety, choroba pokrzy\u017cowa\u0142a moje plany &#8211;  informuje pp\u0142k Jankowski. Zapewnia, \u017ce skontaktuje si\u0119 z jednostk\u0105 GROM,  kt\u00f3ra uczestniczy\u0142a w organizowaniu wystawy, i udzieli &#8222;Naszemu  Dziennikowi&#8221; odpowiedzi. Janusz Sejmej, rzecznik MON, obiecuje natomiast  ustosunkowa\u0107 si\u0119 do kwestii dotycz\u0105cej obecno\u015bci gabloty prezentuj\u0105cej  PSBS na wystawie w MWP, ale po wys\u0142aniu pyta\u0144 e-mailem.<br \/>\r\n Micha\u0142 Olton,  komisarz i scenarzysta wystawy, przyznaje, \u017ce ma \u015bwiadomo\u015b\u0107 niechlubnej  roli PSBS. &#8211; Ale musia\u0142em to pokaza\u0107. Musimy podawa\u0107 wszystko. I te  z\u0142e, i dobre strony &#8211; t\u0142umaczy. Na pytanie, czy nie powinno si\u0119 zatem  uwzgl\u0119dni\u0107 negatywnej roli tej jednostki, odpowiada, \u017ce ta informacja  znajduje si\u0119 w albumie do wystawy, kt\u00f3ry mo\u017cna kupi\u0107. &#8211; Jest tam  napisane, \u017ce wi\u0119kszo\u015b\u0107 cz\u0142onk\u00f3w tego batalionu s\u0142u\u017cy\u0142a p\u00f3\u017aniej w  Korpusie Bezpiecze\u0144stwa Wewn\u0119trznego i zwalcza\u0142a podziemie  niepodleg\u0142o\u015bciowe &#8211; informuje. Komisarz wystawy dodaje jednak, \u017ce na  samej wystawie tych informacji nie ma, bo &#8222;s\u0105 tam same suche fakty&#8221;.<\/p>\r\n\r\n<p>Zszokowani  sposobem prezentowania PSBS i t\u0142umaczeniami komisarza s\u0105 historycy. &#8211;  Gdyby kto\u015b pisa\u0142 o J\u00f3zefie Stalinie i ograniczy\u0142 si\u0119 do tego, \u017ce by\u0142 on  kandydatem to seminarium duchownego i zmar\u0142 w 1953 r., to nie jest to  sucha faktografia &#8211; zwracaj\u0105 uwag\u0119. Profesor Mieczys\u0142aw Ryba, historyk z  KUL, zauwa\u017ca, \u017ce trudno w og\u00f3le traktowa\u0107 PSBS jako polsk\u0105 formacj\u0119. &#8211;  Pami\u0119tajmy o tym, \u017ce mylnie w historiografii, nawet wsp\u00f3\u0142czesnej,  okre\u015bla si\u0119 mianem wojny domowej to, co si\u0119 dzia\u0142o od 1944 r. czy 1945  r. na ziemiach polskich. Czyli jakby chodzi\u0142o o jakie\u015b walki Polak\u00f3w z  Polakami. Tymczasem, kiedy przyjrzymy si\u0119, kim owi jakoby Polacy  walcz\u0105cy po sowieckiej stronie byli, to oka\u017ce si\u0119, \u017ce \u015bwiadomie lub nie  s\u0142u\u017cyli obcemu pa\u0144stwu i ideologii &#8211; podkre\u015bla prof. Ryba. <br \/>\r\n Na  sowieck\u0105 genez\u0119 batalionu zwraca uwag\u0119 dr Filip Musia\u0142 z Oddzia\u0142owego  Biura Edukacji Publicznej Instytutu Pami\u0119ci Narodowej w Krakowie. &#8211; PSBS  by\u0142 jedn\u0105 z tych struktur, kt\u00f3re sta\u0142y si\u0119 p\u00f3\u017aniej zal\u0105\u017ckiem  wojskowego, komunistycznego aparatu represji. Konkretnie na bazie tego  w\u0142a\u015bnie batalionu stworzono wojska bezpiecze\u0144stwa wewn\u0119trznego, nazywane  te\u017c Korpusem Bezpiecze\u0144stwa Wewn\u0119trznego. By\u0142y to jednostki wojskowe  przeznaczone do pacyfikacji podziemia niepodleg\u0142o\u015bciowego stworzone na  wz\u00f3r wojsk sowieckiego NKWD &#8211; konkluduje dr Musia\u0142. Dlatego pokazywanie  tej formacji jako jednostki &#8211; protoplasty polskich si\u0142 specjalnych &#8211;  jest nieuzasadnione.<br \/>\r\n <em><br \/>\r\n <strong>Jacek Dytkowski<\/strong><\/em><\/p>","protected":false},"excerpt":{"rendered":"Czy dow\u00f3dca Wojsk Specjalnych gen. Piotr Patalong wie, \u017ce jednostka podleg\u0142a MON &#8222;dorobi\u0142a&#8221; formacji protoplast\u0119 w postaci sowieckiego batalionu komandos\u00f3w szkolonych i dowodzonych przez NKWD? Polski Samodzielny Batalion Specjalny &#8211; sowiecka formacja wyspecjalizowana w akcjach dywersyjnych przeciwko polskiemu podziemiu niepodleg\u0142o\u015bciowemu w latach II wojny \u015bwiatowej, to dla Muzeum Wojska Polskiego dziedzictwo polskich wojsk specjalnych. Zwiedzaj\u0105cy [&hellip;]","protected":false},"author":1,"featured_media":0,"comment_status":"closed","ping_status":"closed","sticky":false,"template":"","format":"standard","meta":{"_acf_changed":false,"_monsterinsights_skip_tracking":false,"_monsterinsights_sitenote_active":false,"_monsterinsights_sitenote_note":"","_monsterinsights_sitenote_category":0,"ngg_post_thumbnail":0,"footnotes":"","_wp_rev_ctl_limit":""},"categories":[8],"tags":[66,98,81],"acf":[],"_links":{"self":[{"href":"https:\/\/www.bibula.com\/index.php?rest_route=\/wp\/v2\/posts\/33246"}],"collection":[{"href":"https:\/\/www.bibula.com\/index.php?rest_route=\/wp\/v2\/posts"}],"about":[{"href":"https:\/\/www.bibula.com\/index.php?rest_route=\/wp\/v2\/types\/post"}],"author":[{"embeddable":true,"href":"https:\/\/www.bibula.com\/index.php?rest_route=\/wp\/v2\/users\/1"}],"replies":[{"embeddable":true,"href":"https:\/\/www.bibula.com\/index.php?rest_route=%2Fwp%2Fv2%2Fcomments&post=33246"}],"version-history":[{"count":0,"href":"https:\/\/www.bibula.com\/index.php?rest_route=\/wp\/v2\/posts\/33246\/revisions"}],"wp:attachment":[{"href":"https:\/\/www.bibula.com\/index.php?rest_route=%2Fwp%2Fv2%2Fmedia&parent=33246"}],"wp:term":[{"taxonomy":"category","embeddable":true,"href":"https:\/\/www.bibula.com\/index.php?rest_route=%2Fwp%2Fv2%2Fcategories&post=33246"},{"taxonomy":"post_tag","embeddable":true,"href":"https:\/\/www.bibula.com\/index.php?rest_route=%2Fwp%2Fv2%2Ftags&post=33246"}],"curies":[{"name":"wp","href":"https:\/\/api.w.org\/{rel}","templated":true}]}}