{"id":33195,"date":"2011-02-23T19:32:53","date_gmt":"2011-02-24T00:32:53","guid":{"rendered":"http:\/\/www.bibula.com\/?p=33195"},"modified":"2011-02-23T19:32:53","modified_gmt":"2011-02-24T00:32:53","slug":"szczecin-jest-na-skraju-zapasci-gospodarczej","status":"publish","type":"post","link":"https:\/\/www.bibula.com\/?p=33195","title":{"rendered":"Szczecin jest na skraju zapa\u015bci gospodarczej"},"content":{"rendered":"<p><strong>Podczas dzisiejszej konferencji prasowej parlamentarzy\u015bci  Prawa i Sprawiedliwo\u015bci przedstawili spektrum spraw w Szczecinie, kt\u00f3re  powoduj\u0105, \u017ce miasto z ogromnym potencja\u0142em traci szans\u0119 na dynamiczny  rozw\u00f3j.<\/strong><\/p>\r\n\r\n<p>W sobot\u0119 szeregi PiS zasili\u0142 Krzysztof Zaremba. Senator, kt\u00f3ry od  kilku miesi\u0119cy jest cz\u0142onkiem KP PiS, jeszcze do niedawna by\u0142 jednym z  zachodniopomorskich dzia\u0142aczy PO.<\/p>\r\n\r\n<p>&#8222;S\u0142yszymy, \u017ce PiS nie ma si\u0142y przyci\u0105gania nowych polityk\u00f3w. Jest  wr\u0119cz przeciwnie\u201d &#8211; komentuje lider zachodniopomorskiego PiS Joachim  Brudzi\u0144ski.<\/p>\r\n\r\n<p>&#8222;W PiS l\u017cej mi si\u0119 oddycha\u201d &#8211; m\u00f3wi Zaremba. Podkre\u015bla, \u017ce rz\u0105d  Donalda Tuska prowadzi z\u0142\u0105 polityk\u0119, zw\u0142aszcza je\u015bli chodzi o gospodark\u0119  morsk\u0105. Przypomina, \u017ce obecny rz\u0105d odda\u0142 ca\u0142y sektor stoczniowy &#8222;za  nic\u201d, za\u015b &#8222;fakt nieistnienia \u00a0polskiego przemys\u0142u stoczniowego u\u0142atwia  Niemcom przej\u015bcie przez kryzys such\u0105 stop\u0105\u201d, o czym otwarcie m\u00f3wi si\u0119 za  nasz\u0105 zachodni\u0105 granic\u0105. Zaremba zaznacza, \u017ce sami musimy stawia\u0107 na  w\u0142asn\u0105 solidn\u0105 polityk\u0119 gospodarcz\u0105 &#8211; wskazuje, \u017ce rz\u0105dy innych kraj\u00f3w  znacznie bardziej anga\u017cuj\u0105 si\u0119 w pomoc rodzimym przemys\u0142om. Przypomina  przyk\u0142ady Nicolasa Sarkozy\u2019ego, czy Angeli Merkel, kt\u00f3rzy zabiegali o  krajowe stocznie. &#8222;Niemcy podpisali kontrakty z Katarczykami na stocznie  w Kilonii i Hamburgu. Nie by\u0142a to propagandowa hucpa jak u nas\u201d &#8211;  stwierdza senator. Podkre\u015bla, \u017ce wszystkie te dzia\u0142ania (w tym tak\u017ce  budowa gazoci\u0105gu Nordstream) powoduj\u0105 , \u017ce &#8222;Szczecin zwija si\u0119, a nie  rozwija\u201d. &#8222;Miasto jest na skraju zapa\u015bci gospodarczej\u201d &#8211; dodaje.<\/p>\r\n\r\n<p>Parlamentarzy\u015bci podkre\u015blaj\u0105, \u017ce rz\u0105d kontynuuje szkodliwe dla port\u00f3w  dzia\u0142ania, nak\u0142adaj\u0105c 23-proc. VAT na firmy funkcjonuj\u0105ce w polskich  portach. Joachim Brudzi\u0144ski m\u00f3wi, \u017ce PiS zg\u0142osi\u0142 poprawk\u0119, kt\u00f3ra zak\u0142ada  utrzymanie zero-procentowej stawki podatku na prze\u0142adunki w polskich portach.  &#8222;Je\u017celi poprawka PO przejdzie, ostatnia nadzieja w Senacie\u201d &#8211; podkre\u015bla  Brudzi\u0144ski.<\/p>","protected":false},"excerpt":{"rendered":"Podczas dzisiejszej konferencji prasowej parlamentarzy\u015bci Prawa i Sprawiedliwo\u015bci przedstawili spektrum spraw w Szczecinie, kt\u00f3re powoduj\u0105, \u017ce miasto z ogromnym potencja\u0142em traci szans\u0119 na dynamiczny rozw\u00f3j. W sobot\u0119 szeregi PiS zasili\u0142 Krzysztof Zaremba. Senator, kt\u00f3ry od kilku miesi\u0119cy jest cz\u0142onkiem KP PiS, jeszcze do niedawna by\u0142 jednym z zachodniopomorskich dzia\u0142aczy PO. &#8222;S\u0142yszymy, \u017ce PiS nie ma [&hellip;]","protected":false},"author":1,"featured_media":0,"comment_status":"closed","ping_status":"closed","sticky":false,"template":"","format":"standard","meta":{"_acf_changed":false,"_monsterinsights_skip_tracking":false,"_monsterinsights_sitenote_active":false,"_monsterinsights_sitenote_note":"","_monsterinsights_sitenote_category":0,"ngg_post_thumbnail":0,"footnotes":"","_wp_rev_ctl_limit":""},"categories":[8],"tags":[98,52],"acf":[],"_links":{"self":[{"href":"https:\/\/www.bibula.com\/index.php?rest_route=\/wp\/v2\/posts\/33195"}],"collection":[{"href":"https:\/\/www.bibula.com\/index.php?rest_route=\/wp\/v2\/posts"}],"about":[{"href":"https:\/\/www.bibula.com\/index.php?rest_route=\/wp\/v2\/types\/post"}],"author":[{"embeddable":true,"href":"https:\/\/www.bibula.com\/index.php?rest_route=\/wp\/v2\/users\/1"}],"replies":[{"embeddable":true,"href":"https:\/\/www.bibula.com\/index.php?rest_route=%2Fwp%2Fv2%2Fcomments&post=33195"}],"version-history":[{"count":0,"href":"https:\/\/www.bibula.com\/index.php?rest_route=\/wp\/v2\/posts\/33195\/revisions"}],"wp:attachment":[{"href":"https:\/\/www.bibula.com\/index.php?rest_route=%2Fwp%2Fv2%2Fmedia&parent=33195"}],"wp:term":[{"taxonomy":"category","embeddable":true,"href":"https:\/\/www.bibula.com\/index.php?rest_route=%2Fwp%2Fv2%2Fcategories&post=33195"},{"taxonomy":"post_tag","embeddable":true,"href":"https:\/\/www.bibula.com\/index.php?rest_route=%2Fwp%2Fv2%2Ftags&post=33195"}],"curies":[{"name":"wp","href":"https:\/\/api.w.org\/{rel}","templated":true}]}}