{"id":33135,"date":"2011-02-22T22:42:31","date_gmt":"2011-02-23T03:42:31","guid":{"rendered":"http:\/\/www.bibula.com\/?p=33135"},"modified":"2011-02-22T22:42:31","modified_gmt":"2011-02-23T03:42:31","slug":"jak-wmawiac-%e2%80%9eantysemityzm%e2%80%9d-zbigniew-zmigrodzki","status":"publish","type":"post","link":"https:\/\/www.bibula.com\/?p=33135","title":{"rendered":"Jak wmawia\u0107 \u201eantysemityzm&#8221;? &#8211; <em>Zbigniew \u0179migrodzki<\/em>"},"content":{"rendered":"<p>Odpowied\u017a na to pytanie znajdujemy w tre\u015bci\u00a0 \u015brodk\u00f3w masowego  przekazu, pocz\u0105wszy od 1990 r.; w dzia\u0142alno\u015bci \u017bydowskiego Instytutu  Historycznego, kt\u00f3ry dotowany jest przez nasze pa\u0144stwo kwot\u0105\u00a0 <strong>3 mln z\u0142 rocznie<\/strong> (g\u0142\u00f3wny program \u201enaukowy\u201d tej plac\u00f3wki stanowi\u0105 \u201ebadania polskiego  antysemityzmu\u201d); w ci\u0105g\u0142ych napa\u015bciach na Polsk\u0119 ze strony ameryka\u0144skich  \u015brodowisk \u017cydowskich oraz w \u017c\u0105daniach wyp\u0142aty fikcyjnych \u201eodszkodowa\u0144\u201d w  kwocie 65 mld (USD), wspieranych przez powitan\u0105 z rado\u015bci\u0105 w Polsce  przez Ew\u0119 Junczyk-Ziomeck\u0105 w imieniu prezydenta Lecha Kaczy\u0144skiego, lo\u017c\u0119  Bnai Brith. Do tego dochodz\u0105 kapitulanckie gesty polskich polityk\u00f3w  boj\u0105cych si\u0119\u00a0 wojuj\u0105cego \u017cydostwa jak ognia.<\/p>\r\n\r\n<p>Celem kampanii zmierzaj\u0105cej ku temu, aby\u015bmy si\u0119 pokornie uznali za  czo\u0142owych \u201eantysemit\u00f3w\u201d \u015bwiata, jest nie tylko wy\u0142udzenie od nas  wielkich pieni\u0119dzy, kt\u00f3re si\u0119 nie nale\u017c\u0105, ale g\u0142oszenie ludzko\u015bci, \u017ce to  nie Niemcy, ale w\u0142a\u015bnie my mordowali\u015bmy \u017byd\u00f3w w latach wojny i po  niej;\u00a0 \u017ce O\u015bwi\u0119cim, Treblinka i Majdanek to \u201epolskie obozy  koncentracyjne\u201d; \u017ce \u201ePolacy wyssali antysemityzm z mlekiem matki\u201d\u00a0 i tym  podobnych bredni.<\/p>\r\n\r\n<p>W rzeczywisto\u015bci objawy niech\u0119ci do \u017byd\u00f3w wywo\u0142ywane s\u0105\u00a0 &#8211; chyba  celowo &#8211; przez takie oszczercze\u00a0 wyst\u0105pienia, jak Jana Tomasza Grossa i  zbli\u017cone, przez aroganckie gro\u017aby Israela Singera i agresywne ataki  \u017cydowskich szowinist\u00f3w godz\u0105ce w pokojowe wsp\u00f3\u0142\u017cycie. \u017bydzi nie s\u0105  \u017cadnym narodem wyj\u0105tkowo uprzywilejowanym, nie maj\u0105 prawa wynosi\u0107 si\u0119  nad inne narodowo\u015bci i \u017c\u0105da\u0107 dla siebie szczeg\u00f3lnych uprawnie\u0144. Ludzie  nigdy nie znosz\u0105 tego rodzaju\u00a0 postaw i manier: w stosunku do nich  narasta sprzeciw, kt\u00f3rego nie st\u0142umi\u0105 te czy inne wygra\u017cania, wrogie  pokrzykiwanie w mediach, pozwy s\u0105dowe b\u0105d\u017a przewaga w sferze publicznej.  Wprost przeciwnie &#8211; strachem nie wzbudzi si\u0119 w nikim ani \u017cyczliwo\u015bci,  ani przyja\u017ani, a resentymenty b\u0119d\u0105 si\u0119 pot\u0119gowa\u0107 do szczytu. Je\u017celi si\u0119  komu\u015b wydaje, \u017ce napastuj\u0105c polskie spo\u0142ecze\u0144stwo za pomoc\u0105 zewn\u0119trznych  nacisk\u00f3w i k\u0142amliwych oskar\u017ce\u0144, cokolwiek uzyska, fatalnie si\u0119 myli i  mo\u017ce sobie tylko prawdziwej biedy napyta\u0107\u2026<\/p>\r\n\r\n<p>Jeszcze gorsz\u0105 wszak rzecz\u0105 ni\u017c antypolskie machinacje \u017cydowskich  szowinist\u00f3w s\u0105 wspieraj\u0105ce je haniebne dzia\u0142ania nachalnie filosemickich  \u015brodowisk w rodzaju \u201eTygodnika Powszechnego\u201d czy \u201eZnaku\u201d, warszawskiego  KIK-u albo niekt\u00f3rych os\u00f3b w Ko\u015bciele katolickim, b\u0119d\u0105cych zwykle  pochodzenia \u017cydowskiego lub uwik\u0142anych mentalnie w \u201eeuropejskie\u201d opcje  \u015bwiatopogl\u0105dowe. Sta\u0142o si\u0119 zwyczajem, \u017ce z tej rodzimej strony rozwijana  jest nie mniejsza agresja, uzupe\u0142niaj\u0105ca \u201etw\u00f3rczo\u201d jednoplemienne  antypolskie nurty. Je\u017celi kto\u015b usi\u0142uje wmawia\u0107 nam \u201eantysemityzm\u201d, niech  sobie popatrzy, jak to by\u0142o i jest ze stosunkiem do \u017byd\u00f3w w innych  krajach &#8211;\u00a0 np. we Francji; na historyczn\u0105 synagog\u0119 w Berlinie, obecnie  muzeum, obstawion\u0105 wok\u00f3\u0142 dla bezpiecze\u0144stwa policj\u0105. Wreszcie niech si\u0119  zastanowi nad w\u0142a\u015bciwym znaczeniem tego s\u0142owa, kt\u00f3re u\u017cyte w funkcji  nienawistnej pogr\u00f3\u017cki\u00a0 nie tyle przed rzeczywistym antysemityzmem  os\u0142ania, co &#8211; stosowane jako obra\u017aliwy epitet &#8211; w\u0142a\u015bnie szerzeniu  \u201eantysemityzmu\u201d\u00a0  s\u0142u\u017cy.<\/p>\r\n\r\n<p><em><strong>Zbigniew \u0179migrodzki<\/strong><\/em><\/p>\r\n\r\n<p>PS. Wymownym przyk\u0142adem \u201enaszego\u201d udzia\u0142u w antypolskiej kampanii by\u0142  tekst, odczytany przez E. Junczyk-Ziomeck\u0105 w dniu 20 X 2009 r. przed  ods\u0142oni\u0119ciem pomnika cz\u0119stochowskich \u017byd\u00f3w: \u201eTu,\u00a0 u st\u00f3p Jasnej G\u00f3ry  (!), w mie\u015bcie \u017cydowskiej matki Syna Bo\u017cego, wymordowano 40 tysi\u0119cy  \u017byd\u00f3w. A przecie\u017c w Cz\u0119stochowie Polacy i \u017bydzi \u017cyli razem\u201d.<\/p>\r\n\r\n<p>S\u0142owa te zdaj\u0105 si\u0119 sugerowa\u0107 miejsce i sprawc\u00f3w mordu, dokonanego  przecie\u017c przez Niemc\u00f3w po wywiezieniu mieszka\u0144c\u00f3w getta, w obozie  zag\u0142ady. Uczestnicy uroczysto\u015bci, przybyli z ca\u0142ego \u015bwiata, nie tylko je  us\u0142yszeli, ale zabrali -wydrukowane &#8211; ze sob\u0105, aby je pokaza\u0107 w swoich  \u015brodowiskach.<br \/>\r\n<br \/>\r\n<em>Artyku\u0142\u00a0 ukaza\u0142 sie w tygodniku 'Nasza Polska&#8217; nr\u00a08 (798) z\u00a022 lutego 2011 r.<\/em><\/p>","protected":false},"excerpt":{"rendered":"Odpowied\u017a na to pytanie znajdujemy w tre\u015bci\u00a0 \u015brodk\u00f3w masowego przekazu, pocz\u0105wszy od 1990 r.; w dzia\u0142alno\u015bci \u017bydowskiego Instytutu Historycznego, kt\u00f3ry dotowany jest przez nasze pa\u0144stwo kwot\u0105\u00a0 3 mln z\u0142 rocznie (g\u0142\u00f3wny program \u201enaukowy\u201d tej plac\u00f3wki stanowi\u0105 \u201ebadania polskiego antysemityzmu\u201d); w ci\u0105g\u0142ych napa\u015bciach na Polsk\u0119 ze strony ameryka\u0144skich \u015brodowisk \u017cydowskich oraz w \u017c\u0105daniach wyp\u0142aty fikcyjnych \u201eodszkodowa\u0144\u201d [&hellip;]","protected":false},"author":1,"featured_media":0,"comment_status":"closed","ping_status":"closed","sticky":false,"template":"","format":"standard","meta":{"_acf_changed":false,"_monsterinsights_skip_tracking":false,"_monsterinsights_sitenote_active":false,"_monsterinsights_sitenote_note":"","_monsterinsights_sitenote_category":0,"ngg_post_thumbnail":0,"footnotes":"","_wp_rev_ctl_limit":""},"categories":[9],"tags":[48,65,75,22],"acf":[],"_links":{"self":[{"href":"https:\/\/www.bibula.com\/index.php?rest_route=\/wp\/v2\/posts\/33135"}],"collection":[{"href":"https:\/\/www.bibula.com\/index.php?rest_route=\/wp\/v2\/posts"}],"about":[{"href":"https:\/\/www.bibula.com\/index.php?rest_route=\/wp\/v2\/types\/post"}],"author":[{"embeddable":true,"href":"https:\/\/www.bibula.com\/index.php?rest_route=\/wp\/v2\/users\/1"}],"replies":[{"embeddable":true,"href":"https:\/\/www.bibula.com\/index.php?rest_route=%2Fwp%2Fv2%2Fcomments&post=33135"}],"version-history":[{"count":0,"href":"https:\/\/www.bibula.com\/index.php?rest_route=\/wp\/v2\/posts\/33135\/revisions"}],"wp:attachment":[{"href":"https:\/\/www.bibula.com\/index.php?rest_route=%2Fwp%2Fv2%2Fmedia&parent=33135"}],"wp:term":[{"taxonomy":"category","embeddable":true,"href":"https:\/\/www.bibula.com\/index.php?rest_route=%2Fwp%2Fv2%2Fcategories&post=33135"},{"taxonomy":"post_tag","embeddable":true,"href":"https:\/\/www.bibula.com\/index.php?rest_route=%2Fwp%2Fv2%2Ftags&post=33135"}],"curies":[{"name":"wp","href":"https:\/\/api.w.org\/{rel}","templated":true}]}}