{"id":33013,"date":"2011-02-21T10:53:06","date_gmt":"2011-02-21T15:53:06","guid":{"rendered":"http:\/\/www.bibula.com\/?p=33013"},"modified":"2011-02-21T10:53:06","modified_gmt":"2011-02-21T15:53:06","slug":"za-duzo-ankwiczow-za-malo-rejtanow-janusz-wojciechowski","status":"publish","type":"post","link":"https:\/\/www.bibula.com\/?p=33013","title":{"rendered":"Za du\u017co Ankwicz\u00f3w, za ma\u0142o Rejtan\u00f3w &#8211; <em>Janusz Wojciechowski<\/em>"},"content":{"rendered":"<p><strong>Na sejmie rozbiorowym w 1772 roku pose\u0142 Rejtan k\u0142ad\u0142 si\u0119 w  drzwiach, dar\u0142 koszul\u0119, lecz na pr\u00f3\u017cno. Przeszli po nim i traktat  rozbiorowy zatwierdzili. <\/strong><\/p>\r\n\r\n<p>Na sejmie grodzie\u0144skim w 1793 roku  Rejtana ju\u017c nie by\u0142o, za to by\u0142 pose\u0142 Ankwicz, kt\u00f3ry w chwili  dramatycznego milczenia zaproponowa\u0142, \u017ceby uzna\u0107, i\u017c kto milczy, ten na  rozbi\u00f3r si\u0119 zgadza. I tak uznano.<\/p>\r\n\r\n<p>Zachowuj\u0105c proporcjum,  mocium panie, przechodz\u0119 do kwestii wsp\u00f3\u0142czesnej i odmiennej, cho\u0107  wywo\u0142uj\u0105cej pewne skojarzenia z echem odleg\u0142ych wydarze\u0144.<\/p>\r\n\r\n<p>Gdy  par\u0119 dni temu zaatakowa\u0142em ministra Sikorskiego, \u017ce nie walczy o  wyr\u00f3wnanie dop\u0142at dla polskich rolnik\u00f3w, jeden z pos\u0142\u00f3w PO zacz\u0105\u0142 mnie  przekonywa\u0107, \u017ce to wcale nie le\u017cy w polskim interesie.<\/p>\r\n\r\n<p>Nawet  mnie to nie zdziwi\u0142o. Ilekro\u0107 na moim blogu napisz\u0119 o tym, \u017ce polscy  rolnicy powinni dosta\u0107 wi\u0119ksze unijne dop\u0142aty, tylekro\u0107 rzucaj\u0105 mi sie  do gard\u0142a przeciwnicy i przekonuj\u0105, \u017ce polscy rolnicy dostaj\u0105 za du\u017co i  najlepiej by\u0142oby, gdyby dostawali mniej albo zgo\u0142a nic.<\/p>\r\n\r\n<p>Ostatnio napisa\u0142em, \u017ce polscy rolnicy otrzymali z Unii 20 miliard\u00f3w euro mniej ni\u017c W\u0142osi i \u017ce to jest niesprawiedliwe.<\/p>\r\n\r\n<p>Natychmiast odezwali si\u0119 komentatorzy, kt\u00f3rzy z ogniem w oczach   przekonywali, \u017ce nier\u00f3wno\u015b\u0107 jest sprawiedliwa. Przytaczali argumenty,   kt\u00f3re samym W\u0142ochom do g\u0142owy by nie przysz\u0142y, cho\u0107 kombinuj\u0105 jak   przys\u0142owiowy ko\u0144 pod g\u00f3r\u0119, jakby tu uzasadni\u0107 tak\u0105 oto sprawiedliwo\u015b\u0107,   \u017ce bogatszym nale\u017cy si\u0119 wi\u0119cej, a biedniejszym mniej.<\/p>\r\n\r\n<p>Polscy rolnicy mogli mie\u0107 r\u00f3wne dop\u0142aty od pocz\u0105tku cz\u0142onkostwa w  Unii.  By\u0142o to ca\u0142kiem realne. Gdyby wtedy przycisn\u0105\u0107 Niemc\u00f3w, nie mieli   wyj\u015bcia, musieliby si\u0119 zgodzi\u0107, wszak to im najbardziej zale\u017ca\u0142o na   przyj\u0119ciu Polski do Unii, gdy\u017c dzi\u0119ki temu granic\u0119 Unii odsuwali z Odry   na Bug, z osiemdziesi\u0119ciu kilometr\u00f3w na osiemset kilometr\u00f3w od Berlina.<\/p>\r\n\r\n<p>To my im mogli\u015bmy dyktowa\u0107 warunki, nie oni nam. \u0179adnej \u0142aski nam nie robili, robili \u0142ask\u0119 sobie.<\/p>\r\n\r\n<p>Tylko \u017ce wtedy by\u0142o w Polsce wi\u0119cej Ankwicz\u00f3w ni\u017c Rejtan\u00f3w i w sprawie dop\u0142at przyj\u0119te zosta\u0142y kapitulacyjne warunki.<\/p>\r\n\r\n<p>Dzi\u015b potrzeba 20-30 miliard\u00f3w dodatkowych euro w siedmioletnim   unijnym bud\u017cecie, \u017ceby zlikwidowa\u0107 t\u0119 niesprawiedliw\u0105 dyskryminacj\u0119   Polski i innych nowych kraj\u00f3w cz\u0142onkowskich w dop\u0142atach rolniczych.<\/p>\r\n\r\n<p>Nawet w kryzysie to dla Unii \u017caden problem. Ju\u017c nie raz w razie  potrzeby  Unia od r\u0119ki rzuca\u0142a na st\u00f3\u0142 wielokrotnie wi\u0119ksze pieni\u0105dze,  na  przyk\u0142ad na wsparcie bank\u00f3w w kryzysie.<\/p>\r\n\r\n<p>Gdyby Polska  si\u0119 zapar\u0142a, Unia by ust\u0105pi\u0142a. Polscy rolnicy  dostaliby mo\u017ce nie tyle  co Niemcy, ale chocia\u017c tyle co W\u0142osi, czyli w  ci\u0105gu siedmiu lat o 10  miliard\u00f3w euro wi\u0119cej w por\u00f3wnaniu do obecnych  przydzia\u0142\u00f3w.<\/p>\r\n\r\n<p>Te  pieni\u0105dze przysz\u0142yby do Polski i w Polsce zosta\u0142y wydane. Rolnicy   raczej nie opalaj\u0105 si\u0119 na egipskich pla\u017cach, bo nawet je\u015bli kt\u00f3rego   by\u0142oby sta\u0107, to \u015bwinie i krowy mu nie pozwalaj\u0105. Dlatego swoje pieni\u0105dze   rolnicy wydaja w kraju.<\/p>\r\n\r\n<p>Wszystko jednak wskazuje, \u017ce nie wydadz\u0105 tych pieni\u0119dzy wi\u0119cej, bo wi\u0119cej nie dostan\u0105.<\/p>\r\n\r\n<p>I wcale nie dlatego, \u017ce Bruksela nie chce da\u0107, lecz dlatego, \u017ce Warszawa nie chce wzi\u0105\u0107.<\/p>\r\n\r\n<p>Za du\u017co Ankwicz\u00f3w, za ma\u0142o Rejtan\u00f3w.<\/p>\r\n\r\n<p><strong><em>Janusz Wojciechowski<\/em><\/strong><\/p>","protected":false},"excerpt":{"rendered":"Na sejmie rozbiorowym w 1772 roku pose\u0142 Rejtan k\u0142ad\u0142 si\u0119 w drzwiach, dar\u0142 koszul\u0119, lecz na pr\u00f3\u017cno. Przeszli po nim i traktat rozbiorowy zatwierdzili. Na sejmie grodzie\u0144skim w 1793 roku Rejtana ju\u017c nie by\u0142o, za to by\u0142 pose\u0142 Ankwicz, kt\u00f3ry w chwili dramatycznego milczenia zaproponowa\u0142, \u017ceby uzna\u0107, i\u017c kto milczy, ten na rozbi\u00f3r si\u0119 zgadza. [&hellip;]","protected":false},"author":1,"featured_media":0,"comment_status":"closed","ping_status":"closed","sticky":false,"template":"","format":"standard","meta":{"_acf_changed":false,"_monsterinsights_skip_tracking":false,"ngg_post_thumbnail":0,"footnotes":"","_wp_rev_ctl_limit":""},"categories":[9],"tags":[23,98],"acf":[],"_links":{"self":[{"href":"https:\/\/www.bibula.com\/index.php?rest_route=\/wp\/v2\/posts\/33013"}],"collection":[{"href":"https:\/\/www.bibula.com\/index.php?rest_route=\/wp\/v2\/posts"}],"about":[{"href":"https:\/\/www.bibula.com\/index.php?rest_route=\/wp\/v2\/types\/post"}],"author":[{"embeddable":true,"href":"https:\/\/www.bibula.com\/index.php?rest_route=\/wp\/v2\/users\/1"}],"replies":[{"embeddable":true,"href":"https:\/\/www.bibula.com\/index.php?rest_route=%2Fwp%2Fv2%2Fcomments&post=33013"}],"version-history":[{"count":0,"href":"https:\/\/www.bibula.com\/index.php?rest_route=\/wp\/v2\/posts\/33013\/revisions"}],"wp:attachment":[{"href":"https:\/\/www.bibula.com\/index.php?rest_route=%2Fwp%2Fv2%2Fmedia&parent=33013"}],"wp:term":[{"taxonomy":"category","embeddable":true,"href":"https:\/\/www.bibula.com\/index.php?rest_route=%2Fwp%2Fv2%2Fcategories&post=33013"},{"taxonomy":"post_tag","embeddable":true,"href":"https:\/\/www.bibula.com\/index.php?rest_route=%2Fwp%2Fv2%2Ftags&post=33013"}],"curies":[{"name":"wp","href":"https:\/\/api.w.org\/{rel}","templated":true}]}}