{"id":32662,"date":"2011-02-16T10:23:05","date_gmt":"2011-02-16T15:23:05","guid":{"rendered":"http:\/\/www.bibula.com\/?p=32662"},"modified":"2011-02-16T10:23:05","modified_gmt":"2011-02-16T15:23:05","slug":"komisja-europejska-decyzja-w-sprawie-pileckiego-odroczona","status":"publish","type":"post","link":"https:\/\/www.bibula.com\/?p=32662","title":{"rendered":"Komisja Europejska: decyzja w sprawie Pileckiego odroczona"},"content":{"rendered":"<p>Komisja  Europejska w udzielonej odpowiedzi na pytanie pisemne europos\u0142a Prawa i  Sprawiedliwo\u015bci Tomasza Por\u0119by uchyli\u0142a si\u0119 od zaj\u0119cia jednoznacznego  stanowiska w sprawie ustanowienia Europejskiego Dnia Bohater\u00f3w Walki z  Totalitaryzmem imienia Rotmistrza Pileckiego. W swoim o\u015bwiadczeniu  komisarz Viviane Reding napisa\u0142a:<\/p>\r\n\r\n<p style=\"padding-left: 30px;\">\u201eKomisja przedstawi sprawozdanie  dotycz\u0105ce pami\u0119ci o zbrodniach pope\u0142nionych przez re\u017cimy totalitarne w  odpowiedzi na wniosek Rady, kiedy przyj\u0119ta zostanie decyzja ramowa  2008\/913\/WSiSW w sprawie zwalczania pewnych form i przejaw\u00f3w rasizmu i  ksenofobii za pomoc\u0105 \u015brodk\u00f3w prawno- karnych. Sprawozdanie to b\u0119dzie  podstaw\u0105 do dyskusji na temat potencjalnych nowych inicjatyw w tym  obszarze na poziomie ca\u0142ej UE\u201d.<\/p>\r\n\r\n<p>Jednocze\u015bnie Komisja doceni\u0142a  inicjatyw\u0119 podj\u0119t\u0105 przez pos\u0142\u00f3w PiS i Grup\u0119 Europejskich Konserwatyst\u00f3w i  Reformator\u00f3w, a zapocz\u0105tkowan\u0105 przez Fundacj\u0119 Paradis Judeorum, maj\u0105c\u0105  na celu zwi\u0119kszenie wiedzy w\u015br\u00f3d spo\u0142ecze\u0144stwa na temat zbrodni  pope\u0142nionych przez re\u017cimy totalitarne.<\/p>\r\n\r\n<p>Tomasz Por\u0119ba od kilkunastu  miesi\u0119cy zabiega o ustanowienie Europejskiego Dnia upami\u0119tniaj\u0105cego  bohater\u00f3w walki z totaliaryzmem. Najpierw w Parlamencie Europejskim, a  teraz w Komisji Europejskiej. Zgodnie bowiem z wcze\u015bniejsz\u0105 decyzj\u0105  Konferencji Przewodnicz\u0105cych Parlamentu Europejskiego, to do Komisji  Europejskiej nale\u017cy inicjatywa ustawodawcza w sprawie ustanawiania  nowych dni \u015bwi\u0105tecznych o charakterze og\u00f3lnoeuropejskim.<\/p>\r\n\r\n<p>\u201e<em>Jestem  bardzo zawiedziony, \u017ce komisarz Reding w swojej odpowiedzi uchyli\u0142a si\u0119  od zaj\u0119cia jednoznacznego stanowiska w sprawie propozycji ustanowienia  \u015bwi\u0119ta bohater\u00f3w walki z totalitaryzmem. Jest to sygna\u0142, \u017ce sprawa  Rotmistrza Pileckiego jest niewygodna dla instytucji europejskich,  pr\u00f3buj\u0105cych przerzuca\u0107 j\u0105 mi\u0119dzy sob\u0105 i unikaj\u0105cych podj\u0119cia decyzji w  sprawie \u015bwi\u0119ta, kt\u00f3re nie powinno przecie\u017c budzi\u0107 \u017cadnych kontrowersji. W  tej sytuacji b\u0119d\u0119 domaga\u0142 si\u0119 od Komisji odpowiedzi, kiedy dok\u0142adnie  przyjmie swoje sprawozdanie, a po jego opublikowaniu zwr\u00f3c\u0119 si\u0119 z  ponownym wnioskiem o ustanowienie Europejskiego Dnia upami\u0119tniaj\u0105cego  bohater\u00f3w walki z totaliaryzmem<\/em>\u201d &#8211; powiedzia\u0142 pose\u0142 Por\u0119ba.<\/p>\r\n\r\n<ul>\r\n\t<li><a href=\"http:\/\/www.pis.org.pl\/download.php?g=mmedia&amp;f=odpowiedz_udzielona_przez_komisarz_viviane_reding.pdf\" target=\"_self\">Przeczytaj odpowied\u017a udzielon\u0105 przez KE<\/a><\/li>\r\n<\/ul>","protected":false},"excerpt":{"rendered":"Komisja Europejska w udzielonej odpowiedzi na pytanie pisemne europos\u0142a Prawa i Sprawiedliwo\u015bci Tomasza Por\u0119by uchyli\u0142a si\u0119 od zaj\u0119cia jednoznacznego stanowiska w sprawie ustanowienia Europejskiego Dnia Bohater\u00f3w Walki z Totalitaryzmem imienia Rotmistrza Pileckiego. W swoim o\u015bwiadczeniu komisarz Viviane Reding napisa\u0142a: \u201eKomisja przedstawi sprawozdanie dotycz\u0105ce pami\u0119ci o zbrodniach pope\u0142nionych przez re\u017cimy totalitarne w odpowiedzi na wniosek Rady, [&hellip;]","protected":false},"author":1,"featured_media":0,"comment_status":"closed","ping_status":"closed","sticky":false,"template":"","format":"standard","meta":{"_acf_changed":false,"_monsterinsights_skip_tracking":false,"_monsterinsights_sitenote_active":false,"_monsterinsights_sitenote_note":"","_monsterinsights_sitenote_category":0,"ngg_post_thumbnail":0,"footnotes":"","_wp_rev_ctl_limit":""},"categories":[6],"tags":[65,66,23,102],"acf":[],"_links":{"self":[{"href":"https:\/\/www.bibula.com\/index.php?rest_route=\/wp\/v2\/posts\/32662"}],"collection":[{"href":"https:\/\/www.bibula.com\/index.php?rest_route=\/wp\/v2\/posts"}],"about":[{"href":"https:\/\/www.bibula.com\/index.php?rest_route=\/wp\/v2\/types\/post"}],"author":[{"embeddable":true,"href":"https:\/\/www.bibula.com\/index.php?rest_route=\/wp\/v2\/users\/1"}],"replies":[{"embeddable":true,"href":"https:\/\/www.bibula.com\/index.php?rest_route=%2Fwp%2Fv2%2Fcomments&post=32662"}],"version-history":[{"count":0,"href":"https:\/\/www.bibula.com\/index.php?rest_route=\/wp\/v2\/posts\/32662\/revisions"}],"wp:attachment":[{"href":"https:\/\/www.bibula.com\/index.php?rest_route=%2Fwp%2Fv2%2Fmedia&parent=32662"}],"wp:term":[{"taxonomy":"category","embeddable":true,"href":"https:\/\/www.bibula.com\/index.php?rest_route=%2Fwp%2Fv2%2Fcategories&post=32662"},{"taxonomy":"post_tag","embeddable":true,"href":"https:\/\/www.bibula.com\/index.php?rest_route=%2Fwp%2Fv2%2Ftags&post=32662"}],"curies":[{"name":"wp","href":"https:\/\/api.w.org\/{rel}","templated":true}]}}