{"id":32641,"date":"2011-02-15T16:50:55","date_gmt":"2011-02-15T21:50:55","guid":{"rendered":"http:\/\/www.bibula.com\/?p=32641"},"modified":"2014-11-17T14:27:20","modified_gmt":"2014-11-17T19:27:20","slug":"tydzien-kultury-izraela-w-empikach","status":"publish","type":"post","link":"https:\/\/www.bibula.com\/?p=32641","title":{"rendered":"&#8222;Tydzie\u0144 Kultury Izraela&#8221; w Empikach"},"content":{"rendered":"<p><strong>W dniach od 23 lutego do 8 marca 2011 roku odb\u0119dzie si\u0119 w najwi\u0119kszych salonach Empiku w Polsce &#8222;Tydzie\u0144 Kultury Izraela&#8221;, kt\u00f3ry zbiegnie si\u0119 w czasie z &#8222;historycznym spotkaniem&#8221; rz\u0105d\u00f3w Izraela i Polski w Jerozolimie<\/strong> &#8211; donosi &#8222;Portal Spo\u0142eczno\u015bci \u017bydowskiej&#8221;.<\/p>\r\n<p>&#8222;W 16 najwi\u0119kszych salonach Empik w g\u0142\u00f3wnych miastach Polski (Warszawa, Wroc\u0142aw, Krak\u00f3w, \u0141\u00f3d\u017a, Szczecin, Katowice) izraelskie ksi\u0105\u017cki wydane po polsku b\u0119d\u0105 zgromadzone w jednym miejscu. Klienci Empiku b\u0119d\u0105 mogli r\u00f3wnie\u017c w tych dniach znale\u017a\u0107 broszury po\u015bwi\u0119cone kulturze izraelskiej, a do kupionej ksi\u0105\u017cki otrzymaj\u0105 chor\u0105giewk\u0119 Izraela.&#8221; &#8211; donosi portal \u017cydowski.<\/p>\r\n<p>Niezmiernie interesuj\u0105cym faktem, kt\u00f3ry mo\u017cna interpretowa\u0107 w r\u00f3\u017cny spos\u00f3b,\u00a0 jest zupe\u0142ny brak jakiejkolwiek informacji na ten temat w innych serwisach informacyjnych, w tym i na stronach Empiku, a program wydaje si\u0119 by\u0107 dobrze przygotowany, tym bardziej, \u017ce jest sponsorowany przez Ambasad\u0119 Izraela w Warszawie.<\/p>\r\n<p><strong>Historia dzisiejszego EMPiK-u<\/strong><\/p>\r\n<p>Na bazie dzia\u0142aj\u0105cego w PRL-u Klubu Mi\u0119dzynarodowej Prasy i Ksi\u0105\u017cki, w 1991 roku w tajemnicznych okoliczno\u015bciach dw\u00f3ch tajemniczych osobnik\u00f3w (Janusz Romanowski i Yaron Bruckner) oraz nijaki Jacek D\u0119bski, dzia\u0142aj\u0105cy z ramienia pa\u0144stwowej firmy RSW Prasa-Ksi\u0105\u017cka-Ruch, powo\u0142ali Sp\u00f3\u0142k\u0119 EMPiK, kt\u00f3rej w trzy lata p\u00f3\u017aniej Skarb Pa\u0144stwa pozby\u0142 si\u0119 na rzecz koncernu holenderskiego <em>Eastbridge N.V.<\/em><\/p>\r\n<p>Pozbycie si\u0119 licznych lokali EMPiK-u, sieci dystrybucyjnej i ca\u0142ego dorobku kilkudziesi\u0119ciu lat wszystkich Polak\u00f3w pracuj\u0105cych w Polsce Ludowej, jest kolejnym przyk\u0142adem z\u0142odziejskiego okresu tzw. transformacji ustrojowej, czyli koncepcji \u017cydowskiego globalisty George&#8217;a Sorosa, wcielanej w Polsce przez tow. Balcerowicza.<\/p>\r\n<p>Globalny koncern <em>Eastbridge<\/em>, kt\u00f3ry jest w\u0142asno\u015bci\u0105 Yarona Brucknera, operuje w 35 krajach \u015bwiatta, zatrudniaj\u0105c oko\u0142o 6500 pracownik\u00f3w. W 2009 roku EMPIK posiada\u0142 134 salony w Polsce i 23 sklepy na Ukrainie.<\/p>\r\n<p>Rodzina Bruckner\u00f3w operuje od kilkudziesi\u0119ciu lat na obszarze Europy Wschodniej. Yaron Bruckner firm\u0119 przej\u0105\u0142 po ojcu, kt\u00f3ry ju\u017c w latach 1950. prowadzi\u0142 szeroki handel z Polsk\u0105 i innymi krajami bloku wschodniego. Bruckner-syn okre\u015blany przez finansowe \u017ar\u00f3d\u0142a jako &#8222;wa\u017cny gracz na polskim rynku nieruchomo\u015bci&#8221;, na pocz\u0105tku XXI wieku handlowa\u0142 nieruchomo\u015bciami w Polsce na prawie 2 miliardy dolar\u00f3w. Unika kontakt\u00f3w z pras\u0105, mediami. Jak twierdzi rzecznik firmy, szef &#8222;udziela wywiad\u00f3w raz na 10 lat&#8221;.<\/p>\r\n<p>EMPiK nale\u017cy do wp\u0142ywowej sieci rozpowszechniania prasy i ksi\u0105\u017cek w Polsce. W spos\u00f3b wyra\u017any preferuje i promuje ksia\u017cki o tematyce antypolskiej, rozpowszechnia te\u017c czasopisma pornograficzne.<\/p>","protected":false},"excerpt":{"rendered":"W dniach od 23 lutego do 8 marca 2011 roku odb\u0119dzie si\u0119 w najwi\u0119kszych salonach Empiku w Polsce &#8222;Tydzie\u0144 Kultury Izraela&#8221;, kt\u00f3ry zbiegnie si\u0119 w czasie z &#8222;historycznym spotkaniem&#8221; rz\u0105d\u00f3w Izraela i Polski w Jerozolimie &#8211; donosi &#8222;Portal Spo\u0142eczno\u015bci \u017bydowskiej&#8221;. &#8222;W 16 najwi\u0119kszych salonach Empik w g\u0142\u00f3wnych miastach Polski (Warszawa, Wroc\u0142aw, Krak\u00f3w, \u0141\u00f3d\u017a, Szczecin, Katowice) [&hellip;]","protected":false},"author":1,"featured_media":0,"comment_status":"closed","ping_status":"closed","sticky":false,"template":"","format":"standard","meta":{"_acf_changed":false,"_monsterinsights_skip_tracking":false,"_monsterinsights_sitenote_active":false,"_monsterinsights_sitenote_note":"","_monsterinsights_sitenote_category":0,"ngg_post_thumbnail":0,"footnotes":"","_wp_rev_ctl_limit":""},"categories":[8],"tags":[92,61,53,101,159],"acf":[],"_links":{"self":[{"href":"https:\/\/www.bibula.com\/index.php?rest_route=\/wp\/v2\/posts\/32641"}],"collection":[{"href":"https:\/\/www.bibula.com\/index.php?rest_route=\/wp\/v2\/posts"}],"about":[{"href":"https:\/\/www.bibula.com\/index.php?rest_route=\/wp\/v2\/types\/post"}],"author":[{"embeddable":true,"href":"https:\/\/www.bibula.com\/index.php?rest_route=\/wp\/v2\/users\/1"}],"replies":[{"embeddable":true,"href":"https:\/\/www.bibula.com\/index.php?rest_route=%2Fwp%2Fv2%2Fcomments&post=32641"}],"version-history":[{"count":0,"href":"https:\/\/www.bibula.com\/index.php?rest_route=\/wp\/v2\/posts\/32641\/revisions"}],"wp:attachment":[{"href":"https:\/\/www.bibula.com\/index.php?rest_route=%2Fwp%2Fv2%2Fmedia&parent=32641"}],"wp:term":[{"taxonomy":"category","embeddable":true,"href":"https:\/\/www.bibula.com\/index.php?rest_route=%2Fwp%2Fv2%2Fcategories&post=32641"},{"taxonomy":"post_tag","embeddable":true,"href":"https:\/\/www.bibula.com\/index.php?rest_route=%2Fwp%2Fv2%2Ftags&post=32641"}],"curies":[{"name":"wp","href":"https:\/\/api.w.org\/{rel}","templated":true}]}}