{"id":324,"date":"2006-04-30T00:00:00","date_gmt":"2006-04-30T00:00:00","guid":{"rendered":""},"modified":"-0001-11-30T00:00:00","modified_gmt":"-0001-11-30T04:00:00","slug":"","status":"publish","type":"post","link":"https:\/\/www.bibula.com\/?p=324","title":{"rendered":"Austria: Bunt wp\u0142ywowych ksi\u0119\u017cy?"},"content":{"rendered":"<p>&#8222;Nowo powo\u0142ana &bdquo;Inicjatywa ksi\u0119\u017cy   proboszcz\u00f3w&rdquo; domaga si\u0119 zmiany stanowiska Ko\u015bcio\u0142a w kwestii celibatu   duchownych, ekumenizmu oraz stosunku Ko\u015bcio\u0142a wobec rozwodnik\u00f3w, kt\u00f3rzy po raz   kolejny wzi\u0119li \u015blub. Arcybiskup Wiednia, kardyna\u0142 Christoph Sch&ouml;nborn   zdecydowanie odmawia i wyklucza &bdquo;austriacki   wyj\u0105tek&rdquo;.<br \/>\r\n  Arcybiskup Wiednia, kardyna\u0142   Christoph Sch&ouml;nborn zaj\u0105\u0142 stanowisko wobec tzw. &bdquo;Inicjatywy ksi\u0119\u017cy proboszcz\u00f3w&rdquo;,   25 kwietnia poda\u0142a do wiadomo\u015bci kuria wiede\u0144ska. G\u0142\u00f3wnymi przedstawicielami tej   grupy w archidiecezji wiede\u0144skiej s\u0105 m.in. by\u0142y Generalny Wikariusz Wiednia   Helmut Sch&uuml;ller oraz dziekani Hans Bensdorp i Gerald Gump. Inicjatywa zosta\u0142   za\u0142o\u017cona 2 kwietnia w St. P&ouml;lten i jej celem jest &bdquo;ruch na rzecz \u017cywych wsp\u00f3lnot   i przeciwko likwidowaniu parafii&rdquo; &ndash; jak napisano we wst\u0119pnej deklaracji,   rozsy\u0142anej w \u015brodowisku ko\u015bcielnym. <br \/>\r\n            <br \/>\r\n&bdquo;My proboszczowie obserwujemy z   nagl\u0105cym niepokojem i rosn\u0105cym niezadowoleniem jak osoby odpowiedzialne za   Ko\u015bci\u00f3\u0142 w naszym kraju i w \u015bwiecie obchodz\u0105 si\u0119 z wielkimi i otwartymi pytaniami   i problemami naszego Ko\u015bcio\u0142a&rdquo; &ndash; mo\u017cna przeczyta\u0107 w tym tek\u015bcie. Inicjatywa chce   &bdquo;przyczyni\u0107 si\u0119 do tego, aby nagl\u0105ce problemy zosta\u0142y potraktowane z otwartym   sercem i by wreszcie zosta\u0142y wprowadzone zno\u015bne rozwi\u0105zania&rdquo;. <br \/>\r\n          <br \/>\r\n          Kuria   Arcybiskupia zanalizowa\u0142a po kolei wymienione kwestie i przedstawi\u0142a w tej   sprawie o\u015bwiadczenie. Kwestia celibatu i wsp\u00f3lnoty Komunii z od\u0142\u0105czonymi   chrze\u015bcijanami &bdquo;mo\u017ce zosta\u0107 rozwi\u0105zana wy\u0142\u0105cznie na poziomie Ko\u015bcio\u0142a   \u015bwiatowego&rdquo;. &bdquo;Austriacka wyj\u0105tkowa droga do jedno\u015bci Ko\u015bcio\u0142a katolickiego jest   wykluczona&rdquo;.<br \/>\r\n          <br \/>\r\n          Sytuacja powt\u00f3rnie po\u015blubionych zosta\u0142a nazwana, w   o\u015bwiadczeniu kurii, jedn\u0105 z najtrudniejszych kwestii duszpasterskich. Tutaj nie   ma &bdquo;\u0142atwych rozwi\u0105za\u0144&rdquo;. Kap\u0142ani archidiecezji wiede\u0144skiej rozwa\u017cali ju\u017c to   zagadnienie. Kluczowy problem to powa\u017cne traktowaniem nauki Jezusa o   nierozerwalno\u015bci ma\u0142\u017ce\u0144stwa, jak r\u00f3wnie\u017c sytuacji os\u00f3b rozwiedzionych. <br \/>\r\n          <br \/>\r\n          Kuria jest zdania r\u00f3wnie\u017c, i\u017c wiele obaw proboszcz\u00f3w wyra\u017conych w   rozes\u0142anej deklaracji jest bezpodstawna. W Austrii jak dot\u0105d nie ma problemu z   &bdquo;likwidowaniem&rdquo; parafii. Pewne zmiany w strukturach s\u0105 r\u00f3wnie\u017c nast\u0119pstwem zmian   demograficznych. <br \/>\r\n          <br \/>\r\n          Kardyna\u0142 Sch&ouml;nborn spotka\u0142 si\u0119 z trzema   przedstawicielami &bdquo;Inicjatywy&rdquo;. Wyrazi\u0142 przy tym nadziej\u0119, i\u017c &bdquo;Inicjatywa   proboszcz\u00f3w nie tylko b\u0119dzie miesza\u0142a szyki wewn\u0105trz Ko\u015bcio\u0142a&rdquo;, ale b\u0119dzie te\u017c   wspiera\u0142a jego w\u0142asne dzia\u0142ania.<br \/>\r\n          <br \/>\r\n          Zwolennicy &bdquo;Inicjatywy&rdquo; s\u0105 tak\u017ce w\u015br\u00f3d   nowo powo\u0142anych cz\u0142onk\u00f3w Rady Kap\u0142a\u0144skiej. W ramach tej rady maj\u0105 mo\u017cliwo\u015b\u0107   &bdquo;przedstawia\u0107 w rozmowach z ordynariuszem konstruktywne pomys\u0142y biskupowi oraz   jego najbli\u017cszemu kr\u0119gowi wsp\u00f3\u0142pracownik\u00f3w i przedstawicielom kap\u0142an\u00f3w&rdquo; &ndash; czy   tamy w o\u015bwiadczeniu kurii.<br \/>\r\n          <br \/>\r\n          \/mjw\/<\/p>\r\n<p>za: kath.net\/&#8221; <\/p>\r\n<p>&nbsp;<\/p>\r\n<p\/>\r\n\r\n\r\n","protected":false},"excerpt":{"rendered":"&#8222;Nowo powo\u0142ana &bdquo;Inicjatywa ksi\u0119\u017cy proboszcz\u00f3w&rdquo; domaga si\u0119 zmiany stanowiska Ko\u015bcio\u0142a w kwestii celibatu duchownych, ekumenizmu oraz stosunku Ko\u015bcio\u0142a wobec rozwodnik\u00f3w, kt\u00f3rzy po raz kolejny wzi\u0119li \u015blub. Arcybiskup Wiednia, kardyna\u0142 Christoph Sch&ouml;nborn zdecydowanie odmawia i wyklucza &bdquo;austriacki wyj\u0105tek&rdquo;. Arcybiskup Wiednia, kardyna\u0142 Christoph Sch&ouml;nborn zaj\u0105\u0142 stanowisko wobec tzw. &bdquo;Inicjatywy ksi\u0119\u017cy proboszcz\u00f3w&rdquo;, 25 kwietnia poda\u0142a do wiadomo\u015bci kuria [&hellip;]","protected":false},"author":1,"featured_media":0,"comment_status":"closed","ping_status":"open","sticky":false,"template":"","format":"standard","meta":{"_acf_changed":false,"_monsterinsights_skip_tracking":false,"_monsterinsights_sitenote_active":false,"_monsterinsights_sitenote_note":"","_monsterinsights_sitenote_category":0,"ngg_post_thumbnail":0,"footnotes":"","_wp_rev_ctl_limit":""},"categories":[3],"tags":[],"acf":[],"_links":{"self":[{"href":"https:\/\/www.bibula.com\/index.php?rest_route=\/wp\/v2\/posts\/324"}],"collection":[{"href":"https:\/\/www.bibula.com\/index.php?rest_route=\/wp\/v2\/posts"}],"about":[{"href":"https:\/\/www.bibula.com\/index.php?rest_route=\/wp\/v2\/types\/post"}],"author":[{"embeddable":true,"href":"https:\/\/www.bibula.com\/index.php?rest_route=\/wp\/v2\/users\/1"}],"replies":[{"embeddable":true,"href":"https:\/\/www.bibula.com\/index.php?rest_route=%2Fwp%2Fv2%2Fcomments&post=324"}],"version-history":[{"count":0,"href":"https:\/\/www.bibula.com\/index.php?rest_route=\/wp\/v2\/posts\/324\/revisions"}],"wp:attachment":[{"href":"https:\/\/www.bibula.com\/index.php?rest_route=%2Fwp%2Fv2%2Fmedia&parent=324"}],"wp:term":[{"taxonomy":"category","embeddable":true,"href":"https:\/\/www.bibula.com\/index.php?rest_route=%2Fwp%2Fv2%2Fcategories&post=324"},{"taxonomy":"post_tag","embeddable":true,"href":"https:\/\/www.bibula.com\/index.php?rest_route=%2Fwp%2Fv2%2Ftags&post=324"}],"curies":[{"name":"wp","href":"https:\/\/api.w.org\/{rel}","templated":true}]}}