{"id":32311,"date":"2011-02-10T21:09:44","date_gmt":"2011-02-11T02:09:44","guid":{"rendered":"http:\/\/www.bibula.com\/?p=32311"},"modified":"2011-02-10T21:09:44","modified_gmt":"2011-02-11T02:09:44","slug":"lotwa-nie-dla-oficjalnych-obchodow-dnia-legionisty-ss","status":"publish","type":"post","link":"https:\/\/www.bibula.com\/?p=32311","title":{"rendered":"\u0141otwa: nie dla oficjalnych obchod\u00f3w dnia legionisty SS"},"content":{"rendered":"<p><strong>Komisja \u0142otewskiego sejmu ds. praw cz\u0142owieka i spraw spo\u0142ecznych  odrzuci\u0142a propozycj\u0119 partii VL-TB\/DNNL, aby og\u0142osi\u0107 16 marca \u201eDniem  \u0142otewskich narodowych si\u0142 zbrojnych\u201d.<\/strong><\/p>\r\n\r\n<p>Jak informuje portal delfi.lv jeden z lider\u00f3w TB Dzintars Ras\u00c4\u008dans  stwierdzi\u0142, \u017ce lepiej obchodzi\u0107 dzie\u0144 legionisty legalnie i \u201enie  manipulowa\u0107 faktami\u201d. Jego zdaniem nale\u017cy odda\u0107 ho\u0142d poleg\u0142ym w walkach,  wywiezionym na Syberi\u0119 i tym spo\u015br\u00f3d weteran\u00f3w, kt\u00f3rzy prze\u017cyli. Jego  kolega z\u00a0frakcji Janis Domrava doda\u0142, \u017ce taki krok z\u00a0pewno\u015bci\u0105  pozytywnie oceni\u0142yby \u0142otewskie \u015brodowiska emigracyjne i kombatanckie.  Jednak\u017ce przewodnicz\u0105ca Komisji Ingrida Circene, reprezentuj\u0105ca rz\u0105dow\u0105  parti\u0119 \u201eJedno\u015b\u0107\u201d, podkre\u015bli\u0142a, \u017ce dzie\u0144 \u0142otewskich \u017co\u0142nierzy jest ju\u017c  obchodzony w dniu 11 listopada.<\/p>\r\n\r\n<p>W latach 1998-2000 dzie\u0144 16 marca obchodzono jako Dzie\u0144 pami\u0119ci  \u0142otewskich \u017co\u0142nierzy, chocia\u017c faktycznie data ta by\u0142a postrzegana jako  \u201e\u015bwi\u0119to legionisty\u201d. Nast\u0119pnie jednak to kontrowersyjne \u015bwi\u0119to zosta\u0142o  usuni\u0119te ze spisu obchodzonych rocznic.<\/p>\r\n\r\n<p>Podczas II wojny \u015bwiatowej Niemcy sformowali z miejscowej ludno\u015bci  \u0142otewskiej dwie dywizje grenedier\u00f3w SS (15 i 19), kt\u00f3re nast\u0119pnie  zosta\u0142y po\u0142\u0105czone w \u0141otewski Legion SS. 16 marca 1944 r. obie dywizje po  raz pierwszy wsp\u00f3lnie stawi\u0142y zbrojny op\u00f3r Armii Czerwonej. Dla cz\u0119\u015bci  \u0141otyszy te formacje stanowi\u0105 symbol\u00a0walki o niepodleg\u0142o\u015b\u0107 i\u00a0sprzeciwu  wobec komunizmu.<\/p>\r\n\r\n<p class=\"zrodlo\">\u0179r\u00f3d\u0142o:\u00a0<a href=\"http:\/\/rus.delfi.lv\/news\/daily\/politics\/deputaty-otkazalis-obyavit-16-marta-otmechaemoj-datoj.d?id=36715065\" target=\"_blank\">delfi.lv<\/a><\/p>","protected":false},"excerpt":{"rendered":"Komisja \u0142otewskiego sejmu ds. praw cz\u0142owieka i spraw spo\u0142ecznych odrzuci\u0142a propozycj\u0119 partii VL-TB\/DNNL, aby og\u0142osi\u0107 16 marca \u201eDniem \u0142otewskich narodowych si\u0142 zbrojnych\u201d. Jak informuje portal delfi.lv jeden z lider\u00f3w TB Dzintars Ras\u00c4\u008dans stwierdzi\u0142, \u017ce lepiej obchodzi\u0107 dzie\u0144 legionisty legalnie i \u201enie manipulowa\u0107 faktami\u201d. Jego zdaniem nale\u017cy odda\u0107 ho\u0142d poleg\u0142ym w walkach, wywiezionym na Syberi\u0119 i [&hellip;]","protected":false},"author":1,"featured_media":0,"comment_status":"closed","ping_status":"closed","sticky":false,"template":"","format":"standard","meta":{"_acf_changed":false,"_monsterinsights_skip_tracking":false,"_monsterinsights_sitenote_active":false,"_monsterinsights_sitenote_note":"","_monsterinsights_sitenote_category":0,"ngg_post_thumbnail":0,"footnotes":"","_wp_rev_ctl_limit":""},"categories":[6],"tags":[102],"acf":[],"_links":{"self":[{"href":"https:\/\/www.bibula.com\/index.php?rest_route=\/wp\/v2\/posts\/32311"}],"collection":[{"href":"https:\/\/www.bibula.com\/index.php?rest_route=\/wp\/v2\/posts"}],"about":[{"href":"https:\/\/www.bibula.com\/index.php?rest_route=\/wp\/v2\/types\/post"}],"author":[{"embeddable":true,"href":"https:\/\/www.bibula.com\/index.php?rest_route=\/wp\/v2\/users\/1"}],"replies":[{"embeddable":true,"href":"https:\/\/www.bibula.com\/index.php?rest_route=%2Fwp%2Fv2%2Fcomments&post=32311"}],"version-history":[{"count":0,"href":"https:\/\/www.bibula.com\/index.php?rest_route=\/wp\/v2\/posts\/32311\/revisions"}],"wp:attachment":[{"href":"https:\/\/www.bibula.com\/index.php?rest_route=%2Fwp%2Fv2%2Fmedia&parent=32311"}],"wp:term":[{"taxonomy":"category","embeddable":true,"href":"https:\/\/www.bibula.com\/index.php?rest_route=%2Fwp%2Fv2%2Fcategories&post=32311"},{"taxonomy":"post_tag","embeddable":true,"href":"https:\/\/www.bibula.com\/index.php?rest_route=%2Fwp%2Fv2%2Ftags&post=32311"}],"curies":[{"name":"wp","href":"https:\/\/api.w.org\/{rel}","templated":true}]}}