{"id":32179,"date":"2011-02-08T22:40:58","date_gmt":"2011-02-09T03:40:58","guid":{"rendered":"http:\/\/www.bibula.com\/?p=32179"},"modified":"2011-02-08T22:41:42","modified_gmt":"2011-02-09T03:41:42","slug":"w-izraelu-policji-nie-wolno-kwestionowac-rasizmu%e2%80%a6","status":"publish","type":"post","link":"https:\/\/www.bibula.com\/?p=32179","title":{"rendered":"W Izraelu policji nie wolno kwestionowa\u0107 rasizmu\u2026"},"content":{"rendered":"<p><em><strong>Zwolennicy rabina Liora protestuj\u0105 przeciwko nakazowi aresztowania<\/strong><\/em><\/p>\r\n\r\n<p><strong>Rabin z Kiryat Arba odmawia poddania si\u0119 policyjnemu   przes\u0142uchaniu w sprawie napisanej przez niego cz\u0119\u015bci ksi\u0105\u017cki nawo\u0142uj\u0105cej   do mordowania goj\u00f3w argumentuj\u0105c: \u201eTo nie do przyj\u0119cia, \u017ceby jaki\u015b   urz\u0119dnik Ministerstwa Sprawiedliwo\u015bci m\u00f3wi\u0142 rabinom, co maj\u0105 m\u00f3wi\u0107\u201d.<\/strong><\/p>\r\n\r\n<p><strong> <\/strong>Oko\u0142o 1000 os\u00f3b demonstrowa\u0142o przed domem rabina   Dova Liora w Kiryat Arba we wtorek protestuj\u0105c przeciw nakazowi   aresztowania wydanemu przeciwko niemu w zwi\u0105zku z podejrzeniem o   pod\u017ceganie.<\/p>\r\n\r\n<table class=\"outset\" style=\"width: 269px; height: 238px;\" align=\"left\">\r\n<tbody>\r\n<tr>\r\n<td><img decoding=\"async\" title=\"a\" src=\"http:\/\/stopsyjonizmowi.files.wordpress.com\/2011\/02\/a25.jpg?w=239&amp;h=208\" alt=\"\" width=\"239\" height=\"208\" \/><\/td>\r\n<\/tr>\r\n<tr>\r\n<td><p class=\"zrodlo\">Rabin D. Lior<\/p><\/td>\r\n<\/tr>\r\n<\/tbody>\r\n<\/table>\r\n\r\n<p>W poniedzia\u0142ek policja wyda\u0142a nakaz s\u0105dowy wobec rabina za to, \u017ce  odm\u00f3wi\u0142 przepytania go w odniesieniu do wst\u0119pu jaki napisa\u0142 do ksi\u0105\u017cki<em> \u2018The King\u2019s Torah\u2019 <\/em>[Kr\u00f3lewska Tora], <strong>kt\u00f3ry wzywa do zab\u00f3jstwa nie-\u017byd\u00f3w<\/strong>.<\/p>\r\n\r\n<p>Protestuj\u0105cy twierdz\u0105, \u017ce pa\u0144stwo stara si\u0119 uciszy\u0107 rabina. W\u015br\u00f3d protestuj\u0105cych byli cz\u0142onek Knessetu <strong>Michael Ben-Ari<\/strong> (National Union), cz\u0142onkowie rady miasta Kiryat Arba, przewodnicz\u0105ca Women in Greek [Kobiety w Zieleni] <strong>Yehudit Katzover<\/strong>, oraz zwolennicy rabina.<\/p>\r\n\r\n<p><strong>Rabin Lior r\u00f3wnie\u017c wzi\u0105\u0142 udzia\u0142 w prote\u015bcie i skrytykowa\u0142  Ministerstwo Sprawiedliwo\u015bci i Prokuratur\u0119 Krajow\u0105 za wydanie nakazu  usuni\u0119cia ze sklep\u00f3w wszystkich egzemplarzy tej ksi\u0105\u017cki.<\/strong><\/p>\r\n\r\n<p><strong> <\/strong><em>\u201eJest niedopuszczalne, by jaki\u015b urz\u0119dnik dyktowa\u0142 rabinom, co maj\u0105 m\u00f3wi\u0107,\u201d<\/em> powiedzia\u0142.<em> \u201eUwa\u017cam, \u017ce pa\u0144stwo Izrael nie ma polityki maj\u0105cej na celu wyciszenie  rabin\u00f3w i dlatego wzywamy premiera do wydania jednoznacznego nakazu  powstrzymania tego g\u0142upiego prze\u015bladowania.\u201d<\/em><\/p>\r\n\r\n<p>Nast\u0119pnie doda\u0142:<em> \u201eMy nie wykluczamy Pa\u0144stwa Izrael, kt\u00f3re jest boskim cudem, ale mamy problem z jego kierownictwem.\u201d <\/em>Odnosz\u0105c si\u0119 do nakazu aresztowania, powiedzia\u0142: <em>\u201eJest to upokorzenie wobec Tory i pr\u00f3ba skrzywdzenia rabin\u00f3w, kt\u00f3rzy wyra\u017caj\u0105 swoje opinie na temat wa\u017cnych spraw.\u201d<br \/>\r\n <\/em><strong>Pod\u017cegaj\u0105ca ksi\u0105\u017cka<\/strong><\/p>\r\n\r\n<p>Ksi\u0105\u017cka \u2018<em>The King\u2019s Torah,<\/em>\u2018napisana przez rabina <strong>Icchaka Szapira<\/strong>,  pokazuje zasady Tory odnosz\u0105ce si\u0119 do post\u0119powania w czasie wojny.  Mi\u0119dzy innymi zwr\u00f3ci\u0142 w niej uwag\u0119, \u017ce ka\u017cdemu kto s\u0142u\u017cy jako <em>\u201eludzka tarcza dla naszych wrog\u00f3w\u201d<\/em> mo\u017ce sta\u0107 si\u0119 krzywda. Rabin <strong>Lior<\/strong> napisa\u0142 wst\u0119p do ksi\u0105\u017cki, z tre\u015bci\u0105 kt\u00f3rej si\u0119 zgadza\u0142.<\/p>\r\n\r\n<p>Podczas demonstracji <strong>Rabin Lior <\/strong>powiedzia\u0142, \u017ce akceptuje prawo i nie pr\u00f3buje przeciwstawi\u0107 si\u0119 pa\u0144stwu. <em>\u201eRabini  s\u0105 wybieranymi przedstawicielami, kt\u00f3rzy odpowiadaj\u0105 na pytania  niepokoj\u0105ce spo\u0142ecze\u0144stwo. Oczywi\u015bcie nie anga\u017cujemy si\u0119 w polityk\u0119, ale  to s\u0105 wa\u017cne kwestie, kt\u00f3re dotycz\u0105 nas wszystkich bezpo\u015brednio i  dlatego musimy reagowa\u0107. Jest to prawo i obowi\u0105zek rabin\u00f3w by wyra\u017cali  swoje opinie w tych sprawach. Na tej podstawie zostali wybrani, do czasu  kiedy pa\u0144stwo o\u015bwiadczy, \u017ce rabinom zakazuje si\u0119 wyra\u017cania swoich  pogl\u0105d\u00f3w politycznych.\u201d<\/em><\/p>\r\n\r\n<p>Protestuj\u0105cy w Kiryat Arba obiecali, \u017ce to dopiero pocz\u0105tek ich walki.<em> \u201eNie pozwolimy dotkn\u0105\u0107 rabina i fizycznie zablokujemy wszelkie pr\u00f3by takiego post\u0119powania,\u201d<\/em> powiedzia\u0142 radny <strong>Bentzi Goffstein<\/strong>. <em>\u201eTo jest bunt przeciwko zasadom Tory. Prawa Tory jest nadrz\u0119dne wobec prawa pa\u0144stwa.\u201d<\/em><\/p>\r\n\r\n<p><strong>T\u0142umaczenie: Ola Gordon\/<a href=\"http:\/\/palestyna.wordpress.com\/2011\/02\/08\/policji-w-izraelu-nie-wolno-prowadzic-dochodzenia-w-sprawie-rasizmu\/\" target=\"_blank\">Wolna Palestyna<\/a><\/strong><\/p>\r\n\r\n<p><a href=\"http:\/\/desertpeace.wordpress.com\/2011\/02\/08\/racism-must-not-be-questioned-by-the-police-in-israel\/\" target=\"_blank\">RACISM MUST NOT BE QUESTIONED BY THE POLICE IN\u00a0ISRAEL\u2026.<\/a><\/p>","protected":false},"excerpt":{"rendered":"Zwolennicy rabina Liora protestuj\u0105 przeciwko nakazowi aresztowania Rabin z Kiryat Arba odmawia poddania si\u0119 policyjnemu przes\u0142uchaniu w sprawie napisanej przez niego cz\u0119\u015bci ksi\u0105\u017cki nawo\u0142uj\u0105cej do mordowania goj\u00f3w argumentuj\u0105c: \u201eTo nie do przyj\u0119cia, \u017ceby jaki\u015b urz\u0119dnik Ministerstwa Sprawiedliwo\u015bci m\u00f3wi\u0142 rabinom, co maj\u0105 m\u00f3wi\u0107\u201d. Oko\u0142o 1000 os\u00f3b demonstrowa\u0142o przed domem rabina Dova Liora w Kiryat Arba we [&hellip;]","protected":false},"author":1,"featured_media":0,"comment_status":"closed","ping_status":"closed","sticky":false,"template":"","format":"standard","meta":{"_acf_changed":false,"_monsterinsights_skip_tracking":false,"_monsterinsights_sitenote_active":false,"_monsterinsights_sitenote_note":"","_monsterinsights_sitenote_category":0,"ngg_post_thumbnail":0,"footnotes":"","_wp_rev_ctl_limit":""},"categories":[6],"tags":[61,55],"acf":[],"_links":{"self":[{"href":"https:\/\/www.bibula.com\/index.php?rest_route=\/wp\/v2\/posts\/32179"}],"collection":[{"href":"https:\/\/www.bibula.com\/index.php?rest_route=\/wp\/v2\/posts"}],"about":[{"href":"https:\/\/www.bibula.com\/index.php?rest_route=\/wp\/v2\/types\/post"}],"author":[{"embeddable":true,"href":"https:\/\/www.bibula.com\/index.php?rest_route=\/wp\/v2\/users\/1"}],"replies":[{"embeddable":true,"href":"https:\/\/www.bibula.com\/index.php?rest_route=%2Fwp%2Fv2%2Fcomments&post=32179"}],"version-history":[{"count":0,"href":"https:\/\/www.bibula.com\/index.php?rest_route=\/wp\/v2\/posts\/32179\/revisions"}],"wp:attachment":[{"href":"https:\/\/www.bibula.com\/index.php?rest_route=%2Fwp%2Fv2%2Fmedia&parent=32179"}],"wp:term":[{"taxonomy":"category","embeddable":true,"href":"https:\/\/www.bibula.com\/index.php?rest_route=%2Fwp%2Fv2%2Fcategories&post=32179"},{"taxonomy":"post_tag","embeddable":true,"href":"https:\/\/www.bibula.com\/index.php?rest_route=%2Fwp%2Fv2%2Ftags&post=32179"}],"curies":[{"name":"wp","href":"https:\/\/api.w.org\/{rel}","templated":true}]}}