{"id":32105,"date":"2011-02-08T09:48:01","date_gmt":"2011-02-08T14:48:01","guid":{"rendered":"http:\/\/www.bibula.com\/?p=32105"},"modified":"2011-02-08T09:48:01","modified_gmt":"2011-02-08T14:48:01","slug":"zawod-asystent-dla-rodziny","status":"publish","type":"post","link":"https:\/\/www.bibula.com\/?p=32105","title":{"rendered":"Zaw\u00f3d: asystent dla rodziny"},"content":{"rendered":"<p><strong>Uczelnie b\u0119d\u0105 kszta\u0142ci\u0107 w nowym zawodzie: asystent rodziny &#8211; czytamy w &#8222;Dzienniku Polskim&#8221;. Zgodnie z rz\u0105dowym planem, asystenci b\u0119d\u0105 zatrudnieni w ka\u017cdej gminie.<\/strong><\/p>\r\n\r\n<p>Projekt ustawy o wspieraniu rodziny i systemie pieczy zast\u0119pczej jest obecnie na etapie drugiego czytania w komisjach sejmowych. Idea jest taka, aby asystenci &#8211; niezale\u017cnie od pracownik\u00f3w socjalnych &#8211; zajmowali si\u0119 tylko prac\u0105 z rodzinami. W Krakowie ju\u017c teraz dzia\u0142aj\u0105 tacy specjali\u015bci. W ramach unijnego projektu &#8222;Pora na aktywno\u015b\u0107&#8221;, prowadzonego od trzech lat przez Miejski O\u015brodek Pomocy Spo\u0142ecznej, z pomocy asystent\u00f3w skorzysta\u0142o ju\u017c ok. 200 rodzin.<\/p>\r\n\r\n<p>Asystent, uczestnicz\u0105c w codziennym \u017cyciu rodziny (zwykle jest to kilkadziesi\u0105t godzin w miesi\u0105cu) mo\u017ce np. zwr\u00f3ci\u0107 nam uwag\u0119, je\u015bli do potraw dodajemy zbyt du\u017co soli, co jest dla dzieci niezdrowe, zasugerowa\u0107 udzia\u0142 w szkolnych wywiad\u00f3wkach, je\u015bli wcze\u015bniej je lekcewa\u017cyli\u015bmy, wyt\u0142umaczy\u0107, jak nale\u017cy u\u017cywa\u0107 danych lekarstw i dlaczego warto robi\u0107 badania profilaktyczne.<\/p>\r\n\r\n<p>Asystentem rodzinnym w MOPS nie mo\u017ce by\u0107 ka\u017cdy. Poza wykszta\u0142ceniem spo\u0142ecznym, potrzebne jest do\u015bwiadczenie w pracy z rodzinami. Liczy si\u0119 te\u017c do\u015bwiadczenie \u017cyciowe, wi\u0119c preferowany wiek to minimum 30 lat.<\/p>\r\n\r\n<p>Asystenci b\u0119d\u0105 m.in. wspiera\u0107 te osoby, kt\u00f3re pochodz\u0105 z rozbitych rodzin, a teraz same, w doros\u0142ym \u017cyciu maj\u0105 problemy rodzinne i potrzebuj\u0105 pomocy w odzyskiwaniu zdolno\u015bci samodzielnego funkcjonowania w spo\u0142ecze\u0144stwie. Niekt\u00f3rzy wykazuj\u0105 syndrom Doros\u0142ego Dziecka Rozwodu.<\/p>\r\n\r\n<p>Z tekstu: &#8222;Asystent, uczestnicz\u0105c w codziennym \u017cyciu rodziny (zwykle jest to kilkadziesi\u0105t godzin w miesi\u0105cu) mo\u017ce np. zwr\u00f3ci\u0107 nam uwag\u0119, je\u015bli do potraw dodajemy zbyt du\u017co soli&#8230;&#8221;<\/p>\r\n\r\n<blockquote><p><strong>KOMENTARZ <em>BIBU\u0141Y<\/em><\/strong>: Dopiero luty a juz sugerujemy g\u0142own\u0105 nagrod\u0119 roku za absurd roku. Gratulujemy zatroskanym o rodzin\u0119 m\u0119drcom &#8211; tym z Brukselii, i tym z Warszawy!<\/p>\r\n\r\n<p class=\"zrodlo\"><em>MM<\/em><\/p><\/blockquote>","protected":false},"excerpt":{"rendered":"Uczelnie b\u0119d\u0105 kszta\u0142ci\u0107 w nowym zawodzie: asystent rodziny &#8211; czytamy w &#8222;Dzienniku Polskim&#8221;. Zgodnie z rz\u0105dowym planem, asystenci b\u0119d\u0105 zatrudnieni w ka\u017cdej gminie. Projekt ustawy o wspieraniu rodziny i systemie pieczy zast\u0119pczej jest obecnie na etapie drugiego czytania w komisjach sejmowych. Idea jest taka, aby asystenci &#8211; niezale\u017cnie od pracownik\u00f3w socjalnych &#8211; zajmowali si\u0119 tylko [&hellip;]","protected":false},"author":3,"featured_media":0,"comment_status":"closed","ping_status":"closed","sticky":false,"template":"","format":"standard","meta":{"_acf_changed":false,"_monsterinsights_skip_tracking":false,"_monsterinsights_sitenote_active":false,"_monsterinsights_sitenote_note":"","_monsterinsights_sitenote_category":0,"ngg_post_thumbnail":0,"footnotes":"","_wp_rev_ctl_limit":""},"categories":[8],"tags":[23,98],"acf":[],"_links":{"self":[{"href":"https:\/\/www.bibula.com\/index.php?rest_route=\/wp\/v2\/posts\/32105"}],"collection":[{"href":"https:\/\/www.bibula.com\/index.php?rest_route=\/wp\/v2\/posts"}],"about":[{"href":"https:\/\/www.bibula.com\/index.php?rest_route=\/wp\/v2\/types\/post"}],"author":[{"embeddable":true,"href":"https:\/\/www.bibula.com\/index.php?rest_route=\/wp\/v2\/users\/3"}],"replies":[{"embeddable":true,"href":"https:\/\/www.bibula.com\/index.php?rest_route=%2Fwp%2Fv2%2Fcomments&post=32105"}],"version-history":[{"count":0,"href":"https:\/\/www.bibula.com\/index.php?rest_route=\/wp\/v2\/posts\/32105\/revisions"}],"wp:attachment":[{"href":"https:\/\/www.bibula.com\/index.php?rest_route=%2Fwp%2Fv2%2Fmedia&parent=32105"}],"wp:term":[{"taxonomy":"category","embeddable":true,"href":"https:\/\/www.bibula.com\/index.php?rest_route=%2Fwp%2Fv2%2Fcategories&post=32105"},{"taxonomy":"post_tag","embeddable":true,"href":"https:\/\/www.bibula.com\/index.php?rest_route=%2Fwp%2Fv2%2Ftags&post=32105"}],"curies":[{"name":"wp","href":"https:\/\/api.w.org\/{rel}","templated":true}]}}