{"id":32084,"date":"2011-02-07T22:30:02","date_gmt":"2011-02-08T03:30:02","guid":{"rendered":"http:\/\/www.bibula.com\/?p=32084"},"modified":"2011-02-07T22:30:02","modified_gmt":"2011-02-08T03:30:02","slug":"walka-przed-sadem-o-uchylenie-wyroku-za-spalenie-flagi-unii-europejskiej","status":"publish","type":"post","link":"https:\/\/www.bibula.com\/?p=32084","title":{"rendered":"Walka przed s\u0105dem o uchylenie wyroku za spalenie &#8222;flagi&#8221; Unii Europejskiej"},"content":{"rendered":"<p><strong>Organizator manifestacji z 30 listopada 2009 roku, na kt\u00f3rej spalono flag\u0119 Unii Europejskiej, Mieczys\u0142aw Burchert, walczy przez s\u0105dem o uchylenie wyroku s\u0105du grodzkiego. Zosta\u0142 on skazany na kar\u0119 grzywny w wysoko\u015bci 80 z\u0142otych oraz nagan\u0119 za spalenie unijnej flagi.<\/strong><\/p>\r\n\r\n<p>Mieczys\u0142aw Burchert z Partii Wolno\u015b\u0107 i Praworz\u0105dno\u015b\u0107 nie zgadza si\u0119 z wyrokiem s\u0105du grodzkiego, sprawa trafi\u0142a wi\u0119c do Warszawskiego S\u0105du Rejonowego. Na sali rozpraw wspiera\u0142 go Janusz Korwin-Mikke, kt\u00f3ry by\u0142 na tej samej manifestacji i te\u017c podpali\u0142 flag\u0119.<\/p>\r\n\r\n<p>Dzia\u0142acz UPR twierdzi, \u017ce w dniu manifestacji &#8222;niebieski materia\u0142 z 12 z\u0142otymi gwiazdami nie by\u0142 oficjalnie flag\u0105 UE&#8221;, wi\u0119c nie mo\u017cna za to nikogo skaza\u0107.<\/p>\r\n\r\n<p>Jak t\u0142umaczy\u0142 Korwin-Mikke <strong>do 1 grudnia Unia by\u0142a tylko wsp\u00f3lnot\u0105, co oznacza, \u017ce na manifestacji spalono &#8222;tylko kawa\u0142ek materia\u0142u&#8221;.<\/strong> Polityk przyzna\u0142, \u017ce sam te\u017c by\u0142 na demonstracji i osobi\u015bcie podpala\u0142 flag\u0119. S\u0105d grodzki skaza\u0142 natomiast tylko Mieczys\u0142awa Burcherta, jako g\u0142\u00f3wnego organizatora manifestacji.<\/p>\r\n\r\n<p>Inny z dzia\u0142aczy Partii Wolno\u015b\u0107 i Praworz\u0105dno\u015b\u0107, kt\u00f3ry te\u017c uczestniczy\u0142 w manifestacji 30 listopada 2009 roku &#8211; Stanis\u0142aw Michalkiewicz t\u0142umaczy\u0142 dziennikarzom jeszcze przed rozpraw\u0105, \u017ce jest dzi\u015b w s\u0105dzie, poniewa\u017c nie zgadza si\u0119 z ukaraniem swojego kolegi za spalenie flagi UE.<\/p>\r\n\r\n<p>&#8222;Ukarano go za to, \u017ce spowodowa\u0142 zagro\u017cenie po\u017carem, co jest absurdalne i stanowi niebezpieczny pretekst&#8221; &#8211; podkre\u015bli\u0142 Michalkiewicz. Dzia\u0142acz Partii Wolno\u015b\u0107 i Praworz\u0105dno\u015b\u0107 uwa\u017ca, \u017ce wyrok to pretekst, \u017ceby &#8222;wytresowa\u0107 spo\u0142ecze\u0144stwo, ze nie wolno blu\u017ani\u0107 Unii Europejskiej&#8221;. Zdaniem Michalkiewicza, takie wyroki to metody z czas\u00f3w PRL.<\/p>\r\n\r\n<p>S\u0105d zd\u0105\u017cy\u0142 przes\u0142ucha\u0107 na dzisiejszej rozprawie tylko jednego \u015bwiadka &#8211; policjanta. Rozpraw\u0119 odroczono do 4 kwietnia, poniewa\u017c s\u0119dzia nie mia\u0142 na czym obejrze\u0107 materia\u0142u filmowego z manifestacji, kt\u00f3ry do\u0142\u0105czono do dowod\u00f3w.<\/p>\r\n\r\n<p>Informacyjna Agencja Radiowa(IAR)\/Agnieszka Dr\u0105\u017ckiewicz\/dj<\/p>\r\n\r\n<div><!-- --><\/div>","protected":false},"excerpt":{"rendered":"Organizator manifestacji z 30 listopada 2009 roku, na kt\u00f3rej spalono flag\u0119 Unii Europejskiej, Mieczys\u0142aw Burchert, walczy przez s\u0105dem o uchylenie wyroku s\u0105du grodzkiego. Zosta\u0142 on skazany na kar\u0119 grzywny w wysoko\u015bci 80 z\u0142otych oraz nagan\u0119 za spalenie unijnej flagi. Mieczys\u0142aw Burchert z Partii Wolno\u015b\u0107 i Praworz\u0105dno\u015b\u0107 nie zgadza si\u0119 z wyrokiem s\u0105du grodzkiego, sprawa trafi\u0142a [&hellip;]","protected":false},"author":3,"featured_media":0,"comment_status":"closed","ping_status":"closed","sticky":false,"template":"","format":"standard","meta":{"_acf_changed":false,"_monsterinsights_skip_tracking":false,"_monsterinsights_sitenote_active":false,"_monsterinsights_sitenote_note":"","_monsterinsights_sitenote_category":0,"ngg_post_thumbnail":0,"footnotes":"","_wp_rev_ctl_limit":""},"categories":[8],"tags":[23,98],"acf":[],"_links":{"self":[{"href":"https:\/\/www.bibula.com\/index.php?rest_route=\/wp\/v2\/posts\/32084"}],"collection":[{"href":"https:\/\/www.bibula.com\/index.php?rest_route=\/wp\/v2\/posts"}],"about":[{"href":"https:\/\/www.bibula.com\/index.php?rest_route=\/wp\/v2\/types\/post"}],"author":[{"embeddable":true,"href":"https:\/\/www.bibula.com\/index.php?rest_route=\/wp\/v2\/users\/3"}],"replies":[{"embeddable":true,"href":"https:\/\/www.bibula.com\/index.php?rest_route=%2Fwp%2Fv2%2Fcomments&post=32084"}],"version-history":[{"count":0,"href":"https:\/\/www.bibula.com\/index.php?rest_route=\/wp\/v2\/posts\/32084\/revisions"}],"wp:attachment":[{"href":"https:\/\/www.bibula.com\/index.php?rest_route=%2Fwp%2Fv2%2Fmedia&parent=32084"}],"wp:term":[{"taxonomy":"category","embeddable":true,"href":"https:\/\/www.bibula.com\/index.php?rest_route=%2Fwp%2Fv2%2Fcategories&post=32084"},{"taxonomy":"post_tag","embeddable":true,"href":"https:\/\/www.bibula.com\/index.php?rest_route=%2Fwp%2Fv2%2Ftags&post=32084"}],"curies":[{"name":"wp","href":"https:\/\/api.w.org\/{rel}","templated":true}]}}