{"id":32075,"date":"2011-02-07T14:07:48","date_gmt":"2011-02-07T19:07:48","guid":{"rendered":"http:\/\/www.bibula.com\/?p=32075"},"modified":"2011-02-07T14:08:59","modified_gmt":"2011-02-07T19:08:59","slug":"rogozin-grunwald-i-polacy","status":"publish","type":"post","link":"https:\/\/www.bibula.com\/?p=32075","title":{"rendered":"Rogozin, Grunwald i Polacy"},"content":{"rendered":"<p><strong>Wbrew pozorom wyst\u0119p pana Rogozina, kt\u00f3ry twierdzi \u017ce jego przodek  zabi\u0142 Ulricha von Jungingen pod Grunwaldem nie jest spraw\u0105 b\u0142ah\u0105. Tak  si\u0119 mo\u017ce wydawa\u0107 ludziom skupionym na sprawach niewa\u017cnych, takich jak  reforma ubezpiecze\u0144 spo\u0142ecznych, podatki albo prawo do adopcji dla  gej\u00f3w.<\/strong><\/p>\r\n\r\n<p>Pan Rogozin og\u0142osi\u0142 swoje rewelacje w ksi\u0105\u017cce, kt\u00f3rej promocja odby\u0142a  si\u0119 w Wilnie. To dosy\u0107 istotny szczeg\u00f3\u0142 zwa\u017cywszy na fakt w jaki spos\u00f3b  Litwini traktuj\u0105 bitw\u0119 grunwaldzk\u0105, a tak\u017ce na to w jaki spos\u00f3b Litwin\u00f3w  traktuj\u0105 Rosjanie. Gdyby Rogozin wyda\u0142 swoj\u0105 ksi\u0105\u017ck\u0119 w Moskwie mo\u017cna by  powiedzie\u0107, \u017ce to jaka\u015b bzdura i wykwit jego nie najzdrowszej  wyobra\u017ani. W Wilnie sprawa wygl\u0105da inaczej. Litwini uwa\u017caj\u0105 bitw\u0119  grunwaldzk\u0105 za swoj\u0105, a udzia\u0142 w niej Polak\u00f3w za marginalny. Wielki  ksi\u0105\u017c\u0119 Vytautas pokona\u0142 zakon krzy\u017cacki, a Polacy stali i patrzyli  czasem tylko kt\u00f3ry\u015b w\u0142\u0105czy\u0142 si\u0119 do walki. Nie dane mi by\u0142o obejrze\u0107  filmu o Grunwaldzie, kt\u00f3rego premier\u0119 zapowiadano na lato 2010 i nie  wiem w og\u00f3le czy do premiery dosz\u0142o, ale wyst\u0119p Rogozina za\u0142atwia  obecnie wszystkie premiery i wernisa\u017ce.<\/p>\r\n\r\n<p>Nie od dzi\u015b wiadomo, \u017ce pan Rogozin jest swoistym pehametrem kremla. On  co\u015b gada, jakie\u015b pozorne bzdury, a panowie Putin i Miedwiediew patrz\u0105  na reakcj\u0119 publiczno\u015bci i mierz\u0105 odleg\u0142o\u015b\u0107 na jak\u0105 mog\u0105 posun\u0105\u0107 si\u0119  propagandowe matactwa w tym sezonie. Tym w\u0142a\u015bnie jest ksi\u0105\u017cka Rogozina,  pr\u00f3cz oczywi\u015bcie tego, \u017ce jest ona pr\u00f3b\u0105 stymulacji litewskich  frustracji narodowych, nad kt\u00f3rymi kreml zamierza roztoczy\u0107 opiek\u0119.<\/p>\r\n\r\n<p>Wrogiem najwi\u0119kszym Litwy od roku 1918 nie jest komunizm, ani Stalin,  ani tym bardziej Europa, tylko Polska. Polacy ze swoimi uroszczeniami,  ze swoj\u0105 but\u0105, ze swoim niezrozumieniem litewskich spraw i swoimi  pretensjami do ziemi, na kt\u00f3rej mieszkaj\u0105 ju\u017c 500 lat a mo\u017ce d\u0142u\u017cej. To  s\u0105 przeciwnicy litewskiego \u0107wier\u0107inteligenta i do takiego w\u0142a\u015bnie  obywatela adresuje sw\u00f3j przekaz Rogozin. Grunwald to Litwa i Smole\u0144sk, a  Polacy byli tam na dok\u0142adk\u0119. I nie jest to rzecz nowa w rosyjskiej  propagandzie. Jest to rzecz sta\u0142a i stale odgrzewana, na kt\u00f3r\u0105 niewiele  os\u00f3b zwraca uwag\u0119.<\/p>\r\n\r\n<p>Innym charakterystycznym, a przy okazji najbardziej monotonnym  elementem tych propagandowych narracji jest podkre\u015blanie roli  niemieckiego mieszcza\u0144stwa w dziejach Polski, opowie\u015bci o tym, \u017ce  Wierzynek to nie \u017cadne Wierzynek tylko Wiertzing, \u017ce Wit Stwosz to Weit  Stoss, a ko\u015bci\u00f3\u0142 Mariacki w Krakowie zosta\u0142 zbudowany przez Niemc\u00f3w i  dla Niemc\u00f3w. Skrajna propaganda ukrai\u0144ska puszcza w obieg r\u00f3wnie\u017c takie  informacje, \u017ce Krak\u00f3w to stare ukrai\u0144skie miasto. Przestrzegam przed  lekcewa\u017ceniem tych zachowa\u0144. Mo\u017ce si\u0119 bowiem zdarzy\u0107 tak, \u017ce nadejd\u0105  czasy, w kt\u00f3rych nie b\u0119dzie nic pewnego, a racj\u0119 b\u0119dzie mia\u0142 nie ten,  kt\u00f3ry ma ksi\u0119gi przem\u0105dre i dokumenty w r\u0119kach, ale ten kto wykupi  wi\u0119cej czasu antenowego i wi\u0119ksz\u0105 ilo\u015b\u0107 pami\u0119taj\u0105cych Grunwald ekspert\u00f3w  do tej telewizji zaanga\u017cuje.<\/p>\r\n\r\n<p>Prawda zatriumfuje jedynie wtedy, kiedy b\u0119dzie powtarzana i  przypominana po pi\u0119\u0107 razy na dzie\u0144, a nie wtedy kiedy potraktowana jak  oczywisto\u015b\u0107, zostanie zamkni\u0119ta w jakim\u015b lamusie. Jej depozytariusze za\u015b  zajm\u0105 si\u0119 jak\u0105\u015b rozrywk\u0105 lub rzeczami stosowniejszymi w dzisiejszych  czasach. Jak wida\u0107 po zachowaniu pana Rogozina nie ma stosowniejszych  rzeczy ni\u017c obrona prawdy i wskazywanie k\u0142amstw oraz przeinacze\u0144. Wit  Stwosz, rzeczywi\u015bcie nazywa\u0142 si\u0119 Weit Stoss, a Wierzynek Wiertzing,  Tylman van Gameren za\u015b przerobi\u0142 sobie nazwisko na Gamerski, a Jan  Kazimierz po abdykacji na Snopkowski (od s\u0142owa Vasa-snop). W Polsce nikt  nie ma problemu z wyartyku\u0142owaniem nazwiska artysty projektuj\u0105cego  z\u0142ot\u0105 kaplice w Poznaniu, t\u0119 z figurami Mieszka i Boles\u0142awa. Zrobi\u0142 to  Christian Rauch z Berlina i jest to prosz\u0119 Pa\u0144stwa \u201eoczywista  oczywisto\u015b\u0107\u201d. Nikt nie b\u0119dzie protestowa\u0142 kiedy teatr w Poznaniu  zaliczymy do architektury niemieckiej, bo zbudowa\u0142 go architekt  niemiecki, kt\u00f3rego dzie\u0142a rozpoznawalne s\u0105 i odnajdywane na terenie  Niemiec w\u0142a\u015bnie. Po roku 1989 nikt nie podkre\u015bla odwiecznej polsko\u015bci  Zielonej G\u00f3ry czy \u0179ar. Maniera ta zachowa\u0142a si\u0119 jednak na wschodzie i ma  pr\u00f3cz pod\u0142o\u017ca propagandowego tak\u017ce inne &#8211; g\u0142\u0119boki resentyment w  stosunku do Polak\u00f3w.<\/p>\r\n\r\n<p>I tak Wawrzyniec Gucewicz jest Litwinem, a Juliusz S\u0142owacki Ukrai\u0144cem,  za\u015b Edward Wojni\u0142\u0142owicz (pochowany w Bydgoszczy) Bia\u0142orusinem. \u00d3w  resentyment bierze si\u0119 z jednej szalenie istotnej rzeczy, z \u017calu za  utracon\u0105 wielko\u015bci\u0105 I Rzeczpospolitej i pod\u015bwiadomym poszukiwaniu  winnych. Winni s\u0105 oczywi\u015bcie Polacy. Dlaczego? Bo nie obronili wschodu  przed Rosj\u0105. Obecne niepodleg\u0142e kraje; Litwa, Bia\u0142oru\u015b, Ukraina (ta mo\u017ce  najmniej), maj\u0105 do Polski stosunek taki, jaki ma narzeczona do  kapry\u015bnego kochanka, kt\u00f3ry pozostawi\u0142 j\u0105 na zabawie jakiemu\u015b chamowi  spod budki z piwem. Cham troch\u0119 co prawda \u015bmierdzi, ale ma n\u00f3\u017c w  kieszeni i lepiej siedzie\u0107 cicho. Czasem trzeba jednak pop\u0142aka\u0107 troch\u0119 i  poz\u0142orzeczy\u0107 komu\u015b i do tego w\u0142a\u015bnie znakomicie nadaje si\u0119 \u00f3w kocha\u015b co  odszed\u0142 w sin\u0105 dal, czyli Polska.<\/p>\r\n\r\n<p>Przesadzam celowo, bo nie wyobra\u017cam sobie jak mog\u0142o doj\u015b\u0107 do takiego  eventu jak promocja ksi\u0105\u017cki Rogozina w Wilnie. Mo\u017ce jednak  niepotrzebnie. Znajomy opowiada\u0142 mi kiedy\u015b histori\u0119 z Litwy, z po\u0142owy  lat dziewi\u0119\u0107dziesi\u0105tych, a dok\u0142adnie z roku 1997. Pojecha\u0142 wtedy do  Wilna w zwi\u0105zku z jakimi\u015b badaniami historycznymi i zrelacjonowa\u0142 mi  stosunek litewskich pracownik\u00f3w naukowych do historii. Oto w korytarzu  archiwum sta\u0142o ksero, a m\u00f3j kolega zapoznawszy si\u0119 z tre\u015bci\u0105 kilku  XVI-wiecznych dokument\u00f3w chcia\u0142 je sfotografowa\u0107. Pracownik owego  archiwum u\u015bmiechn\u0105\u0142 si\u0119 wzi\u0105\u0142 ode\u0144 pergaminy i glac-plac jeden po drugim  odbi\u0142 mu na kserokopiarce. By\u0142a tam mi\u0119dzy innymi pro\u015bba do kr\u00f3lowej  Anny Jagiellonki o zgod\u0119 na ustawienie prywatnej \u0142awy w ko\u015bciele,  wystosowana przez pewnego mieszczanina. \u201eAprobatio\u201d &#8211; napisa\u0142a kr\u00f3lowa  Anna, a litewski pracownik naukowy ochoczo skopiowa\u0142 ow\u0105 zgod\u0119. Czyli &#8211;  prosto &#8211; w Wilnie przesz\u0142o\u015b\u0107 miesza si\u0119 z nowoczesno\u015bci\u0105. A przynajmniej  miesza\u0142a, jeszcze nie tak dawno. Post\u0119powi cze\u015b\u0107!<\/p>\r\n\r\n<p>Tym, kt\u00f3rzy jeszcze pami\u0119taj\u0105 cykliczne histrorie, kt\u00f3re tu  publikowa\u0142em przypominam, \u017ce mo\u017cna jeszcze znale\u017a\u0107 kilka egzemplarzy  &#8222;Pitavala prowincjonalnego&#8221; na stronie <a href=\"http:\/\/www.coryllus.pl\/\">www.coryllus.pl<\/a><\/p>\r\n\r\n<p><strong><em>Coryllus<\/em><\/strong><\/p>","protected":false},"excerpt":{"rendered":"Wbrew pozorom wyst\u0119p pana Rogozina, kt\u00f3ry twierdzi \u017ce jego przodek zabi\u0142 Ulricha von Jungingen pod Grunwaldem nie jest spraw\u0105 b\u0142ah\u0105. Tak si\u0119 mo\u017ce wydawa\u0107 ludziom skupionym na sprawach niewa\u017cnych, takich jak reforma ubezpiecze\u0144 spo\u0142ecznych, podatki albo prawo do adopcji dla gej\u00f3w. Pan Rogozin og\u0142osi\u0142 swoje rewelacje w ksi\u0105\u017cce, kt\u00f3rej promocja odby\u0142a si\u0119 w Wilnie. To [&hellip;]","protected":false},"author":1,"featured_media":0,"comment_status":"closed","ping_status":"closed","sticky":false,"template":"","format":"standard","meta":{"_acf_changed":false,"_monsterinsights_skip_tracking":false,"_monsterinsights_sitenote_active":false,"_monsterinsights_sitenote_note":"","_monsterinsights_sitenote_category":0,"ngg_post_thumbnail":0,"footnotes":"","_wp_rev_ctl_limit":""},"categories":[9],"tags":[65],"acf":[],"_links":{"self":[{"href":"https:\/\/www.bibula.com\/index.php?rest_route=\/wp\/v2\/posts\/32075"}],"collection":[{"href":"https:\/\/www.bibula.com\/index.php?rest_route=\/wp\/v2\/posts"}],"about":[{"href":"https:\/\/www.bibula.com\/index.php?rest_route=\/wp\/v2\/types\/post"}],"author":[{"embeddable":true,"href":"https:\/\/www.bibula.com\/index.php?rest_route=\/wp\/v2\/users\/1"}],"replies":[{"embeddable":true,"href":"https:\/\/www.bibula.com\/index.php?rest_route=%2Fwp%2Fv2%2Fcomments&post=32075"}],"version-history":[{"count":0,"href":"https:\/\/www.bibula.com\/index.php?rest_route=\/wp\/v2\/posts\/32075\/revisions"}],"wp:attachment":[{"href":"https:\/\/www.bibula.com\/index.php?rest_route=%2Fwp%2Fv2%2Fmedia&parent=32075"}],"wp:term":[{"taxonomy":"category","embeddable":true,"href":"https:\/\/www.bibula.com\/index.php?rest_route=%2Fwp%2Fv2%2Fcategories&post=32075"},{"taxonomy":"post_tag","embeddable":true,"href":"https:\/\/www.bibula.com\/index.php?rest_route=%2Fwp%2Fv2%2Ftags&post=32075"}],"curies":[{"name":"wp","href":"https:\/\/api.w.org\/{rel}","templated":true}]}}