{"id":32062,"date":"2011-02-07T13:02:07","date_gmt":"2011-02-07T18:02:07","guid":{"rendered":"http:\/\/www.bibula.com\/?p=32062"},"modified":"2011-02-07T13:02:07","modified_gmt":"2011-02-07T18:02:07","slug":"nie-zycze-sobie-by-te-zbieranine-nazywano-reprezentacja-polski-to-grupa-frustratow-niechcianych-w-innych-krajach-wywiad-z-j-tomaszewskim-b-bramkarzem","status":"publish","type":"post","link":"https:\/\/www.bibula.com\/?p=32062","title":{"rendered":"&#8222;Nie \u017cycz\u0119 sobie, by t\u0119 zbieranin\u0119 nazywano reprezentacj\u0105 Polski. To grupa frustrat\u00f3w, niechcianych w innych krajach&#8221; &#8211; <em>wywiad z J.Tomaszewskim, b.bramkarzem<\/em>"},"content":{"rendered":"<p><strong>&#8211; Nie \u017cycz\u0119 sobie, by t\u0119 zbieranin\u0119 nazywano reprezentacj\u0105  Polski. To grupa frustrat\u00f3w, niechcianych w innych krajach, jak Boenisch  czy zamieszanych w korupcj\u0119, jak Arboleda. W tym towarzystwie brakuje  tylko ludo\u017cercy z Afryki, kt\u00f3ry zjad\u0142 polskiego misjonarza &#8211; nie ukrywa  swojego zdania na temat reprezentacji Jan Tomaszewski w rozmowie z  Footballclub.pl.<\/strong><\/p>\r\n\r\n<p><strong>&#8211; Czy ostatnie zamieszanie zwi\u0105zane z konfliktem na linii Smuda &#8211; Polonia Warszawa nie psuje wizerunku reprezentacji?<\/strong><br \/>\r\n &#8211; Zacznijmy od tego, \u017ce to nie jest reprezentacja Polski. Graj\u0105 w niej  przyb\u0142\u0119dy kolumbijskie, niemieckie\u2026 Pami\u0119ta Pan, co powiedzia\u0142 Sebastian  Boenisch, zanim dosta\u0142 powo\u0142anie od Smudy? Zadeklarowa\u0142, \u017ce chce gra\u0107  dla Niemiec. Tam by\u0142 niechciany, wi\u0119c wybra\u0142 Polsk\u0119. W tej chwili  reprezentacj\u0119 tworzy zbieranina frustrat\u00f3w, kt\u00f3rych nie chcia\u0142 nikt  inny. Wi\u0119c co mo\u017ce bardziej popsu\u0107 ju\u017c tak popsuty wizerunek?<\/p>\r\n\r\n<p><strong>&#8211; Ale oni maj\u0105 polskie korzenie, np. Damien Perquis.<\/strong><br \/>\r\n &#8211; Prezydent Bronis\u0142aw Komorowski z\u0142amie prawo, je\u015bli przyzna Perquisowi  obywatelstwo. Babcia pi\u0142karza zrzek\u0142a si\u0119 go, wi\u0119c on nie ma prawa go  otrzyma\u0107.<\/p>\r\n\r\n<p><strong>&#8211; Ale patrz\u0105c obiektywnie, gdyby nie taki Boenisch, nie mieliby\u015bmy lewego obro\u0144cy. Mo\u017ce w tym szale\u0144stwie jest metoda?<\/strong><br \/>\r\n &#8211; Pami\u0119ta Pan kadr\u0119 skoczk\u00f3w narciarskich kilka lat temu? By\u0142 Adam  Ma\u0142ysz i grupa facet\u00f3w, kt\u00f3rzy spadali ze skoczni. Teraz nagle pojawi\u0142  si\u0119 Kamil Stoch. Tajner nie wpad\u0142 na pomys\u0142, \u017ceby naturalizowa\u0107  dziesi\u0105tego w kolejno\u015bci Austriaka, tylko postawiano na Polak\u00f3w.  Tymczasem Smuda i Lato robi\u0105 zupe\u0142nie co\u015b innego. W tej zbieraninie  brakuje tylko ludo\u017cercy z Afryki, kt\u00f3ry kiedy\u015b zjad\u0142 polskiego  misjonarza.<\/p>\r\n\r\n<p><strong>&#8211; Smuda cz\u0119sto powo\u0142uje si\u0119 na przyk\u0142ady z innych dyscyplin sportu czy z innych reprezentacji, kt\u00f3re post\u0119puj\u0105 identycznie.<\/strong><br \/>\r\n &#8211; Jaki jest sens takiego dzia\u0142ania? W tenisie sto\u0142owym postanowiono da\u0107  paszport Chince, kt\u00f3ra jest w swoim kraju 573., a druga 1247. Efekt? Jak  nie by\u0142o sukces\u00f3w, tak nie ma. Ja nie jestem rasist\u0105. W klubie mog\u0105  gra\u0107 sami Brazylijczycy, ale to jest reprezentacja Polski.<\/p>\r\n\r\n<p><strong>&#8211; Tymczasem linia obrony polskiej reprezentacji na Euro przedstawia si\u0119 nast\u0119puj\u0105co: Cionek, Arboleda, Perquis, Boenisch.<\/strong><br \/>\r\n &#8211; Wracaj\u0105c do Arboledy, nie wyobra\u017cam sobie, by zawodnik zamieszany w  korupcj\u0119 reprezentowa\u0142 Polsk\u0119 na Euro. \u0141ukasz Piszczek przyzna\u0142, \u017ce w  meczu z Cracovi\u0105 nie by\u0142o pi\u0142karza, kt\u00f3ry nie wiedzia\u0142 o sprzedanym  meczu. Wi\u0119c Arboleda tez na pewno da\u0142 swoj\u0105 dzia\u0142k\u0119.<\/p>\r\n\r\n<p><strong>&#8211; Pan jest cz\u0119sto odosobniony w swojej krytyce. Wi\u0119kszo\u015bci nie przeszkadza, \u017ce dla Polski zagraj\u0105 Niemiec czy Kolumbijczyk.<\/strong><br \/>\r\n &#8211; Nigdy nie b\u0119d\u0119 klakierem, jak moi koledzy z Klubu Wybitnego  Reprezentanta. Nie b\u0119d\u0119 tak jak oni wygadywa\u0142 g\u0142upot. Ja kibicuj\u0119  siatkarzom czy pi\u0142karzom r\u0119cznym, ale kadr\u0119 Smudy mam w d\u2026 Nie przyznaj\u0119  si\u0119 do niej.<\/p>\r\n\r\n<p class=\"zrodlo\">\u0179r\u00f3d\u0142o: Footballclub.pl [<a href=\"http:\/\/www.footballclub.pl\/mecze-towarzyskie\/Polska_118\/quotKadra-Smudy-to-nie-reprezentacja_5810\/\" target=\"_blank\">link<\/a>]<\/p>","protected":false},"excerpt":{"rendered":"&#8211; Nie \u017cycz\u0119 sobie, by t\u0119 zbieranin\u0119 nazywano reprezentacj\u0105 Polski. To grupa frustrat\u00f3w, niechcianych w innych krajach, jak Boenisch czy zamieszanych w korupcj\u0119, jak Arboleda. W tym towarzystwie brakuje tylko ludo\u017cercy z Afryki, kt\u00f3ry zjad\u0142 polskiego misjonarza &#8211; nie ukrywa swojego zdania na temat reprezentacji Jan Tomaszewski w rozmowie z Footballclub.pl. &#8211; Czy ostatnie zamieszanie [&hellip;]","protected":false},"author":1,"featured_media":0,"comment_status":"closed","ping_status":"closed","sticky":false,"template":"","format":"standard","meta":{"_acf_changed":false,"_monsterinsights_skip_tracking":false,"_monsterinsights_sitenote_active":false,"_monsterinsights_sitenote_note":"","_monsterinsights_sitenote_category":0,"ngg_post_thumbnail":0,"footnotes":"","_wp_rev_ctl_limit":""},"categories":[6],"tags":[76,98],"acf":[],"_links":{"self":[{"href":"https:\/\/www.bibula.com\/index.php?rest_route=\/wp\/v2\/posts\/32062"}],"collection":[{"href":"https:\/\/www.bibula.com\/index.php?rest_route=\/wp\/v2\/posts"}],"about":[{"href":"https:\/\/www.bibula.com\/index.php?rest_route=\/wp\/v2\/types\/post"}],"author":[{"embeddable":true,"href":"https:\/\/www.bibula.com\/index.php?rest_route=\/wp\/v2\/users\/1"}],"replies":[{"embeddable":true,"href":"https:\/\/www.bibula.com\/index.php?rest_route=%2Fwp%2Fv2%2Fcomments&post=32062"}],"version-history":[{"count":0,"href":"https:\/\/www.bibula.com\/index.php?rest_route=\/wp\/v2\/posts\/32062\/revisions"}],"wp:attachment":[{"href":"https:\/\/www.bibula.com\/index.php?rest_route=%2Fwp%2Fv2%2Fmedia&parent=32062"}],"wp:term":[{"taxonomy":"category","embeddable":true,"href":"https:\/\/www.bibula.com\/index.php?rest_route=%2Fwp%2Fv2%2Fcategories&post=32062"},{"taxonomy":"post_tag","embeddable":true,"href":"https:\/\/www.bibula.com\/index.php?rest_route=%2Fwp%2Fv2%2Ftags&post=32062"}],"curies":[{"name":"wp","href":"https:\/\/api.w.org\/{rel}","templated":true}]}}