{"id":32028,"date":"2011-02-07T10:47:37","date_gmt":"2011-02-07T15:47:37","guid":{"rendered":"http:\/\/www.bibula.com\/?p=32028"},"modified":"2011-02-07T10:47:37","modified_gmt":"2011-02-07T15:47:37","slug":"prezydent-komorowski-odbudowuje-trojkat-weimarski-zbigniew-kuzmiuk","status":"publish","type":"post","link":"https:\/\/www.bibula.com\/?p=32028","title":{"rendered":"Prezydent Komorowski odbudowuje Tr\u00f3jk\u0105t Weimarski &#8211; <em>Zbigniew Ku\u017amiuk<\/em>"},"content":{"rendered":"<p><strong>Dzisiaj w Warszawie pierwszy raz poz g\u00f3r\u0105 4 latach odb\u0119dzie spotkanie g\u0142\u00f3w pa\u0144stw w ramach Tr\u00f3jk\u0105ta Weimarskiego. Na zaproszenie Prezydenta Komorowskiego do Warszawy przyb\u0119d\u0105 Kanclerz Niemiec Angela Merkel i Prezydent Francji Nicolas Sarkozy.<\/strong><\/p>\r\n\r\n<p>Prezydent Komorowski nie kryje, \u017ce ma zamiar odbudowa\u0107 kontakty g\u0142\u00f3w Polski, Niemiec i Francji, tak przynajmniej zapowiedzia\u0142 we wczorajszym wywiadzie dla I Programu Polskiego Radia.<\/p>\r\n\r\n<p>Przy okazji jak to ma ju\u017c w zwyczaju nie omieszka\u0142 wytkn\u0105\u0107 swojemu poprzednikowi \u015a.P. Prezydentowi Lechowi Kaczy\u0144skiemu, \u017ce zaniecha\u0142 odbywanie tego rodzaju spotka\u0144 i \u017ce to by\u0142 powa\u017cny b\u0142\u0105d.<\/p>\r\n\r\n<p>Wypada \u017cyczy\u0107 Prezydentowi Komorowskiemu sukces\u00f3w w kontaktach z prezydentami i premierami najwa\u017cniejszych kraj\u00f3w Unii Europejskiej ale znaj\u0105c spos\u00f3b prowadzenia przez niego rozm\u00f3w z przyw\u00f3dcami innych pa\u0144stw niestety o te sukcesy b\u0119dzie bardzo trudno.<\/p>\r\n\r\n<p>W\u0142a\u015bnie tygodnik Newsweek opisuje kulisy spotkania Prezydenta Komorowskiego z Prezydentem USA Barakiem Obam\u0105, podczas kt\u00f3rego par\u0119 razy polska delegacja otar\u0142a si\u0119 wr\u0119cz o kompromitacj\u0119.<\/p>\r\n\r\n<p>Spotkania z Kanclerz Niemiec i Prezydentem Francji nale\u017cy uzna\u0107 za wydarzenie tle tylko, \u017ce istnieje powa\u017cna obawa, \u017ce poklepywania po plecach i u\u015bciski z jakimi zapewne spotka si\u0119 nasz prezydent potraktujemy jako powa\u017cne osi\u0105gni\u0119cia negocjacyjne.<\/p>\r\n\r\n<p>Ile takich poklepywa\u0144 po plecach i u\u015bcisk\u00f3w odebra\u0142 ju\u017c i Prezydent Komorowski i Premier Tusk od mo\u017cnych tego \u015bwiata. Po ka\u017cdym takim spotkaniu sprzyjaj\u0105ce politykom Platformy media odtr\u0105bi\u0142y sukcesy cho\u0107 w rzeczywisto\u015bci ich nie by\u0142o.<\/p>\r\n\r\n<p>Z Angel\u0105 Merkel Premier Tusk spotka\u0142 si\u0119 w ci\u0105gu tych3 lat przynajmniej kilkadziesi\u0105t razy, Prezydent Komorowski te\u017c ju\u017c klika razy i co? I dok\u0142adnie nic. \u0179adna z wa\u017cnych polskich spraw mimo to nie zosta\u0142a za\u0142atwiona po naszej my\u015bli, cho\u0107 po ka\u017cdym spotkaniu otrzymujemy komunikaty o osi\u0105gni\u0119ciu wr\u0119cz \u201enar\u0119cza sukces\u00f3w\u201d.<\/p>\r\n\r\n<p>Gazoci\u0105g P\u00f3\u0142nocny b\u0119d\u0105cy kwintesencj\u0105 porozumienia Niemiec z Rosj\u0105 ponad naszymi g\u0142owami jest ju\u017c finalizowany, pierwszy gaz pop\u0142ynie nim ju\u017c pod koniec 2011 roku cho\u0107 to jasne, \u017ce godzi on w nasze ekonomiczne interesy i jest sprzeczny ze wsp\u00f3ln\u0105 polityk\u0105 energetyczn\u0105 zapisan\u0105 w Traktacie Lizbo\u0144skim.<\/p>\r\n\r\n<p>Ba jego u\u0142o\u017cenie na wysoko\u015bci \u015awinouj\u015bcia i Szczecina jest takie, \u017ce znacz\u0105co utrudni ono funkcjonowanie obydwu port\u00f3w, a kto wie czy nie uczyni naszej sztandarowej inwestycji dywersyfikuj\u0105cej dostawy gazu do Polski czyli gazoportu, nieefektywn\u0105 ekonomicznie.<\/p>\r\n\r\n<p>Nawet nie wiadomo czy nasi przyw\u00f3dcy stawiali twardo t\u0105 kwesti\u0119 na spotkaniach z Pani\u0105 Kanclerz. Muzeum Wyp\u0119dzonych jest realizowane jak gdyby nigdy nic w kszta\u0142cie dok\u0142adnie takim o jaki chodzi\u0142o Niemcom (II wojna \u015bwiatowa to tylko holokaust i wyp\u0119dzenia), my cieszymy si\u0119, \u017ce Pani Eryka Steinbach ostatecznie zgodzi\u0142a si\u0119 nie wej\u015b\u0107 dorady tego muzeum.<\/p>\r\n\r\n<p>Przyw\u00f3dcy Niemiec i Francji naciskali jeszcze na Prezydenta Kaczy\u0144skiego aby szybko podpisywa\u0142 Traktat Lizbo\u0144ski bo to usprawni dzia\u0142anie UE. Tak\u017ce w Polsce ze strony przyw\u00f3dc\u00f3w Platformy Prezydent Kaczy\u0144ski zbiera\u0142 ci\u0119gi, \u017ce si\u0119 z tym nie \u015bpieszy. Traktat ostatecznie zosta\u0142 przyj\u0119ty, wielcy UE wybrali na przyw\u00f3dc\u00f3w Unii polityk\u00f3w z 3 rz\u0119du a teraz nie szanuj\u0105c nie tylko zapis\u00f3w tego traktatu rz\u0105dz\u0105 Uni\u0105 jak nie przymierzaj\u0105c w\u0142asnym folwarkiem.<\/p>\r\n\r\n<p>Nie s\u0105dz\u0119 aby kt\u00f3rykolwiek z wymienionych wy\u017cej problem\u00f3w Prezydent Komorowski poruszy\u0142 w dzisiejszych rozmowach. Nie poruszy tak\u017ce zapewne problemu wyr\u00f3wnania dop\u0142at rolniczych po roku 2013 (cho\u0107 Polsce dawa\u0142o by to dodatkow\u0105 kwot\u01191,2 mld euro rocznie) nie poruszy konieczno\u015bci utrzymania polityki sp\u00f3jno\u015bci w dotychczasowym kszta\u0142cie bo Niemcy i Francja ju\u017c ponad rok temu zdecydowa\u0142y, \u017ce nie b\u0119dzie ani wyr\u00f3wnania dop\u0142at,a polityka sp\u00f3jno\u015bci zostanie powa\u017cnie ograniczona.<\/p>\r\n\r\n<p>B\u0119d\u0105 mi\u0142e u\u015bmiechy i ciep\u0142e s\u0142owa dla naszego kraju, a media na pewno podkre\u015bl\u0105, \u017ce wielkim sukcesem Prezydenta Komorowskiego jest to, \u017ce przyw\u00f3dcy Niemiec i Francji w og\u00f3le zechcieli do Polski przyjecha\u0107.<\/p>\r\n\r\n<p><strong><em>Zbigniew Ku\u017amiuk<\/em><\/strong><\/p>","protected":false},"excerpt":{"rendered":"Dzisiaj w Warszawie pierwszy raz poz g\u00f3r\u0105 4 latach odb\u0119dzie spotkanie g\u0142\u00f3w pa\u0144stw w ramach Tr\u00f3jk\u0105ta Weimarskiego. Na zaproszenie Prezydenta Komorowskiego do Warszawy przyb\u0119d\u0105 Kanclerz Niemiec Angela Merkel i Prezydent Francji Nicolas Sarkozy. Prezydent Komorowski nie kryje, \u017ce ma zamiar odbudowa\u0107 kontakty g\u0142\u00f3w Polski, Niemiec i Francji, tak przynajmniej zapowiedzia\u0142 we wczorajszym wywiadzie dla I [&hellip;]","protected":false},"author":3,"featured_media":0,"comment_status":"closed","ping_status":"closed","sticky":false,"template":"","format":"standard","meta":{"_acf_changed":false,"_monsterinsights_skip_tracking":false,"_monsterinsights_sitenote_active":false,"_monsterinsights_sitenote_note":"","_monsterinsights_sitenote_category":0,"ngg_post_thumbnail":0,"footnotes":"","_wp_rev_ctl_limit":""},"categories":[9],"tags":[166,89,98,144],"acf":[],"_links":{"self":[{"href":"https:\/\/www.bibula.com\/index.php?rest_route=\/wp\/v2\/posts\/32028"}],"collection":[{"href":"https:\/\/www.bibula.com\/index.php?rest_route=\/wp\/v2\/posts"}],"about":[{"href":"https:\/\/www.bibula.com\/index.php?rest_route=\/wp\/v2\/types\/post"}],"author":[{"embeddable":true,"href":"https:\/\/www.bibula.com\/index.php?rest_route=\/wp\/v2\/users\/3"}],"replies":[{"embeddable":true,"href":"https:\/\/www.bibula.com\/index.php?rest_route=%2Fwp%2Fv2%2Fcomments&post=32028"}],"version-history":[{"count":0,"href":"https:\/\/www.bibula.com\/index.php?rest_route=\/wp\/v2\/posts\/32028\/revisions"}],"wp:attachment":[{"href":"https:\/\/www.bibula.com\/index.php?rest_route=%2Fwp%2Fv2%2Fmedia&parent=32028"}],"wp:term":[{"taxonomy":"category","embeddable":true,"href":"https:\/\/www.bibula.com\/index.php?rest_route=%2Fwp%2Fv2%2Fcategories&post=32028"},{"taxonomy":"post_tag","embeddable":true,"href":"https:\/\/www.bibula.com\/index.php?rest_route=%2Fwp%2Fv2%2Ftags&post=32028"}],"curies":[{"name":"wp","href":"https:\/\/api.w.org\/{rel}","templated":true}]}}