{"id":32007,"date":"2011-02-07T13:25:41","date_gmt":"2011-02-07T18:25:41","guid":{"rendered":"http:\/\/www.bibula.com\/?p=32007"},"modified":"2011-02-07T13:25:41","modified_gmt":"2011-02-07T18:25:41","slug":"trucht-imitatora-profesora-w-gosciu-niedzielnym-miroslaw-kraszewski","status":"publish","type":"post","link":"https:\/\/www.bibula.com\/?p=32007","title":{"rendered":"Trucht imitatora profesora w &#8222;Go\u015bciu Niedzielnym&#8221; &#8211; <em>Miros\u0142aw Kraszewski<\/em>"},"content":{"rendered":"<p><strong>W ramach promocji ksi\u0105\u017cki uniwersyteckiego profesora Jana Grossa ukaza\u0142 sie w &#8222;Go\u015bciu Niedzielnym&#8221; wywiad z &#8222;prof.&#8221; W\u0142adys\u0142awem Bartoszewskim, niedoukiem, kt\u00f3ry profesorem nie by\u0142 i nie jest, lecz cwaniacko ca\u0142ymi latami imitowa\u0142 profesora, zamiast zaj\u0105\u0107 si\u0119 uczciwie dokszta\u0142tem, cho\u0107by wieczorowym  lub zaocznym i zdoby\u0107 kwalifikacje do nauczania w przedszkolu lub  szkole podstawowej, kt\u00f3rych to kwalifikacji &#8222;profesor&#8221; jednak w  jego w\u0142asnym \u017cyciorysie nie posiada.<\/strong><\/p>\r\n\r\n<p>&#8222;Profesor&#8221;  przyzna\u0142 si\u0119 nawet w obliczu zagro\u017cenia aresztowaniem w Weimarze, w  wywiadzie dla Dziennika&#8221;, \u017ce profesorem nie jest. Niemiecki rz\u0105d mu  ten fa\u0142szywy tytu\u0142 wykre\u015bli\u0142. Tyle wst\u0119pu w  sprawie rz\u0105dowego autorytetu, kt\u00f3ry post\u0119powa\u0142 w Niemczech  gorzej ni\u017c kryminalista, z\u0142odziej samochod\u00f3w, ryzykuj\u0105c wiezieniem za u\u017cywanie nieprzys\u0142uguj\u0105cego mu tytu\u0142u naukowego.<\/p>\r\n\r\n<p>Tutaj wracam do tytu\u0142owego <a href=\"http:\/\/goscniedzielny.wiara.pl\/index.php?grupa=6&amp;cr=0&amp;kolej=0&amp;art=1296403129&amp;dzi=1207812935&amp;katg=\" target=\"_blank\">artykulu<\/a> w &#8222;Go\u015bciu Niedzielnym&#8221;, kt\u00f3ry wyci\u0105gn\u0105\u0142 jak asa z r\u0119kawa, &#8222;profesora&#8221; czyli fa\u0142szywy autorytet w celu zaprezentowania kontrowersyjnej, poniewa\u017c odbieranej jako antypolskiej, ksi\u0105\u017cki.<\/p>\r\n\r\n<p>Pan W\u0142adys\u0142aw Bartoszewski, szczyc\u0105cy si\u0119 publicznie  w Niemczech posiadaniem izraelskiego obywatelstwa, wyst\u0119puje w  wywiadzie nie tylko jako krytyk zadeklarowanego \u017cydowskiego autora i  jego ksi\u0105\u017cki, lecz g\u0142\u00f3wnie jako domoros\u0142y historyk maj\u0105cy niejako  kwalifikacje do oceny naukowej historycznej warto\u015bci ksi\u0105\u017cki autorstwa  socjologa.<\/p>\r\n\r\n<p style=\"padding-left: 30px;\">&#8222;<em>Pan  Jan Gross jest uznawanym ameryka\u0144skim profesorem socjologii, ale nigdy w  \u017cyciu nie studiowa\u0142 historii, nie by\u0142 i nie jest historykiem.&#8221;<\/em><\/p>\r\n\r\n<p>Nale\u017cy wspomnie\u0107, \u017ce pan W\u0142adys\u0142aw Bartoszewski przemilcza\u0142 fakt, \u017ce r\u00f3wnie\u017c nigdy w \u017cyciu nie studiowa\u0142 historii,  nie jest historykiem, wiec robienie z niego &#8222;profesora&#8221;  przez Go\u015bcia Niedzielnego jest chyba po prostu hucp\u0105 w stylu  &#8222;przymawia\u0142 kocio\u0142 garnkowi&#8221;, w ramach promocji komercyjnych publikacji  z kt\u00f3rych \u017cyj\u0105 Gross i Bartoszewski. Z publikacji nazywanych tu  i \u00f3wdzie \u017cerowaniem na trumnach.<\/p>\r\n\r\n<p>Pan Rafa\u0142 Ziemkiewicz <a href=\"http:\/\/www.rp.pl\/artykul\/606084-Kto-do-gory--kto-w-dol---.html\" target=\"_blank\">napisa\u0142<\/a> o zagalopowaniu si\u0119 &#8222;profesora&#8221; Bartoszewskiego.<\/p>\r\n\r\n<p>Ja traktuj\u0119  ten wywiad nie jako galop, raczej jako trucht pana W\u0142adys\u0142awa Bartoszewskiego, <strong>wpisuj\u0105cy si\u0119 w jego w\u0142asn\u0105 talmudyczn\u0105 klasyfikacj\u0119 Polak\u00f3w na byd\u0142o i niebyd\u0142o<\/strong>.<\/p>\r\n\r\n<p>Pan W\u0142adys\u0142aw Bartoszewski, pe\u0142nomocnik premiera  Tuska nie posiadaj\u0105c do tego \u017cadnych kwalifikacji historyka ani  kryminologa, nie zapomnia\u0142 oczywi\u015bcie wypowiedzie\u0107 si\u0119, po dziadowsku, o Polakach rzekomo \u017ceruj\u0105cych na Pawiaku i w Jedwabnym.<\/p>\r\n\r\n<p><strong><em>Miros\u0142aw Kraszewski<\/em><\/strong><\/p>","protected":false},"excerpt":{"rendered":"W ramach promocji ksi\u0105\u017cki uniwersyteckiego profesora Jana Grossa ukaza\u0142 sie w &#8222;Go\u015bciu Niedzielnym&#8221; wywiad z &#8222;prof.&#8221; W\u0142adys\u0142awem Bartoszewskim, niedoukiem, kt\u00f3ry profesorem nie by\u0142 i nie jest, lecz cwaniacko ca\u0142ymi latami imitowa\u0142 profesora, zamiast zaj\u0105\u0107 si\u0119 uczciwie dokszta\u0142tem, cho\u0107by wieczorowym lub zaocznym i zdoby\u0107 kwalifikacje do nauczania w przedszkolu lub szkole podstawowej, kt\u00f3rych to kwalifikacji &#8222;profesor&#8221; [&hellip;]","protected":false},"author":1,"featured_media":0,"comment_status":"closed","ping_status":"closed","sticky":false,"template":"","format":"standard","meta":{"_acf_changed":false,"_monsterinsights_skip_tracking":false,"_monsterinsights_sitenote_active":false,"_monsterinsights_sitenote_note":"","_monsterinsights_sitenote_category":0,"ngg_post_thumbnail":0,"footnotes":"","_wp_rev_ctl_limit":""},"categories":[9],"tags":[65,22,98],"acf":[],"_links":{"self":[{"href":"https:\/\/www.bibula.com\/index.php?rest_route=\/wp\/v2\/posts\/32007"}],"collection":[{"href":"https:\/\/www.bibula.com\/index.php?rest_route=\/wp\/v2\/posts"}],"about":[{"href":"https:\/\/www.bibula.com\/index.php?rest_route=\/wp\/v2\/types\/post"}],"author":[{"embeddable":true,"href":"https:\/\/www.bibula.com\/index.php?rest_route=\/wp\/v2\/users\/1"}],"replies":[{"embeddable":true,"href":"https:\/\/www.bibula.com\/index.php?rest_route=%2Fwp%2Fv2%2Fcomments&post=32007"}],"version-history":[{"count":0,"href":"https:\/\/www.bibula.com\/index.php?rest_route=\/wp\/v2\/posts\/32007\/revisions"}],"wp:attachment":[{"href":"https:\/\/www.bibula.com\/index.php?rest_route=%2Fwp%2Fv2%2Fmedia&parent=32007"}],"wp:term":[{"taxonomy":"category","embeddable":true,"href":"https:\/\/www.bibula.com\/index.php?rest_route=%2Fwp%2Fv2%2Fcategories&post=32007"},{"taxonomy":"post_tag","embeddable":true,"href":"https:\/\/www.bibula.com\/index.php?rest_route=%2Fwp%2Fv2%2Ftags&post=32007"}],"curies":[{"name":"wp","href":"https:\/\/api.w.org\/{rel}","templated":true}]}}