{"id":32003,"date":"2011-02-06T21:29:31","date_gmt":"2011-02-07T02:29:31","guid":{"rendered":"http:\/\/www.bibula.com\/?p=32003"},"modified":"2011-02-06T21:29:31","modified_gmt":"2011-02-07T02:29:31","slug":"wiezniowie-dostana-podwyzke","status":"publish","type":"post","link":"https:\/\/www.bibula.com\/?p=32003","title":{"rendered":"Wi\u0119\u017aniowie dostan\u0105 podwy\u017ck\u0119"},"content":{"rendered":"<p><strong>Ze wzgl\u0119du na orzeczenie Trybuna\u0142u  Konstytucyjnego z lutego 2009 r. od 10 marca 2011 r. wi\u0119\u017aniowie, kt\u00f3rzy  wykonuj\u0105 prac\u0119, powinni otrzymywa\u0107 wynagrodzenie r\u00f3wne co najmniej p\u0142acy  minimalnej &#8211; podaje &#8222;Dziennik Gazeta Prawna\u201d.<\/strong><\/p>\r\n\r\n<p>TK uzna\u0142 w\u00f3wczas, \u017ce niekonstytucyjny  jest art. 123 par. 2 Kodeksu karnego wykonawczego, kt\u00f3ry przewiduje, \u017ce  pracodawca musi wyp\u0142aci\u0107 zatrudnionemu wi\u0119\u017aniowi co najmniej po\u0142ow\u0119  minimalnego wynagrodzenia (czyli obecnie 693 z\u0142), gdy\u017c Konstytucja  gwarantuje pracownikom minimaln\u0105 p\u0142ac\u0119, niezale\u017cnie od formy, w jakiej  zostali zatrudnieni.<\/p>\r\n\r\n<p>Orzeczenie TK oznacza, \u017ce niekt\u00f3rzy  pracodawcy b\u0119d\u0105 musieli zwi\u0119kszy\u0107 p\u0142ace wyp\u0142acane wi\u0119\u017aniom nawet o 100%,  co mo\u017ce skutkowa\u0107 ograniczeniem ich etat\u00f3w, gdy\u017c naturalnie wzrosn\u0105  koszty pracy os\u00f3b pozbawionych wolno\u015bci.<\/p>\r\n\r\n<p>\u0179r\u00f3d\u0142o: praca.gazetaprawna.pl<\/p>","protected":false},"excerpt":{"rendered":"Ze wzgl\u0119du na orzeczenie Trybuna\u0142u Konstytucyjnego z lutego 2009 r. od 10 marca 2011 r. wi\u0119\u017aniowie, kt\u00f3rzy wykonuj\u0105 prac\u0119, powinni otrzymywa\u0107 wynagrodzenie r\u00f3wne co najmniej p\u0142acy minimalnej &#8211; podaje &#8222;Dziennik Gazeta Prawna\u201d. TK uzna\u0142 w\u00f3wczas, \u017ce niekonstytucyjny jest art. 123 par. 2 Kodeksu karnego wykonawczego, kt\u00f3ry przewiduje, \u017ce pracodawca musi wyp\u0142aci\u0107 zatrudnionemu wi\u0119\u017aniowi co najmniej [&hellip;]","protected":false},"author":1,"featured_media":0,"comment_status":"closed","ping_status":"closed","sticky":false,"template":"","format":"standard","meta":{"_acf_changed":false,"_monsterinsights_skip_tracking":false,"_monsterinsights_sitenote_active":false,"_monsterinsights_sitenote_note":"","_monsterinsights_sitenote_category":0,"ngg_post_thumbnail":0,"footnotes":"","_wp_rev_ctl_limit":""},"categories":[8],"tags":[98],"acf":[],"_links":{"self":[{"href":"https:\/\/www.bibula.com\/index.php?rest_route=\/wp\/v2\/posts\/32003"}],"collection":[{"href":"https:\/\/www.bibula.com\/index.php?rest_route=\/wp\/v2\/posts"}],"about":[{"href":"https:\/\/www.bibula.com\/index.php?rest_route=\/wp\/v2\/types\/post"}],"author":[{"embeddable":true,"href":"https:\/\/www.bibula.com\/index.php?rest_route=\/wp\/v2\/users\/1"}],"replies":[{"embeddable":true,"href":"https:\/\/www.bibula.com\/index.php?rest_route=%2Fwp%2Fv2%2Fcomments&post=32003"}],"version-history":[{"count":0,"href":"https:\/\/www.bibula.com\/index.php?rest_route=\/wp\/v2\/posts\/32003\/revisions"}],"wp:attachment":[{"href":"https:\/\/www.bibula.com\/index.php?rest_route=%2Fwp%2Fv2%2Fmedia&parent=32003"}],"wp:term":[{"taxonomy":"category","embeddable":true,"href":"https:\/\/www.bibula.com\/index.php?rest_route=%2Fwp%2Fv2%2Fcategories&post=32003"},{"taxonomy":"post_tag","embeddable":true,"href":"https:\/\/www.bibula.com\/index.php?rest_route=%2Fwp%2Fv2%2Ftags&post=32003"}],"curies":[{"name":"wp","href":"https:\/\/api.w.org\/{rel}","templated":true}]}}