{"id":31889,"date":"2011-02-04T19:44:53","date_gmt":"2011-02-05T00:44:53","guid":{"rendered":"http:\/\/www.bibula.com\/?p=31889"},"modified":"2011-02-04T19:44:53","modified_gmt":"2011-02-05T00:44:53","slug":"lista-hanby-lista-chwaly","status":"publish","type":"post","link":"https:\/\/www.bibula.com\/?p=31889","title":{"rendered":"Lista ha\u0144by, lista chwa\u0142y!"},"content":{"rendered":"<p><strong>To g\u0142osowanie mia\u0142o wymiar symboliczny, zupe\u0142nie jednoznacznie pokazuj\u0105c, kto jest kim w polskim parlamencie. Pos\u0142owie, kt\u00f3rzy nie zag\u0142osowali za poprawk\u0105 jasno definiuj\u0105c\u0105 ma\u0142\u017ce\u0144stwo jako zwi\u0105zek kobiety i m\u0119\u017cczyzny jasno i zdecydowanie pokazali, \u017ce nie zale\u017cy im na dobru rodziny, a je\u015bli deklaruj\u0105 katolicyzm, to jest on psu na bud\u0119 warty.<\/strong><\/p>\r\n\r\n<p>Z Platformy Obywatelskiej za przyj\u0119ciem poprawki broni\u0105cej ma\u0142\u017ce\u0144stwa g\u0142osowa\u0142o <a href=\"http:\/\/orka.sejm.gov.pl\/SQL.nsf\/InfoForPPIDec?OpenAgent&amp;35629&amp;PO&amp;Za\">35 pos\u0142\u00f3w<\/a>.<\/p>\r\n\r\n<p>Marek Biernacki, Andrzej Biernat Andrzej, Jacek Brzezinka, Jerzy Budnik Jerzy, Andrzej Bu\u0142a, Beata Butryn, Andrzej Czerwi\u0144ski, Andrzej Czuma, Joanna Fabisiak, Krzysztof Gadowski, Jaros\u0142aw Gowin, Andrzej Gut-Mostowy, Andrzej Kania, Tadeusz Kope\u0107, Roman Kosecki, Miros\u0142aw Ko\u017alakiewicz, Adam Krupa, Jan Kulas, Antoni M\u0119\u017cyd\u0142o, Alicja Olechowska, Piotr O\u0142owski, Ireneusz Ra\u015b, Leszek Redzimski, Halina Rozpondek, Marek Rz\u0105sa, Wojciech Sa\u0142uga, Miros\u0142aw Seku\u0142a, Witold Sitarz, Andrzej Smirnow, Lidia Staro\u0144, Piotr Van der Coghen, Wojciech Wilk, Norbert Wojnarowski, Wojciech Ziemniak, Jacek \u0179alek.<\/p>\r\n\r\n<p><a href=\"http:\/\/orka.sejm.gov.pl\/SQL.nsf\/InfoForPPIDec?OpenAgent&amp;35629&amp;PO&amp;Przeciw\">Lista ha\u0144by<\/a> w PO jest jednak znacznie d\u0142u\u017csza. A na niej mi\u0119dzy innymi:<\/p>\r\n\r\n<p>Miros\u0142aw Drzewiecki, Waldy Dzikowski Waldy, Jerzy Fedorowicz, Magdalena G\u0105sior-Marek, pastor John Abaham Godson, Cezary Grabarczyk, Aleksander Grad, Pawe\u0142 Gra\u015b, Rafa\u0142 Grupi\u0144ski, Iwona Guzowska, Ma\u0142gorzata Kidawa-B\u0142o\u0144ska, Magdalena Kochan, Ewa Kopacz, Agnieszka Koz\u0142owska-Rajewicz, Konstanty Miodowicz, Joanna Mucha, Stefan Niesio\u0142owski, Julia Pitera, Tadeusz Ross, S\u0142awomir Rybicki, Grzegorz Schetyna, Rados\u0142aw Sikorski, Micha\u0142 Szczerba, Adam Szejnfeld, Iwona \u015aledzi\u0144ska-Katarasi\u0144ska, Tomasz Tomczykiewicz.<\/p>\r\n\r\n<p>Z PiS za przyj\u0119ciem poprawki by\u0142o <a href=\"http:\/\/orka.sejm.gov.pl\/SQL.nsf\/InfoForPPIDec?OpenAgent&amp;35629&amp;PiS&amp;Za\">133 pos\u0142\u00f3w<\/a>. W tym:<\/p>\r\n\r\n<p>Mariusz B\u0142aszczak, Joachim Brudzi\u0144ski, Aleksander Ch\u0142opek, JAndrzej Dera, Zbigniew Girzy\u0144ski, Artur G\u00f3rski, Krzysztof Jurgiel, Mariusz Kami\u0144ski, Beata Kempa, Maks Kraczkowski, Boles\u0142aw Piecha, Stanis\u0142aw Pi\u0119ta, Jerzy Polaczek, Nelli Rokita-Arnold, Jaros\u0142aw Sellin, Anna Sobecka, Marek Suski, Krzysztof Tch\u00f3rzewski, Ryszard Terlecki, Kazimierz Micha\u0142 Ujazdowski, Teresa Wargocka, Tadeusz Wita.<\/p>\r\n\r\n<p>Przeciw by\u0142 jeden pose\u0142 (jak si\u0119 dowiedzieli\u015bmy mia\u0142 si\u0119 pomyli\u0107)\u00a0Mieczys\u0142aw Golba.<\/p>\r\n\r\n<p>PJN solidarnie g\u0142osowa\u0142 za przyj\u0119ciem poprawki.<\/p>\r\n\r\n<p>Lena D\u0105bkowska-Cichocka, Tomasz Dudzi\u0144ski, Adam Gaw\u0119da, Kazimierz Hajda, El\u017cbieta Jakubiak, Lucjan Karasiewicz, Wies\u0142aw Kilian, Joanna Kluzik-Rostkowska, Jan Filip Libicki, Wojciech Mojzesowicz, Jan O\u0142dakowski, Pilch Jacek, Pawe\u0142 Poncyliusz, Andrzej So\u015bnierz, Andrzej Walkowiak i Zbigniew Wojciechowski.<\/p>\r\n\r\n<p>Z PSL-u na list\u0119 ha\u0144by wpisa\u0142o si\u0119 tylko czterech pos\u0142\u00f3w: Mieczys\u0142aw \u0141uczak, Stanis\u0142aw Olas Stanis\u0142aw, Wies\u0142aw Rygiel i Stanis\u0142aw Witaszczyk. <a href=\"http:\/\/orka.sejm.gov.pl\/SQL.nsf\/InfoForPPIDec?OpenAgent&amp;35629&amp;PSL&amp;Za\">Reszta zag\u0142osowa\u0142a w obronie rodziny<\/a>.<\/p>\r\n\r\n<p>Je\u015bli chodzi o lewic\u0119, to solidarnie, czego mo\u017cna by\u0142o si\u0119 spodziewa\u0107 g\u0142osowa\u0142a ona, niezale\u017cnie od barw partyjnych (SLD, SdPL) przeciwko rodzinie. <a href=\"http:\/\/orka.sejm.gov.pl\/SQL.nsf\/InfoForPPID?OpenAgent&amp;35629&amp;niez.\">Pos\u0142owie niezale\u017cni<\/a> podzielili si\u0119. Ludwik Dorn g\u0142osowa\u0142 za przyj\u0119ciem poprawki, Zbigniew Chlebowski, i Andrzej Celi\u0144ski przeciw.<\/p>\r\n\r\n<p>TPT<\/p>","protected":false},"excerpt":{"rendered":"To g\u0142osowanie mia\u0142o wymiar symboliczny, zupe\u0142nie jednoznacznie pokazuj\u0105c, kto jest kim w polskim parlamencie. Pos\u0142owie, kt\u00f3rzy nie zag\u0142osowali za poprawk\u0105 jasno definiuj\u0105c\u0105 ma\u0142\u017ce\u0144stwo jako zwi\u0105zek kobiety i m\u0119\u017cczyzny jasno i zdecydowanie pokazali, \u017ce nie zale\u017cy im na dobru rodziny, a je\u015bli deklaruj\u0105 katolicyzm, to jest on psu na bud\u0119 warty. Z Platformy Obywatelskiej za przyj\u0119ciem [&hellip;]","protected":false},"author":3,"featured_media":0,"comment_status":"closed","ping_status":"closed","sticky":false,"template":"","format":"standard","meta":{"_acf_changed":false,"_monsterinsights_skip_tracking":false,"ngg_post_thumbnail":0,"footnotes":"","_wp_rev_ctl_limit":""},"categories":[8],"tags":[132,26],"acf":[],"_links":{"self":[{"href":"https:\/\/www.bibula.com\/index.php?rest_route=\/wp\/v2\/posts\/31889"}],"collection":[{"href":"https:\/\/www.bibula.com\/index.php?rest_route=\/wp\/v2\/posts"}],"about":[{"href":"https:\/\/www.bibula.com\/index.php?rest_route=\/wp\/v2\/types\/post"}],"author":[{"embeddable":true,"href":"https:\/\/www.bibula.com\/index.php?rest_route=\/wp\/v2\/users\/3"}],"replies":[{"embeddable":true,"href":"https:\/\/www.bibula.com\/index.php?rest_route=%2Fwp%2Fv2%2Fcomments&post=31889"}],"version-history":[{"count":0,"href":"https:\/\/www.bibula.com\/index.php?rest_route=\/wp\/v2\/posts\/31889\/revisions"}],"wp:attachment":[{"href":"https:\/\/www.bibula.com\/index.php?rest_route=%2Fwp%2Fv2%2Fmedia&parent=31889"}],"wp:term":[{"taxonomy":"category","embeddable":true,"href":"https:\/\/www.bibula.com\/index.php?rest_route=%2Fwp%2Fv2%2Fcategories&post=31889"},{"taxonomy":"post_tag","embeddable":true,"href":"https:\/\/www.bibula.com\/index.php?rest_route=%2Fwp%2Fv2%2Ftags&post=31889"}],"curies":[{"name":"wp","href":"https:\/\/api.w.org\/{rel}","templated":true}]}}