{"id":3148,"date":"2008-11-14T23:36:29","date_gmt":"2008-11-15T04:36:29","guid":{"rendered":"http:\/\/www.bibula.com\/?p=3148"},"modified":"2008-11-14T23:44:49","modified_gmt":"2008-11-15T04:44:49","slug":"zmarl-general-brygady-waclaw-hryniewicz-bakierowski","status":"publish","type":"post","link":"https:\/\/www.bibula.com\/?p=3148","title":{"rendered":"Zmar\u0142 Genera\u0142 Brygady Wac\u0142aw Hryniewicz-Bakierowski"},"content":{"rendered":"<p>Z b\u00f3lem zawiadamiamy, \u017ce w dniu 10 pa\u017adziernika 2008 roku na Wieczn\u0105 Wart\u0119 odszed\u0142 \u015bp. Genera\u0142 Brygady Wac\u0142aw Hryniewicz-Bakierowski, zas\u0142u\u017cony dla Polski \u017co\u0142nierz, a na emigracji niestrudzony dzia\u0142acz polityczny i spo\u0142eczny.<\/p>\r\n\r\n<p>Redakcja <em>BIBU\u0141Y<\/em> przy\u0142\u0105cza si\u0119 do sk\u0142adanych Rodzinie Pana Genera\u0142a wyraz\u00f3w szczerego wsp\u00f3\u0142czucia.<\/p>\r\n\r\n<p><br class=\"spacer_\" \/><\/p>\r\n\r\n\r\n<table border=\"3\" cellspacing=\"0\" cellpadding=\"0\" align=\"center\" bordercolor=\"#000000\">\r\n<tbody>\r\n<tr>\r\n<td>\r\n<table border=\"0\" cellspacing=\"10\" cellpadding=\"10\" align=\"left\">\r\n<tbody>\r\n<tr>\r\n<td align=\"left\" valign=\"top\"><p align=\"center\">\u00a0<\/p>\r\n\r\n<p align=\"center\">W dniu 10    pa\u017adziernika 2008 r. w Holland, Michigan, USA<br \/>\r\n prze\u017cywszy 92    lata odszed\u0142 na Wieczn\u0105 Wart\u0119<\/p>\r\n\r\n<p style=\"text-align: center;\"><span style=\"font-size: large;\"><strong>\u015bp. Genera\u0142 Brygady<br \/>\r\n Wac\u0142aw Hryniewicz-Bakierowski<\/strong><\/span><\/p>\r\n\r\n<p align=\"center\">W  czasie II wojny \u015bwiatowej cz\u0142onek podziemnej organizacji \u201eMuszkieter\u00f3w\u201d, ZWZ-AK.  \u0179o\u0142nierz Powstania Warszawskiego. Na emigracji, w Rz\u0105dzie RP na Uchod\u017astwie  pe\u0142ni\u0142 funkcje Wicepremiera, Ministra Spraw Zagranicznych, Ministra Skarbu. Honorowy  \u017co\u0142nierz 1-szej Wile\u0144skiej Brygady AK \u201eJuranda\u201d. Odznaczony Orderem Or\u0142a  Bia\u0142ego, Orderem Virtuti Militarii, Orderem Polonia Restituta, Z\u0142otym Krzy\u017cem  Zas\u0142ugi z Mieczami, Z\u0142otym Krzy\u017cem Zas\u0142ugi, Krzy\u017cem Wolno\u015bci i Niepodleg\u0142o\u015bci,  Krzy\u017cem Armii Krajowej, Brygidia\u0144skim Krzy\u017cem Zas\u0142ugi, Medalem Wojska.<br \/>\r\n Autor  setek artyku\u0142\u00f3w politycznych publikowanych w pismach ameryka\u0144skich, Komunikat\u00f3w  MSZ, dw\u00f3ch tom\u00f3w publicystyki politycznej, wspomnie\u0144 my\u015bliwskich i poezji.<\/p>\r\n\r\n<p align=\"center\">Odda\u0142  wielkie zas\u0142ugi Rzeczypospolitej. Cze\u015b\u0107 Jego pami\u0119ci!<\/p>\r\n\r\n<p align=\"center\">W  Zmar\u0142ym \u017cegnam mego d\u0142ugoletniego Przyjaciela i Wsp\u00f3\u0142pracownika w walce o Woln\u0105  Polsk\u0119. Ma\u0142\u017conce i Rodzinie Pana Genera\u0142a sk\u0142adam wyrazy szczerego wsp\u00f3\u0142czucia.<\/p>\r\n\r\n\r\n<table border=\"0\">\r\n<tbody>\r\n<tr>\r\n<td width=\"50%\"><\/td>\r\n<td><p>Zbigniew Rutkowski<br \/>\r\n Redaktor naczelny \u201eWolnej Polski\u201d<br \/>\r\n Dyrektor Wydawnictwa WERS<\/p><\/td>\r\n<\/tr>\r\n<\/tbody>\r\n<\/table>\r\n<\/td>\r\n<\/tr>\r\n<\/tbody>\r\n<\/table>\r\n<\/td>\r\n<\/tr>\r\n<\/tbody>\r\n<\/table>\r\n\r\n\r\n<p><br class=\"spacer_\" \/><\/p>\r\n\r\n<p>Polecamy stron\u0119 internetow\u0105 \u015bp. gen. Wac\u0142awa Hryniewicza-Bakierowskiego: <strong><a href=\"http:\/\/www.bakierowski.com\/\">www.bakierowski.com<\/a><\/strong><\/p>\r\n\r\n<p>zawieraj\u0105c\u0105 wybrane eseje i listy Genera\u0142a oraz Jego ksi\u0105\u017cki, m.in. profetyczn\u0105, wydan\u0105 w 1999 roku pt &#8222;<a href=\"http:\/\/home.comcast.net\/~bakierowski\/whitebk\/index.htm\" target=\"_blank\"><strong>Czy Ameryka przetrwa do roku 2009?<\/strong><\/a>&#8222;<\/p>\r\n\r\n<p class=\"MsoNormal\" style=\"text-align: center;\" align=\"center\"><span lang=\"PL\"><br \/>\r\n <\/span><\/p>\r\n\r\n<p class=\"MsoNormal\" style=\"text-align: center;\" align=\"center\"><span lang=\"PL\"><a href=\"http:\/\/www.bakierowski.com\/\"><br \/>\r\n <\/a><\/span><\/p>\r\n\r\n<p><br class=\"spacer_\" \/><\/p>","protected":false},"excerpt":{"rendered":"Z b\u00f3lem zawiadamiamy, \u017ce w dniu 10 pa\u017adziernika 2008 roku na Wieczn\u0105 Wart\u0119 odszed\u0142 \u015bp. Genera\u0142 Brygady Wac\u0142aw Hryniewicz-Bakierowski, zas\u0142u\u017cony dla Polski \u017co\u0142nierz, a na emigracji niestrudzony dzia\u0142acz polityczny i spo\u0142eczny. Redakcja BIBU\u0141Y przy\u0142\u0105cza si\u0119 do sk\u0142adanych Rodzinie Pana Genera\u0142a wyraz\u00f3w szczerego wsp\u00f3\u0142czucia. \u00a0 W dniu 10 pa\u017adziernika 2008 r. w Holland, Michigan, USA prze\u017cywszy [&hellip;]","protected":false},"author":1,"featured_media":0,"comment_status":"closed","ping_status":"closed","sticky":false,"template":"","format":"standard","meta":{"_acf_changed":false,"_monsterinsights_skip_tracking":false,"_monsterinsights_sitenote_active":false,"_monsterinsights_sitenote_note":"","_monsterinsights_sitenote_category":0,"ngg_post_thumbnail":0,"footnotes":"","_wp_rev_ctl_limit":""},"categories":[7],"tags":[30],"acf":[],"_links":{"self":[{"href":"https:\/\/www.bibula.com\/index.php?rest_route=\/wp\/v2\/posts\/3148"}],"collection":[{"href":"https:\/\/www.bibula.com\/index.php?rest_route=\/wp\/v2\/posts"}],"about":[{"href":"https:\/\/www.bibula.com\/index.php?rest_route=\/wp\/v2\/types\/post"}],"author":[{"embeddable":true,"href":"https:\/\/www.bibula.com\/index.php?rest_route=\/wp\/v2\/users\/1"}],"replies":[{"embeddable":true,"href":"https:\/\/www.bibula.com\/index.php?rest_route=%2Fwp%2Fv2%2Fcomments&post=3148"}],"version-history":[{"count":0,"href":"https:\/\/www.bibula.com\/index.php?rest_route=\/wp\/v2\/posts\/3148\/revisions"}],"wp:attachment":[{"href":"https:\/\/www.bibula.com\/index.php?rest_route=%2Fwp%2Fv2%2Fmedia&parent=3148"}],"wp:term":[{"taxonomy":"category","embeddable":true,"href":"https:\/\/www.bibula.com\/index.php?rest_route=%2Fwp%2Fv2%2Fcategories&post=3148"},{"taxonomy":"post_tag","embeddable":true,"href":"https:\/\/www.bibula.com\/index.php?rest_route=%2Fwp%2Fv2%2Ftags&post=3148"}],"curies":[{"name":"wp","href":"https:\/\/api.w.org\/{rel}","templated":true}]}}