{"id":31478,"date":"2011-01-28T13:03:34","date_gmt":"2011-01-28T18:03:34","guid":{"rendered":"http:\/\/www.bibula.com\/?p=31478"},"modified":"2011-01-28T13:03:34","modified_gmt":"2011-01-28T18:03:34","slug":"pakistan-planuja-zamach-na-ministra-katolika","status":"publish","type":"post","link":"https:\/\/www.bibula.com\/?p=31478","title":{"rendered":"Pakistan: planuj\u0105 zamach na ministra-katolika"},"content":{"rendered":"<p><strong>Islamskie organizacje terrorystyczne przygotowuj\u0105 zamach na  federalnego ministra ds. mniejszo\u015bci religijnych Shahbaza Bhatti, kt\u00f3ry  jest katolikiem. Informacj\u0119 na ten temat przekaza\u0142 watyka\u0144skiej agencji  misyjnej FIDES Og\u00f3lnopakista\u0144ski Sojusz Mniejszo\u015bci (APMA) &#8211; sie\u0107,  skupiaj\u0105ca istniej\u0105ce w Pakistanie mniejszo\u015bci religijne, kt\u00f3rej  minister by\u0142 za\u0142o\u017cycielem i jest do dzisiaj przewodnicz\u0105cym.<br \/>\r\n <br \/>\r\n <\/strong>Powo\u0142uj\u0105c si\u0119 na raport tajnych s\u0142u\u017cb pakista\u0144skich APMA wyra\u017ca  \u201ewielkie zaniepokojenie kolejnymi doniesieniami nt. nieuchronnego  jakoby zamachu na ministra, kt\u00f3ry sta\u0142 si\u0119 celem nr 1 ze wzgl\u0119du na swe  zaanga\u017cowanie na rzecz zniesienia ustawy o blu\u017anierstwie\u201d.  Stowarzyszenie wezwa\u0142o do zwarcia szereg\u00f3w wok\u00f3\u0142 Bhattiego i poprosi\u0142o  w\u0142adze pa\u0144stwowe o maksymaln\u0105 jego ochron\u0119.<br \/>\r\n <br \/>\r\n Sam minister otrzyma\u0142 ju\u017c \u201ewyrok \u015bmierci\u201d od pot\u0119\u017cnej organizacji  terrorystycznej \u201e Laskar-e-Toiba\u201d, podczas gdy najnowsze wiadomo\u015bci  potwierdzaj\u0105, \u017ce boj\u00f3wkarze rzeczywi\u015bcie zamierzaj\u0105 wcieli\u0107 w \u017cycie  swoje plany. &#8211; <em>M\u00f3dlcie si\u0119 za mnie i o moje \u017cycie. Jestem  cz\u0142owiekiem, kt\u00f3ry spali\u0142 za sob\u0105 mosty, nie mog\u0119 i nie chc\u0119 wraca\u0107 do  tych spraw. B\u0119d\u0119 walczy\u0142 z ekstremizmem i w obronie chrze\u015bcijan a\u017c do  \u015bmierci<\/em> &#8211; powiedzia\u0142 polityk FIDES-owi.<br \/>\r\n <br \/>\r\n Informatorzy watyka\u0144skiej agencji misyjnej wyra\u017caj\u0105 ubolewanie, \u017ce  politycy rz\u0105dz\u0105cej Pakista\u0144skiej Partii Pracy (PPP), kt\u00f3ra wybra\u0142a i  powo\u0142a\u0142a Bhattiego w sk\u0142ad rz\u0105du, \u201enie wyst\u0105pili otwarcie po stronie i w  obronie swego ministra, gdy\u017c ulegaj\u0105 lobby partiom fundamentalist\u00f3w  islamskich\u201d. <br \/>\r\n <br \/>\r\n Urodzony 9 wrze\u015bnia 1968 r. i nale\u017c\u0105cy do PPP Shahbaz Bhatti piastuje  swe stanowisko od 2 listopada 2008 r. i jest pierwszym szefem tego  resortu, kt\u00f3rego pozycj\u0119 zr\u00f3wnano z innymi ministrami &#8211; wcze\u015bniej  urz\u0119dnik zajmuj\u0105cy si\u0119 mniejszo\u015bciami religijnymi podlega\u0142 innemu  ministrowi w sk\u0142adzie rz\u0105du pakista\u0144skiego.<br \/>\r\n <br \/>\r\n Pochodz\u0105c z rodziny muzu\u0142ma\u0144skiej we wczesnej m\u0142odo\u015bci przeszed\u0142 na  katolicyzm, poruszony &#8211; jak sam wyzna\u0142 &#8211; ewangeliczn\u0105 opowie\u015bci\u0105 o  Jezusie, kt\u00f3ry umar\u0142 i zmartwychwsta\u0142 dla zbawienia ca\u0142ej ludzko\u015bci. W  1985 r. wraz z grup\u0105 przyjaci\u00f3\u0142 za\u0142o\u017cy\u0142 wspomniany Sojusz Mniejszo\u015bci,  kt\u00f3ry wkr\u00f3tce mia\u0142 stan\u0105\u0107 w obliczu powa\u017cnego wyzwania, jakim by\u0142o  uchwalenie przez parlament w rok p\u00f3\u017aniej os\u0142awionej ustawy o  blu\u017anierstwie, przewiduj\u0105cej kary do\u017cywotniego wi\u0119zienia i \u015bmierci za  zniewa\u017cenie Koranu i proroka Mahometa.<br \/>\r\n <br \/>\r\n \u0179r\u00f3d\u0142o: KAI<\/p>","protected":false},"excerpt":{"rendered":"Islamskie organizacje terrorystyczne przygotowuj\u0105 zamach na federalnego ministra ds. mniejszo\u015bci religijnych Shahbaza Bhatti, kt\u00f3ry jest katolikiem. Informacj\u0119 na ten temat przekaza\u0142 watyka\u0144skiej agencji misyjnej FIDES Og\u00f3lnopakista\u0144ski Sojusz Mniejszo\u015bci (APMA) &#8211; sie\u0107, skupiaj\u0105ca istniej\u0105ce w Pakistanie mniejszo\u015bci religijne, kt\u00f3rej minister by\u0142 za\u0142o\u017cycielem i jest do dzisiaj przewodnicz\u0105cym. Powo\u0142uj\u0105c si\u0119 na raport tajnych s\u0142u\u017cb pakista\u0144skich APMA wyra\u017ca [&hellip;]","protected":false},"author":1,"featured_media":0,"comment_status":"closed","ping_status":"closed","sticky":false,"template":"","format":"standard","meta":{"_acf_changed":false,"_monsterinsights_skip_tracking":false,"_monsterinsights_sitenote_active":false,"_monsterinsights_sitenote_note":"","_monsterinsights_sitenote_category":0,"ngg_post_thumbnail":0,"footnotes":"","_wp_rev_ctl_limit":""},"categories":[6],"tags":[132,70,126],"acf":[],"_links":{"self":[{"href":"https:\/\/www.bibula.com\/index.php?rest_route=\/wp\/v2\/posts\/31478"}],"collection":[{"href":"https:\/\/www.bibula.com\/index.php?rest_route=\/wp\/v2\/posts"}],"about":[{"href":"https:\/\/www.bibula.com\/index.php?rest_route=\/wp\/v2\/types\/post"}],"author":[{"embeddable":true,"href":"https:\/\/www.bibula.com\/index.php?rest_route=\/wp\/v2\/users\/1"}],"replies":[{"embeddable":true,"href":"https:\/\/www.bibula.com\/index.php?rest_route=%2Fwp%2Fv2%2Fcomments&post=31478"}],"version-history":[{"count":0,"href":"https:\/\/www.bibula.com\/index.php?rest_route=\/wp\/v2\/posts\/31478\/revisions"}],"wp:attachment":[{"href":"https:\/\/www.bibula.com\/index.php?rest_route=%2Fwp%2Fv2%2Fmedia&parent=31478"}],"wp:term":[{"taxonomy":"category","embeddable":true,"href":"https:\/\/www.bibula.com\/index.php?rest_route=%2Fwp%2Fv2%2Fcategories&post=31478"},{"taxonomy":"post_tag","embeddable":true,"href":"https:\/\/www.bibula.com\/index.php?rest_route=%2Fwp%2Fv2%2Ftags&post=31478"}],"curies":[{"name":"wp","href":"https:\/\/api.w.org\/{rel}","templated":true}]}}