{"id":31403,"date":"2011-01-27T18:53:56","date_gmt":"2011-01-27T23:53:56","guid":{"rendered":"http:\/\/www.bibula.com\/?p=31403"},"modified":"2011-01-27T18:53:56","modified_gmt":"2011-01-27T23:53:56","slug":"abw-podsluchiwalo-prezydenta-lecha-kaczynskiego","status":"publish","type":"post","link":"https:\/\/www.bibula.com\/?p=31403","title":{"rendered":"ABW pods\u0142uchiwa\u0142o prezydenta Lecha Kaczy\u0144skiego"},"content":{"rendered":"<p><strong>&#8211; Ci\u0105gle jeszcze do opinii publicznej nie dotar\u0142o, \u017ce w <a id=\"anchorbbtBubble51\">ramach<\/a> s\u0142u\u017cb uruchomiono specjaln\u0105 jednostk\u0119 celem inwigilacji prezydenta RP.\u00a0  Sprawa jest niezwykle powa\u017cna i nale\u017cy j\u0105 wyja\u015bni\u0107 z perspektywy  wydarze\u0144 zwi\u0105zanych z przygotowaniem wyjazdu do Katynia i katastrofy  smole\u0144skiej &#8211; m\u00f3wi nam Antoni Macierewicz, pose\u0142 PiS.<\/strong><\/p>\r\n\r\n<p>Arkadiusz Mularczyk, parlamentarzysta Prawa i  Sprawiedliwo\u015bci,\u00a0 zast\u0119pca przewodnicz\u0105cego sejmowej komisji  sprawiedliwo\u015bci i praw cz\u0142owieka chce, by zwo\u0142ano posiedzenie komisji w  sprawie dzia\u0142a\u0144 ABW podczas \u015bledztwa dotycz\u0105cego ujawnienia raportu na  temat wyjazdu prezydenta Lecha Kaczy\u0144skiego do Gruzji.<br \/>\r\n Na pocz\u0105tku  stycznia \u201eRzeczpospolita\u201d napisa\u0142a, \u017ce podczas \u015bledztwa dotycz\u0105cego  ujawnienia raportu na temat wyjazdu prezydenta Kaczy\u0144skiego do Gruzji  prokuratura przes\u0142ucha\u0142a setki \u015bwiadk\u00f3w oraz sprawdzono billingi  urz\u0119dnik\u00f3w z kancelarii poprzedniego prezydenta.<\/p>\r\n\r\n<p>&#8211; Si\u0119gni\u0119to do zapis\u00f3w po\u0142\u0105cze\u0144 Lecha Kaczy\u0144skiego i jego ma\u0142\u017conki. Do wszystkich <a id=\"anchorbbtBubble164\">danych<\/a> dost\u0119p mia\u0142a ABW &#8211; Czytamy w \u201eRzeczpospolitej\u201d<\/p>\r\n\r\n<p>&#8211;  W naszej ocenie budzi powa\u017cne podejrzenia, \u017ce wykorzystano to \u015bledztwo  do inwigilacji prezydenta i jego ma\u0142\u017conki oraz wsp\u00f3\u0142pracownik\u00f3w &#8211; oceni\u0142  Arkadiusz Mularczyk w rozmowie z dziennikarzami.<\/p>\r\n\r\n<p>&#8211; Na podstawie billing\u00f3w i BTS-\u00f3w\u00a0 przeprowadzano eksperymenty, gdzie  poruszali si\u0119 prezydenccy ministrowie, gdzie porusza\u0142 si\u0119 prezydent, z  kim si\u0119 kontaktowa\u0142, jak d\u0142ugo trwa\u0142y rozmowy. Dosz\u0142o do sytuacji bez  precedensu, inwigilowano g\u0142ow\u0119 naszego pa\u0144stwa &#8211; stwierdzi\u0142  wiceprzewodnicz\u0105cy\u00a0\u00a0 sejmowej komisji sprawiedliwo\u015bci i praw cz\u0142owieka.<\/p>\r\n\r\n<p>&#8211; B\u0119dziemy domaga\u0107 si\u0119 <a id=\"anchorbbtBubble242\">informacji<\/a> od szefa ABW Krzysztofa Bondaryka, ministra sprawiedliwo\u015bci Krzysztofa  Kwiatkowskiego i prokuratora generalnego Andrzeja Seremeta &#8211;  zapowiedzia\u0142 pose\u0142 PiS dodaj\u0105c \u017ce skieruje te\u017c pytanie do prokuratora  generalnego, czy nie dosz\u0142o w tej sprawie do pope\u0142nienia przest\u0119pstwa.  PiS nie wyklucza te\u017c w przysz\u0142o\u015bci powo\u0142ania komisji \u015bledczej.<\/p>\r\n\r\n<p><strong><em> Dorota Kania<\/em><\/strong><br \/>\r\nPolskie Radio, IAR","protected":false},"excerpt":{"rendered":"&#8211; Ci\u0105gle jeszcze do opinii publicznej nie dotar\u0142o, \u017ce w ramach s\u0142u\u017cb uruchomiono specjaln\u0105 jednostk\u0119 celem inwigilacji prezydenta RP.\u00a0 Sprawa jest niezwykle powa\u017cna i nale\u017cy j\u0105 wyja\u015bni\u0107 z perspektywy wydarze\u0144 zwi\u0105zanych z przygotowaniem wyjazdu do Katynia i katastrofy smole\u0144skiej &#8211; m\u00f3wi nam Antoni Macierewicz, pose\u0142 PiS. Arkadiusz Mularczyk, parlamentarzysta Prawa i Sprawiedliwo\u015bci,\u00a0 zast\u0119pca przewodnicz\u0105cego sejmowej [&hellip;]","protected":false},"author":1,"featured_media":0,"comment_status":"closed","ping_status":"closed","sticky":false,"template":"","format":"standard","meta":{"_acf_changed":false,"_monsterinsights_skip_tracking":false,"_monsterinsights_sitenote_active":false,"_monsterinsights_sitenote_note":"","_monsterinsights_sitenote_category":0,"ngg_post_thumbnail":0,"footnotes":"","_wp_rev_ctl_limit":""},"categories":[8],"tags":[84,37],"acf":[],"_links":{"self":[{"href":"https:\/\/www.bibula.com\/index.php?rest_route=\/wp\/v2\/posts\/31403"}],"collection":[{"href":"https:\/\/www.bibula.com\/index.php?rest_route=\/wp\/v2\/posts"}],"about":[{"href":"https:\/\/www.bibula.com\/index.php?rest_route=\/wp\/v2\/types\/post"}],"author":[{"embeddable":true,"href":"https:\/\/www.bibula.com\/index.php?rest_route=\/wp\/v2\/users\/1"}],"replies":[{"embeddable":true,"href":"https:\/\/www.bibula.com\/index.php?rest_route=%2Fwp%2Fv2%2Fcomments&post=31403"}],"version-history":[{"count":0,"href":"https:\/\/www.bibula.com\/index.php?rest_route=\/wp\/v2\/posts\/31403\/revisions"}],"wp:attachment":[{"href":"https:\/\/www.bibula.com\/index.php?rest_route=%2Fwp%2Fv2%2Fmedia&parent=31403"}],"wp:term":[{"taxonomy":"category","embeddable":true,"href":"https:\/\/www.bibula.com\/index.php?rest_route=%2Fwp%2Fv2%2Fcategories&post=31403"},{"taxonomy":"post_tag","embeddable":true,"href":"https:\/\/www.bibula.com\/index.php?rest_route=%2Fwp%2Fv2%2Ftags&post=31403"}],"curies":[{"name":"wp","href":"https:\/\/api.w.org\/{rel}","templated":true}]}}