{"id":31395,"date":"2011-01-27T16:36:13","date_gmt":"2011-01-27T21:36:13","guid":{"rendered":"http:\/\/www.bibula.com\/?p=31395"},"modified":"2011-01-27T18:19:46","modified_gmt":"2011-01-27T23:19:46","slug":"wyborcza-rakiem-wycofuje-sie-z-opisu-zdjecia-z-treblinki-i-polgebkiem-odcina-sie-od-grossa-co-zrobi-wydawnictwo-znak","status":"publish","type":"post","link":"https:\/\/www.bibula.com\/?p=31395","title":{"rendered":"Wyborcza (rakiem) wycofuje si\u0119 z opisu zdj\u0119cia z Treblinki i (p\u00f3\u0142g\u0119bkiem) odcina si\u0119 od Grossa. Co zrobi wydawnictwo &#8222;Znak&#8221;?"},"content":{"rendered":"<p>Wystarczy\u0142a jedna wyprawa reporterska dziennikarzy &#8222;Rzeczpospolitej&#8221; Micha\u0142a Majewskiego i Paw\u0142a Reszki, \u017ceby wykaza\u0107 <strong>fa\u0142szywo\u015b\u0107 <\/strong>ca\u0142ej &#8222;narracji&#8221; <strong>Jana T. Grossa <\/strong>przedstawionej  w jego ksi\u0105\u017cce &#8222;Z\u0142ote \u017cniwa&#8221;. Ksi\u0105\u017cce, kt\u00f3ra buduje tez\u0119 o masowym  bogaceniu si\u0119 Polak\u00f3w na holocau\u015bcie i r\u00f3wnie masowym udziale w  grabieniu mienia \u017cydowskiego i \u017cydowskich grob\u00f3w (ofiar mord\u00f3w  niemieckich) po wojnie.<\/p>\r\n\r\n<p>Przypomnijmy co ustalili reporterzy &#8222;Rz&#8221;. Opisali\u015bmy to w tek\u015bcie <a href=\"http:\/\/www.wpolityce.pl\/view\/6394\/Kolejne_watpliwosci_co_do_rzetelnosci_Grossa__Czy_z_ludzi_porzadkujacych_groby_ofiar_zrobil_haniebnych__kopaczy__.html\">&#8222;Kolejne w\u0105tpliwo\u015bci co do rzetelno\u015bci Grossa. Czy z ludzi porz\u0105dkuj\u0105cych groby ofiar zrobi\u0142 haniebnych &#8222;kopaczy&#8221;?<\/a><\/p>\r\n\r\n<p>Kluczowym &#8222;dowodem&#8221; na t\u0119 tez\u0119 jest zdj\u0119cie, wed\u0142ug Grossa  przedstawiaj\u0105ce &#8222;najprawdopodobniej&#8221; wie\u015bniak\u00f3w, kt\u00f3rzy rabowali mogi\u0142y  \u017byd\u00f3w zamordowanych w Treblince.  Tak\u0105 tez\u0119 popularyzuje te\u017c &#8222;Gazeta  Wyborcza&#8221;. Jak si\u0119 jednak okazuje,  je\u017celi ju\u017c u\u017cywa\u0107 mo\u017cna s\u0142owa  &#8222;najprawdopodobniej&#8221;, to przy  stwierdzeniu, \u017ce NIE prezentuje ono  wspomnianych wie\u015bniak\u00f3w.  Wi\u0119cej &#8211; przedstawia zapewne\u00a0 ludzi, kt\u00f3rzy  skrzykni\u0119ci przez  poruszonego stanem grob\u00f3w polskiego inteligenta,  katolika, dobrowolnie  mogi\u0142y te porz\u0105dkuj\u0105! A wi\u0119c z ludzi dzia\u0142aj\u0105cych  z poczucia  konieczno\u015bci uszanowania ludzkich szcz\u0105tk\u00f3w, zrobiono  hieny&#8230;<\/p>\r\n\r\n<p>Co dok\u0142adnie ustalili reporterzy &#8222;Rzeczpospolitej&#8221;?<\/p>\r\n\r\n<ol>\r\n\t<li>Fotografia jest po\u017c\u00f3\u0142k\u0142a, niewielkich rozmiar\u00f3w. Jej pierwszym  w\u0142a\u015bcicielem by\u0142 Tadeusz Kiryluk &#8211; wieloletni kierownik muzeum  powsta\u0142ego na miejscu obozu.<\/li>\r\n\t<li>Kirylukowi mia\u0142 przekaza\u0107 zdj\u0119cie (w latach 60.) Lucjan Sikora, dr\u00f3\u017cnik z Poniatowa.<\/li>\r\n\t<li>Prezentowa\u0142 on <strong>ca\u0142kowicie odmienn\u0105 od Grossa, i chwalebn\u0105 dla os\u00f3b na  fotografii wyst\u0119puj\u0105cych, histori\u0119 powstania fotografii. Kiryluk  wspomina:<\/strong><\/li>\r\n\t<li><strong>Sikora obja\u015bnia\u0142, \u017ce zdj\u0119cie przedstawia ludzi, kt\u00f3rych skrzykn\u0105\u0142 do uporz\u0105dkowania szcz\u0105tk\u00f3w na terenie obozu.  Cho\u0107 reporterzy &#8222;GW&#8221;\u00a0 i Gross utrzymuj\u0105, \u017ce zdj\u0119cie  przedstawia  pojmanych\u00a0 &#8222;kopaczy&#8221; w kt\u00f3rych kieszeniach by\u0142y &#8222;\u017cydowskie  z\u0142ote z\u0119by i  pier\u015bcionki&#8221;, trudno t\u0119 tez\u0119 obroni\u0107. Bo opis wspomnianej  akcji  zachowany w archiwach odnosi si\u0119 do 4 marca 1946. A w tym dniu,  jak  donosi\u0142y gazety, by\u0142a zerowa temperatura, lodowe zatory na rzekach.  Tymczasem ludzie na fotografii ubrani s\u0105 w letnie rzeczy.<\/strong><\/li>\r\n\t<li>Co wi\u0119cej, ludzie na fotografii to nie \u017co\u0142nierze, ale milicjanci, we wspomnianej ob\u0142awie bra\u0142o za\u015b udzia\u0142 wojsko.<\/li>\r\n\t<li>Ludzie  na zdj\u0119ciu nie wygl\u0105daj\u0105 zreszt\u0105 na osoby z\u0142apane na czym\u015b  z\u0142ym, ubrani  s\u0105 od\u015bwi\u0119tnie. Milicjanci nie wydaj\u0105 si\u0119 ich pilnowa\u0107.<\/li>\r\n\t<li>Gross by\u0142 w Treblince, ale fotografii nie ogl\u0105da\u0142. Nie by\u0142 te\u017c  zainteresowany dodatkowymi informacjami. Kierownik muzeum dr Edward  Kop\u00f3wka m\u00f3wi:\r\n<div style=\"padding-left: 30px;\">By\u0142, ale jej nie ogl\u0105da\u0142. Chcia\u0142 tylko potwierdzi\u0107 czy znajduje si\u0119 w   zbiorach. Powiedzia\u0142em, \u017ce zdj\u0119cie mo\u017ce mie\u0107 drugie znaczenie i  zwi\u0105zane  jest z porz\u0105dkowaniem terenu w latach 40. lub 50.<br \/>\r\n <strong>Gross uwierzy\u0142?<\/strong><br \/>\r\n Nie wiem. Spyta\u0142 tylko, czy ja st\u0105d pochodz\u0119. Potwierdzi\u0142em, \u017ce z teren\u00f3w nieco dalszych, ale st\u0105d.<br \/>\r\n <strong>I co?<\/strong><br \/>\r\n Pokiwa\u0142 g\u0142ow\u0105 i rozmowa si\u0119 sko\u0144czy\u0142a.<\/div>\r\n<\/li>\r\n\t<li>By\u0107 mo\u017ce w og\u00f3le zdj\u0119cie nie dotyczy Treblinki.&#8221;Rz&#8221; stwierdza:\r\n<div style=\"padding-left: 30px;\">Po wojnie wie\u015bniacy byli zmuszani do udzia\u0142u w ekshumacjach czerwonoarmist\u00f3w.<br \/>\r\n Wi\u0119cej  &#8211; w reporta\u017cu &#8222;Tajemnice starej fotografii&#8221; w dodatku &#8222;Plus  minus&#8221;  weekendowego wydania &#8222;Rz&#8221;. Autorzy nie kwestionuj\u0105, \u017ce do  haniebnych  zjawisk szukania z\u0142ota w masowych grobach \u017cydowskich  dochodzi\u0142o, ale  pokazuj\u0105, \u017ce by\u0142 to raczej element chuliga\u0144stwa,  kt\u00f3remu <strong>polskie w\u0142adze i  inteligencja przeciwdzia\u0142a\u0142y<\/strong>. Stawiaj\u0105 te\u017c powa\u017cne pytania co do  rzetelno\u015bci Grossa.<\/div>\r\n<\/li>\r\n<\/ol>\r\n\r\n<p><br class=\"spacer_\" \/><\/p>\r\n\r\n<p><strong>Co na to &#8222;Wyborcza&#8221;, kt\u00f3rej tekst &#8211; z identyczn\u0105 jak przedstawi\u0142 Gross interpretacj\u0105 zdj\u0119cia &#8211; uruchomi\u0142 temat?<\/strong><\/p>\r\n\r\n<p>Po kilku dniach milczenia na dalekiej 17 stronie &#8222;GW&#8221; ukaza\u0142 si\u0119 w \u015brod\u0119 tekst Piotra G\u0142uchowskiego i Marcina Kowalskiego<strong> <\/strong>(autorzy pierwszej publikacji) pt. <strong>&#8222;O czym m\u00f3wi to zdj\u0119cie&#8221;<\/strong>.<\/p>\r\n\r\n<p>To dziwny artyku\u0142, w wielu miejscach wewn\u0119trznie sprzeczny, niejasny w wymowie, pe\u0142en niedopowiedze\u0144.<\/p>\r\n\r\n<p>Ale po kolei. Co stwierdzaj\u0105 autorzy?<\/p>\r\n\r\n<p><strong>1. <\/strong>Twierdz\u0105, \u017ce kluczowe zdj\u0119cie im tak\u017ce da\u0142 Tadeusz Kiryluk, ale z  wyja\u015bnieniem, \u017ce przedstawia &#8222;kopaczy z\u0142apanych przez milicj\u0119 w du\u017cej  akcji, kr\u00f3tko po wojnie&#8221;.<\/p>\r\n\r\n<p>Dziennikarzom &#8222;Rz&#8221; Kiryluk, jak wiadomo, powiedzia\u0142 co\u015b <strong>ca\u0142kowicie innego<\/strong>. \u0179e to najprawdopodobniej ludzie porz\u0105dkuj\u0105cy groby. Co wi\u0119cej, w pierwszym tek\u015bcie G\u0142uchowskiego i Kowalskiego, <strong>nazwisko Kiryluka w og\u00f3le nie pada <\/strong>(oczywi\u015bcie w kontek\u015bcie zdj\u0119cia), jest za to sformu\u0142owanie, \u017ce zdj\u0119cie otrzymali w jednej z okolicznych <strong>&#8222;cha\u0142up&#8221; <\/strong>(dom\u00f3w  tam nie ma?!). To wa\u017cny szczeg\u00f3\u0142, bo obala sugesti\u0119, \u017ce fotografia  pochodzi od kogo\u015b miejscowego, mo\u017ce nawet uczestnika akcji szabrowania  grob\u00f3w. Tymczasem da\u0142 je dziennikarzom inteligent, cz\u0142owiek zbieraj\u0105cy  dokumenty, kierownik muzeum, osoba nap\u0142ywowa. Jest to wi\u0119c zdj\u0119cie, o  czym autorzy wiedzieli, <strong>z drugiej r\u0119ki<\/strong>. Zamiast jednak przyzna\u0107 si\u0119 do wcze\u015bniejszej nadinterpretacji dziennikarze &#8222;Wyborczej&#8221; wol\u0105 jednak poda\u0107 czytelnikom <strong>kolejn\u0105 sugesti\u0119<\/strong> &#8211; \u017ce Kiryluk zmieni\u0142 zdanie co do wymowy zdj\u0119cia pod wp\u0142ywem presji swojej &#8222;wsi&#8221;. Ma\u0142o eleganckie, zupe\u0142nie nie udowodnione.<\/p>\r\n\r\n<p><strong>2. <\/strong>Dziennikarze &#8222;GW&#8221; przyznaj\u0105 jednak, cho\u0107 mimochodem i pod koniec zawi\u0142ego tekstu:<\/p>\r\n\r\n<blockquote><p><strong>Nie wiemy jakie by\u0142y okoliczno\u015bci zrobienia tego zdj\u0119cia.<\/strong><\/p><\/blockquote>\r\n\r\n<p>To de facto wycofanie si\u0119 z poprzedniego tekstu, na kt\u00f3rym swoj\u0105 ksi\u0105\u017ck\u0119 opar\u0142 Gross, gdzie np. podpis pod tym zdj\u0119ciem <a href=\"http:\/\/wpolityce.pl\/view\/6556\/Wi%C4%99cej...%20http:\/wyborcza.pl\/1,76842,4811664.html#ixzz1CBnbXG5u\">brzmi nast\u0119puj\u0105co<\/a>:<\/p>\r\n\r\n<blockquote><p>To nie jest zdj\u0119cie ze \u017cniw. Kopacze z  W\u00f3lki Okr\u0105glik i s\u0105siednich  wsi pozuj\u0105 do wsp\u00f3lnej fotografii z  milicjantami, kt\u00f3rzy zatrzymali ich  <strong>na gor\u0105cym uczynku<\/strong>. W ch\u0142opskich  kieszeniach by\u0142y z\u0142ote pier\u015bcionki i \u017cydowskie z\u0119by. U st\u00f3p siedz\u0105cych  u\u0142o\u017cone czaszki i piszczele zagazowanych<\/p><\/blockquote>\r\n\r\n<p><strong>W \u015brodowym tek\u015bcie ju\u017c tak: <\/strong><\/p>\r\n\r\n<blockquote><p>Zdj\u0119cie, kt\u00f3re zamie\u015bcili\u015bmy w &#8222;Du\u017cym Formacie&#8221; 7 stycznia 2008 r.<\/p><\/blockquote>\r\n<div><img decoding=\"async\" src=\"http:\/\/static3.wpolityce.pl\/site_media\/pictures\/2011\/01\/27\/myanq.jpeg\" alt=\"Panowie spokojnie\" \/><\/div>\r\n<div><em>Fot. wPolityce.pl<\/em><\/div>\r\n\r\n<p><strong>3. <\/strong>Autorzy tekstu w &#8222;GW&#8221; w ostatnim zdaniu <strong>odcinaj\u0105 si\u0119 wyra\u017anie od Jana T. Grossa<\/strong>, by\u0107 mo\u017ce w obawie o\u00a0 konsekwencje prawne oczernienia os\u00f3b pokazanych na zdj\u0119ciu:<\/p>\r\n\r\n<blockquote><p>Prof. Jan T. Gross nie kontaktowa\u0142 si\u0119 z nami po artykule &#8222;Gor\u0105czka  z\u0142ota&#8230;&#8221;. O jego ksi\u0105\u017cce &#8222;Z\u0142ote \u017cniwa&#8221; i o inspiracji zdj\u0119ciem  dowiedzieli\u015bmy si\u0119 z gazet.<\/p><\/blockquote>\r\n\r\n<p><strong>4. Wnioski. <\/strong><\/p>\r\n\r\n<p>Zdj\u0119cie rzekomych &#8222;kopaczy&#8221; zdobi ameryka\u0144skie wydanie ksi\u0105\u017cki  Grossa. Jego wymowa jest nieprawdziwa, co wi\u0119cej &#8211; z ludzi, kt\u00f3rzy  najprawdopodobniej groby porz\u0105dkuj\u0105, czyni hieny.<\/p>\r\n\r\n<p>Powstaje pytanie &#8211; czy wydawnictwo &#8222;Znak&#8221; nadal zamierza publikowa\u0107  ksi\u0105\u017ck\u0119, kt\u00f3rej punkt wyj\u015bcia jest nieprawdziwy, a tekst budzi powa\u017cne  zastrze\u017cenia historyk\u00f3w (Gross nie jest historykiem)?<\/p>\r\n\r\n<p>I na koniec, czy reporterzy &#8222;GW&#8221; nie mogliby po prostu przyzna\u0107 si\u0119  do pomy\u0142ki\/b\u0142\u0119du zamiast nadal zamula\u0107 spraw\u0119? Fakty s\u0105 oczywiste.<\/p>\r\n\r\n<p>(wu-ka, \u017ar\u00f3d\u0142a: inf. w\u0142asne, GW, Rz.)<\/p>","protected":false},"excerpt":{"rendered":"Wystarczy\u0142a jedna wyprawa reporterska dziennikarzy &#8222;Rzeczpospolitej&#8221; Micha\u0142a Majewskiego i Paw\u0142a Reszki, \u017ceby wykaza\u0107 fa\u0142szywo\u015b\u0107 ca\u0142ej &#8222;narracji&#8221; Jana T. Grossa przedstawionej w jego ksi\u0105\u017cce &#8222;Z\u0142ote \u017cniwa&#8221;. Ksi\u0105\u017cce, kt\u00f3ra buduje tez\u0119 o masowym bogaceniu si\u0119 Polak\u00f3w na holocau\u015bcie i r\u00f3wnie masowym udziale w grabieniu mienia \u017cydowskiego i \u017cydowskich grob\u00f3w (ofiar mord\u00f3w niemieckich) po wojnie. Przypomnijmy co ustalili [&hellip;]","protected":false},"author":1,"featured_media":0,"comment_status":"closed","ping_status":"closed","sticky":false,"template":"","format":"standard","meta":{"_acf_changed":false,"_monsterinsights_skip_tracking":false,"_monsterinsights_sitenote_active":false,"_monsterinsights_sitenote_note":"","_monsterinsights_sitenote_category":0,"ngg_post_thumbnail":0,"footnotes":"","_wp_rev_ctl_limit":""},"categories":[8],"tags":[22,20],"acf":[],"_links":{"self":[{"href":"https:\/\/www.bibula.com\/index.php?rest_route=\/wp\/v2\/posts\/31395"}],"collection":[{"href":"https:\/\/www.bibula.com\/index.php?rest_route=\/wp\/v2\/posts"}],"about":[{"href":"https:\/\/www.bibula.com\/index.php?rest_route=\/wp\/v2\/types\/post"}],"author":[{"embeddable":true,"href":"https:\/\/www.bibula.com\/index.php?rest_route=\/wp\/v2\/users\/1"}],"replies":[{"embeddable":true,"href":"https:\/\/www.bibula.com\/index.php?rest_route=%2Fwp%2Fv2%2Fcomments&post=31395"}],"version-history":[{"count":0,"href":"https:\/\/www.bibula.com\/index.php?rest_route=\/wp\/v2\/posts\/31395\/revisions"}],"wp:attachment":[{"href":"https:\/\/www.bibula.com\/index.php?rest_route=%2Fwp%2Fv2%2Fmedia&parent=31395"}],"wp:term":[{"taxonomy":"category","embeddable":true,"href":"https:\/\/www.bibula.com\/index.php?rest_route=%2Fwp%2Fv2%2Fcategories&post=31395"},{"taxonomy":"post_tag","embeddable":true,"href":"https:\/\/www.bibula.com\/index.php?rest_route=%2Fwp%2Fv2%2Ftags&post=31395"}],"curies":[{"name":"wp","href":"https:\/\/api.w.org\/{rel}","templated":true}]}}