{"id":31376,"date":"2011-01-27T12:12:15","date_gmt":"2011-01-27T17:12:15","guid":{"rendered":"http:\/\/www.bibula.com\/?p=31376"},"modified":"2011-01-27T12:12:15","modified_gmt":"2011-01-27T17:12:15","slug":"patrioci-i-%e2%80%9ezaprzancy%e2%80%9d-w-sluzbie-faszystow-stanislaw-michalkiewicz","status":"publish","type":"post","link":"https:\/\/www.bibula.com\/?p=31376","title":{"rendered":"Patrioci i \u201ezaprza\u0144cy&#8221; w s\u0142u\u017cbie faszyst\u00f3w &#8211; <em>Stanis\u0142aw Michalkiewicz<\/em>"},"content":{"rendered":"<p>Szanowni Pa\u0144stwo!<\/p>\r\n\r\n<p>Je\u015bli kto\u015b ma jeszcze w\u0105tpliwo\u015bci, czy Polska zachowa\u0142a suwerenno\u015b\u0107 i w  jakim zakresie, powinien przeczyta\u0107 sobie ustaw\u0119 z 3 grudnia 2010 roku o  wdro\u017ceniu niekt\u00f3rych przepis\u00f3w Unii Europejskiej w zakresie r\u00f3wnego  traktowania &#8211; a zw\u0142aszcza uzasadnienie rz\u0105dowego projektu tej ustawy.  Roi si\u0119 tam od dyrektyw Komisji Europejskiej i pogr\u00f3\u017cek, jakie to  paroksyzmy spadn\u0105 na nasz nieszcz\u0119\u015bliwy kraj, je\u015bli nie zado\u015b\u0107uczyni on  \u017c\u0105daniom faszyst\u00f3w w\u0142adaj\u0105cych Uni\u0105 Europejsk\u0105. Ustawa ta wesz\u0142a w \u017cycie  1 stycznia 2011 roku i warto j\u0105 zapami\u0119ta\u0107, poniewa\u017c w spos\u00f3b  zasadniczy zmienia porz\u0105dek prawny naszego pa\u0144stwa pod pretekstem \u201e<em>r\u00f3wnego traktowania<\/em>\u201d.<\/p>\r\n\r\n<p>Od czas\u00f3w staro\u017cytnych, a konkretnie &#8211; w staro\u017cytnym Rzymie &#8211; przyj\u0119to  zasad\u0119, \u017ce oskar\u017cony uwa\u017cany jest za niewinnego, dop\u00f3ki wina nie  zostanie mu udowodniona. Zasada ta leg\u0142a u podstaw \u0142aci\u0144skiej  cywilizacji, kt\u00f3r\u0105 usi\u0142owali zniszczy\u0107 zar\u00f3wno bolszewicy, jak i  faszy\u015bci. M\u00f3wi si\u0119, \u017ce zar\u00f3wno jedna, jak i druga formacja ideologiczna  odesz\u0142a w przesz\u0142o\u015b\u0107 &#8211; ale to nieprawda. Faszy\u015bci sprytnie si\u0119  zakamuflowali jako tak zwani obro\u0144cy praw cz\u0142owieka i pod tym  p\u0142aszczykiem skutecznie przekszta\u0142caj\u0105 ustr\u00f3j pa\u0144stw europejskich w  kierunku faszystowskim.<\/p>\r\n\r\n<p>Z pozoru brzmi to niewiarygodnie &#8211; ale kiedy u\u015bwiadomimy sobie, \u017ce  faszyzm nie polega, a w ka\u017cdym razie nie musi polega\u0107 na prze\u015bladowaniu  \u017byd\u00f3w, to \u0142atwiej zrozumiemy, \u017ce faszyzm jest pogl\u0105dem wed\u0142ug kt\u00f3rego  pa\u0144stwo mo\u017ce wszystko. I ustawa z 3 grudnia 2010 roku, kt\u00f3r\u0105 prezydent  Komorowski podpisa\u0142 22 grudnia, jest znakomit\u0105 ilustracj\u0105 tej  faszystowskiej tendencji.<\/p>\r\n\r\n<p>Artyku\u0142 14 ust\u0119p 2 tej ustawy stanowi bowiem, \u017ce kto zarzuca innej  osobie naruszenie zasady r\u00f3wnego traktowania, uprawdopodabnia fakt jej  naruszenia. Co to znaczy? Wyja\u015bnijmy to na przyk\u0142adzie: sodomita nie  zostaje przyj\u0119ty na wychowawc\u0119 w internacie. To, \u017ce nie zosta\u0142 przyj\u0119ty,  jest faktem oczywistym, kt\u00f3remu on nadaje interpretacj\u0119 twierdz\u0105c, \u017ce  nie zosta\u0142 przyj\u0119ty z powodu swojej dewiacji. Zgodnie z ust\u0119pem 3  artyku\u0142u 14 tej ustawy osoba, kt\u00f3rej taki sodomita zarzuci\u0142by naruszenie  zasady r\u00f3wnego traktowania, musia\u0142aby udowodni\u0107, \u017ce nie dopu\u015bci\u0142a si\u0119  naruszenia zasady r\u00f3wnego traktowania. Na przyk\u0142ad wykazuj\u0105c przed  s\u0105dem, \u017ce wspomniany sodomita jest kompletnym mato\u0142em.<\/p>\r\n\r\n<p>Nie zawsze jednak mo\u017cna udowodni\u0107, \u017ce nie jest si\u0119 wielb\u0142\u0105dem, a nawet  je\u015bli teoretycznie mo\u017cna, to w praktyce przeprowadzenie takiego dowodu  mo\u017ce by\u0107 bardzo trudne i wymaga\u0107 r\u00f3\u017cnych skomplikowanych i kosztownych  zabieg\u00f3w. Nie o to jednak przede wszystkim chodzi, tylko o zasad\u0119, a  w\u0142a\u015bciwie &#8211; odwr\u00f3cenie zasady le\u017c\u0105cej u podstaw \u0142aci\u0144skiej cywilizacji &#8211;  \u017ce to oskar\u017cyciel ma oskar\u017conemu udowodni\u0107 win\u0119, a nie oskar\u017cony ma  wykazywa\u0107 swoj\u0105 niewinno\u015b\u0107. W ustawie z 3 grudnia 2010 roku o wdro\u017ceniu  niekt\u00f3rych przepis\u00f3w Unii Europejskiej w zakresie r\u00f3wnego traktowania,  ca\u0142y ci\u0119\u017car udowodnienia niewinno\u015bci zosta\u0142 z\u0142o\u017cony na barki  oskar\u017conego.<\/p>\r\n\r\n<p>Ci\u0119\u017car ten mo\u017ce okaza\u0107 si\u0119 bardzo du\u017cy, bo inne przepisy tej ustawy wydaj\u0105 obywateli na pastw\u0119 tak zwanych \u201e<em>pozarz\u0105dowych organizacji<\/em>\u201d  monitoruj\u0105cych przestrzeganie zasady r\u00f3wno\u015bci &#8211; a wi\u0119c gang\u00f3w  szanta\u017cyst\u00f3w, z kt\u00f3rymi kolaboruj\u0105 organy pa\u0144stwowe w rodzaju Rzecznika  Praw Obywatelskich oraz Pe\u0142nomocnika do R\u00f3wnego Traktowania. Na ko\u0144cu  tej drogi krzy\u017cowej s\u0105 tak zwane niezawis\u0142e s\u0105dy, kt\u00f3rych zadaniem  b\u0119dzie rabunek nieszcz\u0119snych ofiar faszystowskiego ustawodawstwa.<\/p>\r\n\r\n<p>\u0179eby by\u0142o \u015bmieszniej, ustawa z 3 grudnia 2010 roku, a zw\u0142aszcza  wspomniany artyku\u0142 14 ust. 3 jest ewidentnie sprzeczny z art. 42 ust. 3  konstytucji, kt\u00f3ry stanowi, \u017ce \u201e<em>ka\u017cdego uwa\u017ca si\u0119 za niewinnego, dop\u00f3ki jego wina nie zostanie stwierdzona prawomocnym wyrokiem s\u0105du<\/em>\u201d. Kto by si\u0119 jednak przejmowa\u0142 jak\u0105\u015b konstytucj\u0105 tubylczego bantustanu, kiedy Komisja Europejska wyda\u0142a dyrektyw\u0119?<\/p>\r\n\r\n<p>Tote\u017c ustawa zosta\u0142a uchwalona niemal jednog\u0142o\u015bnie; g\u0142osowa\u0142o za ni\u0105 179  pos\u0142\u00f3w Platformy Obywatelskiej, 143 pos\u0142\u00f3w Prawa i Sprawiedliwo\u015bci, 34  pos\u0142\u00f3w Sojuszu Lewicy Demokratycznej i 26 pos\u0142\u00f3w Polskiego Stronnictwa  Ludowego. Pokazuje to, \u017ce chocia\u017c nasi Umi\u0142owani Przyw\u00f3dcy przy r\u00f3\u017cnych  okazjach sprawiaj\u0105 wra\u017cenie, i\u017c utopiliby si\u0119 nawzajem w \u0142y\u017cce wody, to  przecie\u017c, kiedy odezwie si\u0119 prawdziwa w\u0142adza, potrafi\u0105 przem\u00f3wi\u0107 jednym  g\u0142osem &#8211; patrioci razem z \u201e<em>zaprza\u0144cami<\/em>\u201d.<\/p>\r\n\r\n<p>M\u00f3wi\u0142 Stanis\u0142aw Michalkiewicz<\/p>\r\n\r\n<p><strong><em>Stanis\u0142aw Michalkiewicz<\/em><\/strong><\/p>\r\n\r\n<p>Felieton \u00a0<strong>\u2022<\/strong> Radio Maryja \u00a0<strong>\u2022<\/strong> 27 stycznia 2011<\/p>\r\n\r\n<p><em>Sta\u0142y komentarz Stanis\u0142awa Michalkiewicza z  cyklu \u201eMy\u015bl\u0105c Ojczyzna\u201d jest emitowany w Radiu Maryja w ka\u017cd\u0105 \u015brod\u0119 o  godz. 20.50 i powtarzany w czwartek. Komentarze nie s\u0105 emitowane podczas  przerwy wakacyjnej w lipcu i sierpniu.<\/em><br \/>\r\n <img decoding=\"async\" src=\"http:\/\/www.michalkiewicz.pl\/img\/spacja.gif\" alt=\"\" width=\"1\" height=\"7\" \/><br \/>\r\n <img decoding=\"async\" src=\"http:\/\/www.michalkiewicz.pl\/img\/link.gif\" alt=\"\" width=\"6\" height=\"6\" \/> <a href=\"http:\/\/www.radiomaryja.pl\/query.php?__s=Michalkiewicz&amp;__a=1\">Tu znajdziesz komentarze w plikach mp3 &#8211; do wys\u0142uchania lub \u015bci\u0105gni\u0119cia<\/a>.<\/p>","protected":false},"excerpt":{"rendered":"Szanowni Pa\u0144stwo! Je\u015bli kto\u015b ma jeszcze w\u0105tpliwo\u015bci, czy Polska zachowa\u0142a suwerenno\u015b\u0107 i w jakim zakresie, powinien przeczyta\u0107 sobie ustaw\u0119 z 3 grudnia 2010 roku o wdro\u017ceniu niekt\u00f3rych przepis\u00f3w Unii Europejskiej w zakresie r\u00f3wnego traktowania &#8211; a zw\u0142aszcza uzasadnienie rz\u0105dowego projektu tej ustawy. Roi si\u0119 tam od dyrektyw Komisji Europejskiej i pogr\u00f3\u017cek, jakie to paroksyzmy spadn\u0105 [&hellip;]","protected":false},"author":1,"featured_media":0,"comment_status":"closed","ping_status":"closed","sticky":false,"template":"","format":"standard","meta":{"_acf_changed":false,"_monsterinsights_skip_tracking":false,"_monsterinsights_sitenote_active":false,"_monsterinsights_sitenote_note":"","_monsterinsights_sitenote_category":0,"ngg_post_thumbnail":0,"footnotes":"","_wp_rev_ctl_limit":""},"categories":[9],"tags":[34],"acf":[],"_links":{"self":[{"href":"https:\/\/www.bibula.com\/index.php?rest_route=\/wp\/v2\/posts\/31376"}],"collection":[{"href":"https:\/\/www.bibula.com\/index.php?rest_route=\/wp\/v2\/posts"}],"about":[{"href":"https:\/\/www.bibula.com\/index.php?rest_route=\/wp\/v2\/types\/post"}],"author":[{"embeddable":true,"href":"https:\/\/www.bibula.com\/index.php?rest_route=\/wp\/v2\/users\/1"}],"replies":[{"embeddable":true,"href":"https:\/\/www.bibula.com\/index.php?rest_route=%2Fwp%2Fv2%2Fcomments&post=31376"}],"version-history":[{"count":0,"href":"https:\/\/www.bibula.com\/index.php?rest_route=\/wp\/v2\/posts\/31376\/revisions"}],"wp:attachment":[{"href":"https:\/\/www.bibula.com\/index.php?rest_route=%2Fwp%2Fv2%2Fmedia&parent=31376"}],"wp:term":[{"taxonomy":"category","embeddable":true,"href":"https:\/\/www.bibula.com\/index.php?rest_route=%2Fwp%2Fv2%2Fcategories&post=31376"},{"taxonomy":"post_tag","embeddable":true,"href":"https:\/\/www.bibula.com\/index.php?rest_route=%2Fwp%2Fv2%2Ftags&post=31376"}],"curies":[{"name":"wp","href":"https:\/\/api.w.org\/{rel}","templated":true}]}}