{"id":31362,"date":"2011-01-27T11:55:38","date_gmt":"2011-01-27T16:55:38","guid":{"rendered":"http:\/\/www.bibula.com\/?p=31362"},"modified":"2011-01-27T11:55:38","modified_gmt":"2011-01-27T16:55:38","slug":"list-protestacyjny-w-sprawie-kandydatury-grzegorza-motyki-gloryfikatora-upa-do-wladz-ipn","status":"publish","type":"post","link":"https:\/\/www.bibula.com\/?p=31362","title":{"rendered":"List protestacyjny w sprawie kandydatury Grzegorza Motyki, gloryfikatora UPA, do w\u0142adz IPN"},"content":{"rendered":"<p>Przedwczoraj pisa\u0142em [<em>zob. &#8222;<a href=\"http:\/\/www.isakowicz.pl\/index.php?page=news&amp;kid=8&amp;nid=3733\">Gloryfikator UPA w IPN?<\/a>&#8222;<\/em>] o oburzeniu \u015brodowisk kresowych i kombatanckich w  sprawie kandydatury Grzegorza Matyki, gloryfikatora UPA, do w\u0142adz IPN.  Dzi\u015b pierwszy z list\u00f3w protestacyjnych.<\/p>\r\n\r\n<p><br class=\"spacer_\" \/><\/p>\r\n\r\n<div style=\"padding-left: 30px;\"><p>Wielmo\u017cna Pani<\/p>\r\n\r\n<p>Pose\u0142 na Sejm Rzeczypospolitej Polskiej<\/p>\r\n\r\n<p>Ma\u0142gorzata Kidawa-B\u0142o\u0144ska<\/p>\r\n\r\n<p>23 stycznia 2011<\/p>\r\n\r\n<p><strong>Dot.: wyb\u00f3r nowego prezesa IPN (list otwarty)<\/strong><\/p>\r\n\r\n<p>Szanowna Pani Pose\u0142,<\/p>\r\n\r\n<p>z  wielkim za\u017cenowaniem \u015bledz\u0119 polityk\u0119 polsk\u0105 od wielu lat, kt\u00f3ra nie  s\u0142u\u017cy polskiemu narodowi, ale wr\u0119cz szkodzi Rodakom nawet na arenie  mi\u0119dzynarodowej. Znane s\u0105 Pani moje d\u0105\u017cenia do poprawy stosunk\u00f3w  szczeg\u00f3lnie z Niemcami i Ukrai\u0144cami, o kt\u00f3re walcz\u0119 od ponad 43 lat.<\/p>\r\n\r\n<p>Powinno si\u0119 to odbywa\u0107 jednak w duchu prawdy historycznej i bez zak\u0142amania.<\/p>\r\n\r\n<p>Przez  blisko 50 lat nie wolno by\u0142o Polakom napisa\u0107 i powiedzie\u0107 prawdy o  ludob\u00f3jstwie dokonanym przez ukrai\u0144skich nacjonalist\u00f3w OUN-UPA na  bezbronnych Polakach na Wo\u0142yniu i w Ma\u0142opolsce Wschodniej.<\/p>\r\n\r\n<p>Przed  kilkoma laty opracowa\u0142 dr hab. Grzegorz Motyka \u201eTek\u0119 Edukacyjn\u0105 IPN\u201d,  kt\u00f3r\u0105 nast\u0119pnie wr\u0119cza\u0142 w grudniu ub.r. nauczycielom w celu nauczania w  szko\u0142ach m\u0142odzie\u017cy polskiej nie prawdy o ludob\u00f3jstwie dokonanym na  Polakach na dawnych Kresach Wschodnich lecz o \u201ekonflikcie  polsko-ukrai\u0144skim\u201d.<\/p>\r\n\r\n<p>Zar\u00f3wno  wielu polityk\u00f3w jak i pseudonaukowcy nie nazywaj\u0105 ca\u0142kowitej zag\u0142ady  wszystkich Polak\u00f3w mieszkaj\u0105cych na tych terenach od setek lat  ludob\u00f3jstwem, a jednocze\u015bnie dopominaj\u0105 si\u0119 o takie uznanie przez Rosjan  wymordowanych i pochowanych doros\u0142ych os\u00f3b w Katyniu.<\/p>\r\n\r\n<p>Czy  zamordowanie ponad 120.000 Polak\u00f3w, od niemowl\u0105t do os\u00f3b starszych, w  bestialski spos\u00f3b nie powinno nazywa\u0107 si\u0119 ludob\u00f3jstwem?<\/p>\r\n\r\n<p>Po  tragicznej \u015bmierci pod Smole\u0144skiem dr hab. Janusza Kurtyki ma by\u0107  wybrany i zaakceptowany przez Sejm RP nowy prezes. Do grona kandydat\u00f3w  na to stanowisko zosta\u0142 r\u00f3wnie\u017c zaliczony dr Grzegorz Motyka, kt\u00f3ry  podczas ostatnich lat wykaza\u0142 si\u0119 zak\u0142amaniem i ignorancj\u0105 w stosunku do  tragedii Kresowiak\u00f3w. W sprawie tzw. Tek Edukacyjnych IPN protestowa\u0142o  wiele organizacji i stowarzysze\u0144, a na pismo \u015awiatowego Zwi\u0105zku  \u0179o\u0142nierzy Armii Krajowej nie otrzymano nawet odpowiedzi (zob.  za\u0142\u0105czniki).<\/p>\r\n\r\n<p>W  zwi\u0105zku z powy\u017cszym apeluj\u0119 do Pani jako Pos\u0142a na Sejm Rzeczypospolitej  Polskiej aby nie dopu\u015bci\u0107 do tego, by dr Grzegorz Motyka zajmowa\u0142  kierownicze stanowisko w IPN. Prosz\u0119 o przyczynienie si\u0119 do tego, by na  prezesa IPN wybrana zosta\u0142a kompetentna, obiektywna osoba, zas\u0142uguj\u0105ca  na szacunek ca\u0142ego spo\u0142ecze\u0144stwa.<\/p>\r\n\r\n<p>Tak\u0105  w\u0142a\u015bnie postaci\u0105 widz\u0119 w osobie prof. dr. hab. Antoniego Dudka i  dlatego prosz\u0119 o uczynienie wszystkiego aby w spos\u00f3b odpowiedni wp\u0142yn\u0105\u0107  na lepszy wizerunek IPN, a tym samym r\u00f3wnie\u017c Polski na ca\u0142ym \u015bwiecie.<\/p>\r\n\r\n<p>Jako  prawnuczka Prezydenta prof. Stanis\u0142awa Wojciechowskiego i wieloletniego  Ministra i Premiera prof. W\u0142adys\u0142awa Grabskiego lepiej Pani rozumie  prawid\u0142ow\u0105 polityk\u0119 poprzez posiadanie gen\u00f3w tak znakomitych osobisto\u015bci  i dlatego mam nadziej\u0119, \u017ce uda si\u0119 Pani przekona\u0107 wi\u0119kszo\u015b\u0107 w Sejmie do  wyboru prezesa, z kt\u00f3rego wszyscy b\u0119dziemy dumni.<\/p>\r\n\r\n<p>Ten  otwarty list przesy\u0142am do Polak\u00f3w na ca\u0142ym \u015bwiecie z nadziej\u0105 na jego  dalsze propagowanie i odpowiednie potraktowanie w zbli\u017caj\u0105cych si\u0119  wyborach na jesieni tego roku.<\/p>\r\n\r\n<p>Pozostaj\u0119 z wyrazami szacunku<\/p>\r\n\r\n<p><em>Witold Sta\u0144ski<\/em><br \/>\r\n <em>Krefeld <\/em><br \/>\r\n <em>Niemcy <\/em>","protected":false},"excerpt":{"rendered":"Przedwczoraj pisa\u0142em [zob. &#8222;Gloryfikator UPA w IPN?&#8222;] o oburzeniu \u015brodowisk kresowych i kombatanckich w sprawie kandydatury Grzegorza Matyki, gloryfikatora UPA, do w\u0142adz IPN. Dzi\u015b pierwszy z list\u00f3w protestacyjnych. Wielmo\u017cna Pani Pose\u0142 na Sejm Rzeczypospolitej Polskiej Ma\u0142gorzata Kidawa-B\u0142o\u0144ska 23 stycznia 2011 Dot.: wyb\u00f3r nowego prezesa IPN (list otwarty) Szanowna Pani Pose\u0142, z wielkim za\u017cenowaniem \u015bledz\u0119 polityk\u0119 [&hellip;]","protected":false},"author":1,"featured_media":0,"comment_status":"closed","ping_status":"closed","sticky":false,"template":"","format":"standard","meta":{"_acf_changed":false,"_monsterinsights_skip_tracking":false,"_monsterinsights_sitenote_active":false,"_monsterinsights_sitenote_note":"","_monsterinsights_sitenote_category":0,"ngg_post_thumbnail":0,"footnotes":"","_wp_rev_ctl_limit":""},"categories":[9],"tags":[98,17],"acf":[],"_links":{"self":[{"href":"https:\/\/www.bibula.com\/index.php?rest_route=\/wp\/v2\/posts\/31362"}],"collection":[{"href":"https:\/\/www.bibula.com\/index.php?rest_route=\/wp\/v2\/posts"}],"about":[{"href":"https:\/\/www.bibula.com\/index.php?rest_route=\/wp\/v2\/types\/post"}],"author":[{"embeddable":true,"href":"https:\/\/www.bibula.com\/index.php?rest_route=\/wp\/v2\/users\/1"}],"replies":[{"embeddable":true,"href":"https:\/\/www.bibula.com\/index.php?rest_route=%2Fwp%2Fv2%2Fcomments&post=31362"}],"version-history":[{"count":0,"href":"https:\/\/www.bibula.com\/index.php?rest_route=\/wp\/v2\/posts\/31362\/revisions"}],"wp:attachment":[{"href":"https:\/\/www.bibula.com\/index.php?rest_route=%2Fwp%2Fv2%2Fmedia&parent=31362"}],"wp:term":[{"taxonomy":"category","embeddable":true,"href":"https:\/\/www.bibula.com\/index.php?rest_route=%2Fwp%2Fv2%2Fcategories&post=31362"},{"taxonomy":"post_tag","embeddable":true,"href":"https:\/\/www.bibula.com\/index.php?rest_route=%2Fwp%2Fv2%2Ftags&post=31362"}],"curies":[{"name":"wp","href":"https:\/\/api.w.org\/{rel}","templated":true}]}}