{"id":31325,"date":"2011-01-26T12:42:42","date_gmt":"2011-01-26T17:42:42","guid":{"rendered":"http:\/\/www.bibula.com\/?p=31325"},"modified":"2011-01-26T12:42:42","modified_gmt":"2011-01-26T17:42:42","slug":"francja-nie-dla-eutanazji","status":"publish","type":"post","link":"https:\/\/www.bibula.com\/?p=31325","title":{"rendered":"Francja: nie dla eutanazji"},"content":{"rendered":"<p><strong>Francuski Senat odrzuci\u0142 projekt ustawy zezwalaj\u0105cej na eutanazj\u0119. Przeciw ustawie wypowiedzieli si\u0119 czo\u0142owi politycy rz\u0105dz\u0105cej centroprawicy, w tym premier Francois Fillon oraz minister pracy i zdrowia Xavier Bertrand. 170 senator\u00f3w g\u0142osowa\u0142o przeciw ustawie, 142 by\u0142o za jej przyj\u0119ciem.<\/strong><\/p>\r\n\r\n<p>Przyj\u0119ta 18 stycznia pierwotna wersja ustawy legalizuj\u0105cej eutanazj\u0119 wywo\u0142a\u0142a polemik\u0119 i silne reakcje, zar\u00f3wno w \u015bwiecie polityki, jak i w \u015brodowiskach Ko\u015bcio\u0142a francuskiego.<\/p>\r\n\r\n<p>Istota ustawy zawarta by\u0142a w pierwszym artykule, kt\u00f3ry m\u00f3wi\u0142, \u017ce \u201eka\u017cda osoba doros\u0142a, w stanie terminalnym lub z ci\u0119\u017ck\u0105 i nieuleczaln\u0105 chorob\u0105, powoduj\u0105c\u0105 b\u00f3l fizyczny lub psychiczny, kt\u00f3rego nie mo\u017cna u\u015bmierzy\u0107 lub kt\u00f3ry uwa\u017ca ona za nie do zniesienia, mo\u017ce poprosi\u0107, w nast\u0119pstwie \u015bwiadomego aktu, o pomoc medyczn\u0105 umo\u017cliwiaj\u0105c\u0105 szybk\u0105 i bezbolesn\u0105 \u015bmier\u0107\u201d. Poprawk\u0119 usuwaj\u0105c\u0105 ten kontrowersyjny zapis zg\u0142osi\u0142a jedna z przedstawicielek rz\u0105dz\u0105cej Unii na Rzecz Ruchu Ludowego (UMP).<\/p>\r\n\r\n<p>Silny by\u0142 r\u00f3wnie\u017c g\u0142os biskup\u00f3w francuskich. Arcybiskup Pary\u017ca, kard. Andr\u00c3\u00a9 Vingt-Trois przypomnia\u0142, \u017ce \u201eo poziomie i jako\u015bci cywilizacji spo\u0142ecze\u0144stwa \u015bwiadczy spos\u00f3b, w jaki traktuje ono swoich najs\u0142abszych przedstawicieli: w tym dzieci i chorych, czyli u kresu \u017cycia lub na samym pocz\u0105tku ich historii\u201d. Wielu biskup\u00f3w zwraca\u0142o uwag\u0119, \u017ce w eutanazji chodzi o \u015bwiadome zadanie \u015bmierci, czyli o zab\u00f3jstwo. Biskup Mans, Yves Le Saux, przypomnia\u0142 obietnic\u0119 z\u0142o\u017con\u0105 deputowanym, \u017ce \u201eKo\u015bci\u00f3\u0142 stanie u ich boku za ka\u017cdym razem, gdy b\u0119dzie to potrzebne, by broni\u0107 godno\u015bci osoby ludzkiej od pocz\u0119cia do naturalnej \u015bmierci\u201d.<\/p>\r\n\r\n<p>Wiele francuskich, i nie tylko francuskich, ruch\u00f3w i \u015brodowisk broni\u0105cych warto\u015bci \u017cycia ludzkiego towarzyszy\u0142o debacie deputowanych przez modlitw\u0119 w ich intencji.<\/p>\r\n\r\n<p>L. Woroniecki SAC, Pary\u017c<\/p>","protected":false},"excerpt":{"rendered":"Francuski Senat odrzuci\u0142 projekt ustawy zezwalaj\u0105cej na eutanazj\u0119. Przeciw ustawie wypowiedzieli si\u0119 czo\u0142owi politycy rz\u0105dz\u0105cej centroprawicy, w tym premier Francois Fillon oraz minister pracy i zdrowia Xavier Bertrand. 170 senator\u00f3w g\u0142osowa\u0142o przeciw ustawie, 142 by\u0142o za jej przyj\u0119ciem. Przyj\u0119ta 18 stycznia pierwotna wersja ustawy legalizuj\u0105cej eutanazj\u0119 wywo\u0142a\u0142a polemik\u0119 i silne reakcje, zar\u00f3wno w \u015bwiecie polityki, [&hellip;]","protected":false},"author":3,"featured_media":0,"comment_status":"closed","ping_status":"closed","sticky":false,"template":"","format":"standard","meta":{"_acf_changed":false,"_monsterinsights_skip_tracking":false,"_monsterinsights_sitenote_active":false,"_monsterinsights_sitenote_note":"","_monsterinsights_sitenote_category":0,"ngg_post_thumbnail":0,"footnotes":"","_wp_rev_ctl_limit":""},"categories":[6],"tags":[49],"acf":[],"_links":{"self":[{"href":"https:\/\/www.bibula.com\/index.php?rest_route=\/wp\/v2\/posts\/31325"}],"collection":[{"href":"https:\/\/www.bibula.com\/index.php?rest_route=\/wp\/v2\/posts"}],"about":[{"href":"https:\/\/www.bibula.com\/index.php?rest_route=\/wp\/v2\/types\/post"}],"author":[{"embeddable":true,"href":"https:\/\/www.bibula.com\/index.php?rest_route=\/wp\/v2\/users\/3"}],"replies":[{"embeddable":true,"href":"https:\/\/www.bibula.com\/index.php?rest_route=%2Fwp%2Fv2%2Fcomments&post=31325"}],"version-history":[{"count":0,"href":"https:\/\/www.bibula.com\/index.php?rest_route=\/wp\/v2\/posts\/31325\/revisions"}],"wp:attachment":[{"href":"https:\/\/www.bibula.com\/index.php?rest_route=%2Fwp%2Fv2%2Fmedia&parent=31325"}],"wp:term":[{"taxonomy":"category","embeddable":true,"href":"https:\/\/www.bibula.com\/index.php?rest_route=%2Fwp%2Fv2%2Fcategories&post=31325"},{"taxonomy":"post_tag","embeddable":true,"href":"https:\/\/www.bibula.com\/index.php?rest_route=%2Fwp%2Fv2%2Ftags&post=31325"}],"curies":[{"name":"wp","href":"https:\/\/api.w.org\/{rel}","templated":true}]}}