{"id":31286,"date":"2011-01-26T10:33:42","date_gmt":"2011-01-26T15:33:42","guid":{"rendered":"http:\/\/www.bibula.com\/?p=31286"},"modified":"2011-01-26T10:33:42","modified_gmt":"2011-01-26T15:33:42","slug":"skandaliczna-sonda-brukowca-jak-skonczy-kaczynski","status":"publish","type":"post","link":"https:\/\/www.bibula.com\/?p=31286","title":{"rendered":"Skandaliczna sonda brukowca: &#8222;Jak sko\u0144czy Kaczy\u0144ski&#8221;?"},"content":{"rendered":"<p>To trudne do uwierzenia, ale najwyra\u017aniej dla ludzi zwi\u0105zanych z SLD i cz\u0119\u015bciowo Platform\u0105 nie ma \u017cadnych hamulc\u00f3w i \u017cadnych granic. Mo\u017cna nie tylko rozmawia\u0107 z brukowym, przekraczaj\u0105cym wszelkie granice pismem Jerzego Urbana &#8222;Nie&#8221;. Mo\u017cna te\u017c dywagowa\u0107 (dziewi\u0119\u0107 miesi\u0119cy po smole\u0144skiej tragedii!) o tym &#8222;jak sko\u0144czy Kaczy\u0144ski&#8221;. Mo\u017cna nawet zastanawia\u0107 si\u0119 nad rodzajem \u015bmierci jaka go spotka. Na li\u015bcie uczestnik\u00f3w sondy urbanowej gazety mo\u017cna spotka\u0107 wiele nazwisk os\u00f3b uwa\u017caj\u0105cych, \u017ce s\u0105 inteligentami. Mo\u017cna przeczyta\u0107 opinie ludzi pouczaj\u0105cych innych o tym jak powinno wygl\u0105da\u0107 polskie \u017cycie publiczne. I nikt, nikt z tej d\u0142ugiej listy nie wpad\u0142 na my\u015bl, \u017ce to nie wypada. Warto zapami\u0119ta\u0107 wi\u0119c kto odpowiada na pytanie &#8222;Jak sko\u0144czy Jaros\u0142aw Kaczy\u0144ski&#8221; i co m\u00f3wi. Wyci\u0105\u0107, zachowa\u0107 i przypomnie\u0107, kiedy znowu moralne lewicowe wzburzenie wyci\u0105gn\u0105 na sztandary.<\/p>\r\n\r\n<p><strong>Kazimierz Kutz<\/strong>, do niedawna prominentny pose\u0142 PO, obecnie w Ruchu Palikota: Sko\u0144czy samob\u00f3jstwem. (&#8230;) Wcale mu tego nie \u017cycz\u0119. Ale \u015bmier\u0107 samob\u00f3jcza to wcale nie jest taka z\u0142a rzecz, je\u015bli cz\u0142owiek ma si\u0119 m\u0119czy\u0107.<\/p>\r\n\r\n<p><strong>Piotr Najsztub<\/strong>, &#8222;Wprost&#8221;: Umrze. A politycznie? B\u0119dzie mia\u0142 jeszcze swoje 5 minut.<\/p>\r\n\r\n<p><strong>Andrzej Czeczot<\/strong>, rysownik &#8222;Polityki&#8221;: Sko\u0144czy na \u015bmietniku historii.<\/p>\r\n\r\n<p><strong>Piotr Gadzinowski<\/strong>, by\u0142y pose\u0142 SLD: Sko\u0144czy jak jego brat na Wawelu. B\u0119dzie le\u017ca\u0142 ze szwagierk\u0105, bratem i nog\u0105 w generalskim mundurze, o kt\u00f3rej wspomina\u0142 niedawno.<\/p>\r\n\r\n<p><strong>Jan Kapela<\/strong>, &#8222;Krytyka Polityczna&#8221;: [PO i PiS] b\u0119d\u0105 nam rz\u0105dzi\u0107 d\u0142ugo i szcz\u0119\u015bliwie przez mniej wi\u0119cej rok, gdy zjednoczone stronnictwa polec\u0105 sk\u0142ada\u0107 wie\u0144ce na miejscu katastrofy smole\u0144skiej i mimo z\u0142ych warunk\u00f3w pogodowych zdecyduj\u0105 si\u0119 wyl\u0105dowa\u0107 na lotnisku Siewiernyj.<\/p>\r\n\r\n<p><strong>Janusz Palikot<\/strong>: Pope\u0142ni samob\u00f3jstwo!<\/p>\r\n\r\n<p><strong>Joanna Senyszyn<\/strong>, SLD: Ju\u017c si\u0119 sko\u0144czy\u0142. Na Wawelu.<\/p>\r\n\r\n<p><strong>Jacek \u0179akowski<\/strong>, publicysta &#8222;Polityki&#8221;: B\u0119dzie si\u0119 zsuwa\u0142 w radykalizm, mi\u0119dzy szale\u0144stwem a \u015bmieszno\u015bci\u0105.<\/p>\r\n\r\n<p><strong>Robert Biedro\u0144<\/strong>, prezes tzw. Kampanii Przeciw Homofobii: Podobno ju\u017c jest seksualnym impotentem.<\/p>\r\n\r\n<p>Kto jeszcze wzi\u0105\u0142 udzia\u0142 w tej makabrycznej sondzie? M.in. <strong>Bartosz Ar\u0142ukowicz, Max Cegielski, Andrzej Celi\u0144ski, S\u0142awomir Kopyci\u0144ski, Sylwester Latkowski, Andrzej Lepper, Cezary \u0141asiczka, Marek Raczkowski, Robert Walenciak, Jerzy Wenderlich, Jan Widacki<\/strong>.<\/p>\r\n\r\n<p>Nikogo z nich &#8211; powt\u00f3rzmy &#8211; nie razi\u0142 tytu\u0142, z kt\u00f3rym rozmawiaj\u0105, nie razi\u0142o pytanie, nie zapytali o s\u0105siedztwo w jakim wyst\u0105pi\u0105 na \u0142amach.<\/p>\r\n\r\n<p><strong>A wszystko to m\u00f3wi\u0105 i robi\u0105 ci w\u0142a\u015bnie, kt\u00f3rzy nauczaj\u0105 o konieczno\u015bci pojednania, najlepiej na smole\u0144skich trumnach. <\/strong>Makabra.<\/p>","protected":false},"excerpt":{"rendered":"To trudne do uwierzenia, ale najwyra\u017aniej dla ludzi zwi\u0105zanych z SLD i cz\u0119\u015bciowo Platform\u0105 nie ma \u017cadnych hamulc\u00f3w i \u017cadnych granic. Mo\u017cna nie tylko rozmawia\u0107 z brukowym, przekraczaj\u0105cym wszelkie granice pismem Jerzego Urbana &#8222;Nie&#8221;. Mo\u017cna te\u017c dywagowa\u0107 (dziewi\u0119\u0107 miesi\u0119cy po smole\u0144skiej tragedii!) o tym &#8222;jak sko\u0144czy Kaczy\u0144ski&#8221;. Mo\u017cna nawet zastanawia\u0107 si\u0119 nad rodzajem \u015bmierci jaka [&hellip;]","protected":false},"author":3,"featured_media":0,"comment_status":"closed","ping_status":"closed","sticky":false,"template":"","format":"standard","meta":{"_acf_changed":false,"_monsterinsights_skip_tracking":false,"_monsterinsights_sitenote_active":false,"_monsterinsights_sitenote_note":"","_monsterinsights_sitenote_category":0,"ngg_post_thumbnail":0,"footnotes":"","_wp_rev_ctl_limit":""},"categories":[8],"tags":[98,37],"acf":[],"_links":{"self":[{"href":"https:\/\/www.bibula.com\/index.php?rest_route=\/wp\/v2\/posts\/31286"}],"collection":[{"href":"https:\/\/www.bibula.com\/index.php?rest_route=\/wp\/v2\/posts"}],"about":[{"href":"https:\/\/www.bibula.com\/index.php?rest_route=\/wp\/v2\/types\/post"}],"author":[{"embeddable":true,"href":"https:\/\/www.bibula.com\/index.php?rest_route=\/wp\/v2\/users\/3"}],"replies":[{"embeddable":true,"href":"https:\/\/www.bibula.com\/index.php?rest_route=%2Fwp%2Fv2%2Fcomments&post=31286"}],"version-history":[{"count":0,"href":"https:\/\/www.bibula.com\/index.php?rest_route=\/wp\/v2\/posts\/31286\/revisions"}],"wp:attachment":[{"href":"https:\/\/www.bibula.com\/index.php?rest_route=%2Fwp%2Fv2%2Fmedia&parent=31286"}],"wp:term":[{"taxonomy":"category","embeddable":true,"href":"https:\/\/www.bibula.com\/index.php?rest_route=%2Fwp%2Fv2%2Fcategories&post=31286"},{"taxonomy":"post_tag","embeddable":true,"href":"https:\/\/www.bibula.com\/index.php?rest_route=%2Fwp%2Fv2%2Ftags&post=31286"}],"curies":[{"name":"wp","href":"https:\/\/api.w.org\/{rel}","templated":true}]}}