{"id":31265,"date":"2011-01-25T22:18:23","date_gmt":"2011-01-26T03:18:23","guid":{"rendered":"http:\/\/www.bibula.com\/?p=31265"},"modified":"2011-01-25T22:18:23","modified_gmt":"2011-01-26T03:18:23","slug":"europejski-kongres-zydow-krytykuje-wegry-antysyjonizm-antysemityzm","status":"publish","type":"post","link":"https:\/\/www.bibula.com\/?p=31265","title":{"rendered":"Europejski Kongres \u017byd\u00f3w krytykuje W\u0119gry. Antysyjonizm = antysemityzm"},"content":{"rendered":"<p><strong>Przewodnicz\u0105cy Europejskiego Kongresu \u017byd\u00f3w Moshe Kantor (na zdj\u0119ciu)  krytykuje w\u0142adze W\u0119gier za tolerowanie istnienia \u201eultra  nacjonalistycznej\u201d i \u201eantysemickiej\u201d partii Jobbik. \u017bydzi wyra\u017caj\u0105  r\u00f3wnie\u017c zaniepokojenie w\u0119giersk\u0105 ustaw\u0105 medialn\u0105, kt\u00f3ra wg nich mo\u017ce  wp\u0142yn\u0105\u0107 na ich zdolno\u015b\u0107 atakowania ruchu nacjonalistycznego w tym kraju. <\/strong><\/p>\r\n\r\n<p>Z okazji ONZ-owskiego Dnia Pami\u0119ci o Holocau\u015bcie, kt\u00f3rym ustanowiono  27 stycznia, w Brukseli odby\u0142a si\u0119 konferencja EK\u0179. By\u0142a ona okazj\u0105 do  przypomnienia Europejczykom, i\u017c ka\u017cdy z nich jest w jakim\u015b stopniu  winniyholocaustu &#8211; \u017bydzi kolejny raz przypomnieli, \u017ce \u201eantysemityzm\u201d ma  si\u0119 dobrze w ka\u017cdym zak\u0105tku Europy.<\/p>\r\n\r\n<p>Kantor okre\u015bli\u0142 Jobbik mianem partii pronazistowskiej i wyrazi\u0142  ubolewanie nad faktem, \u017ce pozwala si\u0119 istnie\u0107 partii, kt\u00f3ra stanowi dzi\u015b  na W\u0119grzech trzeci\u0105 si\u0142\u0119 polityczn\u0105, popieran\u0105 przez znaczn\u0105 cz\u0119\u015b\u0107  w\u0119gierskiego spo\u0142ecze\u0144stwa. W ostatnich wyborach parlamentarnych Jobbik  zdoby\u0142 16,6 % g\u0142os\u00f3w. Jednak posiadania swojego politycznego  przedstawicielstwa w parlamencie, odmawia W\u0119grom Kantor wraz z \u017cydowskim  Kongresem, zapowiadaj\u0105c naciski na rz\u0105d w\u0119gierski maj\u0105ce na celu walk\u0119 z  Jobbik\u2019iem. Jednocze\u015bnie Moshe Kantor ubolewa nad ustaw\u0105 medialn\u0105,  kt\u00f3ra wg niego mo\u017ce ograniczy\u0107 wolno\u015b\u0107 s\u0142owa. T\u0105 sam\u0105 wolno\u015b\u0107 s\u0142owa,  kt\u00f3rej odmawia cz\u0142onkom i sympatykom Jobbik\u2019a. To, co najbardziej martwi  Kantor\u2019a, to utrudnienie w atakowaniu nacjonalizmu w\u0119gierskiego, kt\u00f3re  wg niego b\u0119dzie nast\u0119pstwem ustawy medialnej.<\/p>\r\n\r\n<p>\u201e- Prawo, kt\u00f3re ogranicza wolno\u015b\u0107 wypowiedzi &#8211; co ma miejsce na  W\u0119grzech &#8211; jest niebezpieczne dla demokracji. Bo je\u015bli jutro kto\u015b chce  m\u00f3wi\u0107 o trendach nazistowskich na W\u0119grzech, to b\u0119dzie ograniczony. Dla  pewnych rzeczy nie mo\u017ce by\u0107 \u017cadnej tolerancji\u201d &#8211; powiedzia\u0142 Kantor.<\/p>\r\n\r\n<p>W konferencji w Brukseli wzi\u0105\u0142 udzia\u0142 izraelski minister ds. diaspory  \u017cydowskiej, Juli Edelstein. M\u00f3wi\u0142 o rosn\u0105cych zjawiskach antysemityzmu w  ca\u0142ej Europie, zar\u00f3wno aktach przemocy, jak i \u201eantysemickich\u201d tekstach,  zw\u0142aszcza w internecie. \u201e- Niestety, nie znam kraju bez antysemityzmu\u201d &#8211;  powiedzia\u0142 minister. Jednocze\u015bnie zr\u00f3wna\u0142 on \u201eantysemityzm\u201d z  antysyjonizmem i krytyk\u0105 zbrodniczej dzia\u0142alno\u015bci pa\u0144stwa Izrael.<\/p>\r\n\r\n<p>U\u017cywanie poj\u0119cia \u201eantysemityzmu\u201d jest stosowane przez Izrael w walce  politycznej o ratowanie wizerunku kraju. W my\u015bl tej zasady krytyka  izraelskich operacji przeciwko cywilom i zbrodnie wojenne s\u0105  kwalifikowane jako \u201eantysemityzm\u201d, co powoduje wykluczenie z dyskursu  publicznego oponent\u00f3w syjonistycznego re\u017cimu.<\/p>","protected":false},"excerpt":{"rendered":"Przewodnicz\u0105cy Europejskiego Kongresu \u017byd\u00f3w Moshe Kantor (na zdj\u0119ciu) krytykuje w\u0142adze W\u0119gier za tolerowanie istnienia \u201eultra nacjonalistycznej\u201d i \u201eantysemickiej\u201d partii Jobbik. \u017bydzi wyra\u017caj\u0105 r\u00f3wnie\u017c zaniepokojenie w\u0119giersk\u0105 ustaw\u0105 medialn\u0105, kt\u00f3ra wg nich mo\u017ce wp\u0142yn\u0105\u0107 na ich zdolno\u015b\u0107 atakowania ruchu nacjonalistycznego w tym kraju. Z okazji ONZ-owskiego Dnia Pami\u0119ci o Holocau\u015bcie, kt\u00f3rym ustanowiono 27 stycznia, w Brukseli odby\u0142a [&hellip;]","protected":false},"author":1,"featured_media":0,"comment_status":"closed","ping_status":"closed","sticky":false,"template":"","format":"standard","meta":{"_acf_changed":false,"_monsterinsights_skip_tracking":false,"_monsterinsights_sitenote_active":false,"_monsterinsights_sitenote_note":"","_monsterinsights_sitenote_category":0,"ngg_post_thumbnail":0,"footnotes":"","_wp_rev_ctl_limit":""},"categories":[6],"tags":[48,22,53],"acf":[],"_links":{"self":[{"href":"https:\/\/www.bibula.com\/index.php?rest_route=\/wp\/v2\/posts\/31265"}],"collection":[{"href":"https:\/\/www.bibula.com\/index.php?rest_route=\/wp\/v2\/posts"}],"about":[{"href":"https:\/\/www.bibula.com\/index.php?rest_route=\/wp\/v2\/types\/post"}],"author":[{"embeddable":true,"href":"https:\/\/www.bibula.com\/index.php?rest_route=\/wp\/v2\/users\/1"}],"replies":[{"embeddable":true,"href":"https:\/\/www.bibula.com\/index.php?rest_route=%2Fwp%2Fv2%2Fcomments&post=31265"}],"version-history":[{"count":0,"href":"https:\/\/www.bibula.com\/index.php?rest_route=\/wp\/v2\/posts\/31265\/revisions"}],"wp:attachment":[{"href":"https:\/\/www.bibula.com\/index.php?rest_route=%2Fwp%2Fv2%2Fmedia&parent=31265"}],"wp:term":[{"taxonomy":"category","embeddable":true,"href":"https:\/\/www.bibula.com\/index.php?rest_route=%2Fwp%2Fv2%2Fcategories&post=31265"},{"taxonomy":"post_tag","embeddable":true,"href":"https:\/\/www.bibula.com\/index.php?rest_route=%2Fwp%2Fv2%2Ftags&post=31265"}],"curies":[{"name":"wp","href":"https:\/\/api.w.org\/{rel}","templated":true}]}}