{"id":31248,"date":"2011-01-25T21:31:32","date_gmt":"2011-01-26T02:31:32","guid":{"rendered":"http:\/\/www.bibula.com\/?p=31248"},"modified":"2011-01-25T21:31:32","modified_gmt":"2011-01-26T02:31:32","slug":"bandera-honorowym-obywatelem-zolkwi","status":"publish","type":"post","link":"https:\/\/www.bibula.com\/?p=31248","title":{"rendered":"Bandera honorowym obywatelem \u0179\u00f3\u0142kwi"},"content":{"rendered":"<p><strong>W poniedzia\u0142ek 24 stycznia Rada Miejska w \u0179\u00f3\u0142kwi podj\u0119\u0142a decyzj\u0119 o  nadaniu Stepanowi Banderze tytu\u0142u honorowego obywatela miasta. Jak  podaje portal zaxid.net, informacja pochodzi od rzecznika prasowego  partii \u201eSwoboda\u201d.<\/strong><\/p>\r\n\r\n<p>Ponadto, deputaci \u017c\u00f3\u0142kiewscy poparli o\u015bwiadczenie Lwowskiej Rady  Obwodowej sprzeciwiaj\u0105ce si\u0119 anulowaniu dekretu by\u0142ego prezydenta  Ukrainy, Wiktora Juszczenki, o nadaniu Stepanowi Banderze tytu\u0142u  \u201eBohatera Ukrainy\u201d. W zesz\u0142ym tygodniu podobn\u0105 decyzj\u0119 podj\u0119li r\u00f3wnie\u017c  radni miasta Dublany i Rawa-Ruska na Lwowszczy\u017anie.<\/p>\r\n\r\n<p>Stepan Bandera  zosta\u0142 ju\u017c og\u0142oszony honorowym obywatelem takich miast na zachodniej  Ukrainie, jak Lw\u00f3w, Iwano-Frankowsk (d. Stanis\u0142aw\u00f3w), Tarnopol, \u0141uck,  Truskawiec, Kowel i Sokal.<\/p>\r\n\r\n<p>\u0179\u00f3\u0142kiew to miasto za\u0142o\u017cone w 1579 roku  przez hetmana Stanis\u0142awa \u0179\u00f3\u0142kiewskiego, zdobywc\u0119 Moskwy w 1610 roku,  poleg\u0142ego w bitwie pod Cecor\u0105 w 1620 roku. Jego prawnukiem by\u0142 kr\u00f3l Jan  III Sobieski, kt\u00f3ry cz\u0119sto odwiedza\u0142 rodow\u0105 posiad\u0142o\u015b\u0107.<\/p>","protected":false},"excerpt":{"rendered":"W poniedzia\u0142ek 24 stycznia Rada Miejska w \u0179\u00f3\u0142kwi podj\u0119\u0142a decyzj\u0119 o nadaniu Stepanowi Banderze tytu\u0142u honorowego obywatela miasta. Jak podaje portal zaxid.net, informacja pochodzi od rzecznika prasowego partii \u201eSwoboda\u201d. Ponadto, deputaci \u017c\u00f3\u0142kiewscy poparli o\u015bwiadczenie Lwowskiej Rady Obwodowej sprzeciwiaj\u0105ce si\u0119 anulowaniu dekretu by\u0142ego prezydenta Ukrainy, Wiktora Juszczenki, o nadaniu Stepanowi Banderze tytu\u0142u \u201eBohatera Ukrainy\u201d. W zesz\u0142ym [&hellip;]","protected":false},"author":1,"featured_media":0,"comment_status":"closed","ping_status":"closed","sticky":false,"template":"","format":"standard","meta":{"_acf_changed":false,"_monsterinsights_skip_tracking":false,"_monsterinsights_sitenote_active":false,"_monsterinsights_sitenote_note":"","_monsterinsights_sitenote_category":0,"ngg_post_thumbnail":0,"footnotes":"","_wp_rev_ctl_limit":""},"categories":[6],"tags":[167,17],"acf":[],"_links":{"self":[{"href":"https:\/\/www.bibula.com\/index.php?rest_route=\/wp\/v2\/posts\/31248"}],"collection":[{"href":"https:\/\/www.bibula.com\/index.php?rest_route=\/wp\/v2\/posts"}],"about":[{"href":"https:\/\/www.bibula.com\/index.php?rest_route=\/wp\/v2\/types\/post"}],"author":[{"embeddable":true,"href":"https:\/\/www.bibula.com\/index.php?rest_route=\/wp\/v2\/users\/1"}],"replies":[{"embeddable":true,"href":"https:\/\/www.bibula.com\/index.php?rest_route=%2Fwp%2Fv2%2Fcomments&post=31248"}],"version-history":[{"count":0,"href":"https:\/\/www.bibula.com\/index.php?rest_route=\/wp\/v2\/posts\/31248\/revisions"}],"wp:attachment":[{"href":"https:\/\/www.bibula.com\/index.php?rest_route=%2Fwp%2Fv2%2Fmedia&parent=31248"}],"wp:term":[{"taxonomy":"category","embeddable":true,"href":"https:\/\/www.bibula.com\/index.php?rest_route=%2Fwp%2Fv2%2Fcategories&post=31248"},{"taxonomy":"post_tag","embeddable":true,"href":"https:\/\/www.bibula.com\/index.php?rest_route=%2Fwp%2Fv2%2Ftags&post=31248"}],"curies":[{"name":"wp","href":"https:\/\/api.w.org\/{rel}","templated":true}]}}