{"id":31238,"date":"2011-01-25T12:29:39","date_gmt":"2011-01-25T17:29:39","guid":{"rendered":"http:\/\/www.bibula.com\/?p=31238"},"modified":"2011-01-25T12:29:39","modified_gmt":"2011-01-25T17:29:39","slug":"ukrywali-zydow-zostana-swietymi","status":"publish","type":"post","link":"https:\/\/www.bibula.com\/?p=31238","title":{"rendered":"Ukrywali \u017byd\u00f3w. Zostan\u0105 \u015bwi\u0119tymi?"},"content":{"rendered":"<p><strong>Nied\u0142ugo zako\u0144czony zostanie polski etap procesu beatyfikacyjnego  rodziny Ulm\u00f3w z Markowej. Zostali oni zamordowani przez Niemc\u00f3w za  ukrywanie \u017cydowskiej rodziny.<\/strong><\/p>\r\n\r\n<p><img fetchpriority=\"high\" decoding=\"async\" class=\"alignleft\" style=\"margin: 10px;\" src=\"http:\/\/www.fronda.pl\/files\/ulmowie_grafika.jpg\" alt=\"\" width=\"200\" height=\"261\" align=\"left\" \/><\/p>\r\n\r\n<p>&#8211; Zako\u0144czony zosta\u0142 proces na szczeblu diecezjalnym. Materia\u0142y  dotycz\u0105ce rodziny Ulm\u00f3w trafi\u0142y do diecezji pelpli\u0144skiej, kt\u00f3ra na  szczeblu krajowym koordynuje wsp\u00f3lny proces beatyfikacyjny ok. 100  m\u0119czennik\u00f3w, ofiar nazizmu z czas\u00f3w drugiej wojny \u015bwiatowej. Stamt\u0105d  materia\u0142y, wraz innymi, b\u0119d\u0105 przes\u0142ane do Rzymu &#8211; t\u0142umaczy delegat  metropolity przemyskiego w tym procesie ks. J\u00f3zef Bar.<\/p>\r\n\r\n<p>Zaznaczy\u0142, \u017ce procesy m\u0119czennik\u00f3w \u201erozstrzygane s\u0105 do\u015b\u0107 szybko&#8221;. &#8211;  Analizuje si\u0119 dokumentacj\u0119 zebran\u0105 w diecezjach. W przypadku m\u0119cze\u0144skiej  \u015bmierci nie trzeba czeka\u0107 na cud &#8211; wyja\u015bni\u0142.<\/p>\r\n\r\n<p>Ca\u0142a rodzina Ulm\u00f3w zosta\u0142a zamordowana 24 marca 1944 roku. Zgin\u0105\u0142  wtedy J\u00f3zef Ulma, jego \u017cona Wiktoria, b\u0119d\u0105ca w ostatnim miesi\u0105cu ci\u0105\u017cy,  oraz sz\u00f3stka ich dzieci: Stanis\u0142awa (w\u00f3wczas mia\u0142a 8 lat), Barbara,  W\u0142adys\u0142aw, Franciszek, Antoni i Maria. Niemieccy \u017candarmi zamordowali  r\u00f3wnie\u017c o\u015bmioro \u017byd\u00f3w, ukrywanych przez polsk\u0105 rodzin\u0119. Masakra w  Markowej by\u0142a jedn\u0105 z najg\u0142o\u015bniejszych i najbardziej brutalnych akcji  niemieckiego terroru, wymierzonych w Polak\u00f3w ukrywaj\u0105cych \u017byd\u00f3w.<\/p>\r\n\r\n<p>J\u00f3zef Ulma urodzi\u0142 si\u0119 w 1900 roku. By\u0142 znanym sadownikiem, hodowa\u0142  pszczo\u0142y i jedwabniki. By\u0142 tak\u017ce spo\u0142ecznikiem, bibliotekarzem i  dzia\u0142aczem katolickim. Jego wielk\u0105 pasj\u0105 by\u0142o fotografowanie. O 12 lat  m\u0142odsza \u017cona Wiktoria zajmowa\u0142a si\u0119 domem i dzie\u0107mi.<\/p>\r\n\r\n<p>Izraelski Instytut Pami\u0119ci Yad Vaszem przyzna\u0142 rodzinie Ulm\u00f3w tytu\u0142 Sprawiedliwi w\u015br\u00f3d Narod\u00f3w \u015awiata.<\/p>\r\n\r\n<p>Proces beatyfikacyjny rodziny Ulm\u00f3w rozpocz\u0105\u0142 si\u0119 w 2003 roku.<\/p>\r\n\r\n<p>\u017car\/Money.pl<\/p>","protected":false},"excerpt":{"rendered":"Nied\u0142ugo zako\u0144czony zostanie polski etap procesu beatyfikacyjnego rodziny Ulm\u00f3w z Markowej. Zostali oni zamordowani przez Niemc\u00f3w za ukrywanie \u017cydowskiej rodziny. &#8211; Zako\u0144czony zosta\u0142 proces na szczeblu diecezjalnym. Materia\u0142y dotycz\u0105ce rodziny Ulm\u00f3w trafi\u0142y do diecezji pelpli\u0144skiej, kt\u00f3ra na szczeblu krajowym koordynuje wsp\u00f3lny proces beatyfikacyjny ok. 100 m\u0119czennik\u00f3w, ofiar nazizmu z czas\u00f3w drugiej wojny \u015bwiatowej. Stamt\u0105d materia\u0142y, [&hellip;]","protected":false},"author":1,"featured_media":0,"comment_status":"closed","ping_status":"closed","sticky":false,"template":"","format":"standard","meta":{"_acf_changed":false,"_monsterinsights_skip_tracking":false,"_monsterinsights_sitenote_active":false,"_monsterinsights_sitenote_note":"","_monsterinsights_sitenote_category":0,"ngg_post_thumbnail":0,"footnotes":"","_wp_rev_ctl_limit":""},"categories":[9],"tags":[18,59],"acf":[],"_links":{"self":[{"href":"https:\/\/www.bibula.com\/index.php?rest_route=\/wp\/v2\/posts\/31238"}],"collection":[{"href":"https:\/\/www.bibula.com\/index.php?rest_route=\/wp\/v2\/posts"}],"about":[{"href":"https:\/\/www.bibula.com\/index.php?rest_route=\/wp\/v2\/types\/post"}],"author":[{"embeddable":true,"href":"https:\/\/www.bibula.com\/index.php?rest_route=\/wp\/v2\/users\/1"}],"replies":[{"embeddable":true,"href":"https:\/\/www.bibula.com\/index.php?rest_route=%2Fwp%2Fv2%2Fcomments&post=31238"}],"version-history":[{"count":0,"href":"https:\/\/www.bibula.com\/index.php?rest_route=\/wp\/v2\/posts\/31238\/revisions"}],"wp:attachment":[{"href":"https:\/\/www.bibula.com\/index.php?rest_route=%2Fwp%2Fv2%2Fmedia&parent=31238"}],"wp:term":[{"taxonomy":"category","embeddable":true,"href":"https:\/\/www.bibula.com\/index.php?rest_route=%2Fwp%2Fv2%2Fcategories&post=31238"},{"taxonomy":"post_tag","embeddable":true,"href":"https:\/\/www.bibula.com\/index.php?rest_route=%2Fwp%2Fv2%2Ftags&post=31238"}],"curies":[{"name":"wp","href":"https:\/\/api.w.org\/{rel}","templated":true}]}}