{"id":31233,"date":"2011-01-25T12:18:21","date_gmt":"2011-01-25T17:18:21","guid":{"rendered":"http:\/\/www.bibula.com\/?p=31233"},"modified":"2011-01-25T12:18:21","modified_gmt":"2011-01-25T17:18:21","slug":"czy-ktos-zapyta-niesiolowskiego","status":"publish","type":"post","link":"https:\/\/www.bibula.com\/?p=31233","title":{"rendered":"Czy kto\u015b zapyta Niesio\u0142owskiego?"},"content":{"rendered":"<p><strong>Jak donosz\u0105 media, biegli po czterotygodniowej obserwacji uznali Ryszarda C. za poczytalnego.<\/strong><\/p>\r\n\r\n<p>Sprawa zamordowania Marka Rosiaka w \u0142\u00f3dzkim biurze  PiS bardzo szybko znikn\u0119\u0142a z pierwszych stron gazet. Dzieje si\u0119 tak  zawsze, kiedy co\u015b mo\u017ce zaszkodzi\u0107 partii mi\u0142o\u015bci.<\/p>\r\n\r\n<p>Ja jednak chcia\u0142bym nie o taks\u00f3wkarzu z Cz\u0119stochowy, ale znanej postaci naszego \u017cycia politycznego.<\/p>\r\n\r\n<p>Chodzi mi o wicemarsza\u0142ka sejmu Stefana  Niesio\u0142owskiego i jego pracownika z biura poselskiego w \u0141odzi, Benedykta  Czum\u0119. Zdementowane medialnym szeptem sensacyjne pog\u0142oski jakoby  Ryszard C. sympatyk i by\u0142y cz\u0142onek PO czyha\u0142 na \u017cycie Stefana  Niesio\u0142owskiego nie przebi\u0142y si\u0119 jako\u015b do szerszej publiki.<\/p>\r\n\r\n<p>Wygl\u0105da na to, \u017ce wicemarsza\u0142ek polskiego  parlamentu, czyli osoba na bardzo wa\u017cnym stanowisku po prostu urz\u0105dzi\u0142a  sobie taniec nad trumn\u0105 ofiary i dla odwr\u00f3cenia uwagi opinii publicznej  dopu\u015bci\u0142a si\u0119 niezwykle pod\u0142ego k\u0142amstwa.<\/p>\r\n\r\n<p>Przedstawianie si\u0119, jako niedosz\u0142a potencjalna  ofiara mordercy tylko po to by zdj\u0105\u0107 z PO moraln\u0105 odpowiedzialno\u015b\u0107 za  j\u0119zyk nienawi\u015bci wprowadzony do polskiej polityki przez samego marsza\u0142ka  i jego partyjnych koleg\u00f3w jest czynem niegodnym nie tylko dla  parlamentarzysty, ale i ka\u017cdego przyzwoitego cz\u0142owieka.<\/p>\r\n\r\n<p>Czy znajdzie si\u0119, cho\u0107 jeden dziennikarz, kt\u00f3ry  zapyta Niesio\u0142owskiego czy nie jest mu po prostu wstyd? Czy znieczulica  wobec najzwyklejszego dra\u0144stwa jest ju\u017c tak zaawansowana, \u017ce media mu  odpu\u015bci\u0142y, a jego pod\u0142y post\u0119pek potraktowa\u0142y, jako sprytny,  akceptowalny w polityce PR-owy chwyt?<\/p>\r\n\r\n<p>Gdzie jest ta\u015bma z monitoringu w \u0142\u00f3dzkim biurze  pos\u0142a? Czy uszkodzi\u0142a si\u0119 jak ta z budy ruskiej zwanej wie\u017c\u0105 lotniska w  Smole\u0144sku?<\/p>\r\n\r\n<p>Czy wicemarsza\u0142ek polskiego sejmu odpowie nam na te pytania? Czy kto\u015b odwa\u017cy si\u0119 publicznie go o to zapyta\u0107?<\/p>\r\n\r\n<p>Czy Stefan Niesio\u0142owski i Benedykt Czuma to zwyczajni mali i podli k\u0142amcy?<\/p>\r\n\r\n<p><strong><em>Miros\u0142aw Kokoszkiewicz<\/em><\/strong><\/p>\r\n\r\n<blockquote>\r\n<h2>Ryszard C. , zdaniem bieg\u0142ych, jak najbardziej poczytalny. A wi\u0119c to nie by\u0142 szaleniec, ale \u015bwiadomy morderca<\/h2>\r\n\r\n<p>Ryszard C<strong>.<\/strong>, morderca, kt\u00f3ry w pa\u017adzierniku 2010 roku zabi\u0142 w \u0142\u00f3dzkim biurze poselskim Prawa i Sprawiedliwo\u015bci \u015bp. Marka Rosiaka<strong> <\/strong>i ci\u0119\u017cko rani\u0142 inn\u0105 osob\u0119, jest poczytalny &#8211; uznali biegli zajmuj\u0105cy si\u0119 t\u0105 spraw\u0105.<\/p>\r\n\r\n<p>Rafa\u0142 S\u0142awnikowski, prokurator Prokuratury Okr\u0119gowej w \u0141odzi m\u00f3wi\u0142 na antenie telewizji TVN24.<\/p>\r\n\r\n<p>Biegli orzekli, \u017ce w czasie pope\u0142niania zarzucanych mu czyn\u00f3w, rozumia\u0142 ich znaczenie i m\u00f3g\u0142 pokierowa\u0107 swoim post\u0119powaniem. <strong>Czyli kr\u00f3tko m\u00f3wi\u0105c by\u0142 poczytalny.<\/strong> Ponadto biegli orzekli tak\u017ce, \u017ce jego obecny stan zdrowia pozwala brac  mu udzia\u0142 w postepowaniu karnym tpocz\u0105cym si\u0119 rpzeciwko niemu. To  oznacza, ze je\u017celi s\u0105d uzna i\u017c pope\u0142ni\u0142 przest\u0119pstwo b\u0119dzie m\u00f3g\u0142 ponie\u015b\u0107  za nie odpowiedzialno\u015b\u0107 karn\u0105.<\/p>\r\n\r\n<p>Oznacza to, \u017ce wszystkie spekulacje i\u017c morderca z \u0141odzi jest  &#8222;wariatem&#8221;, nie by\u0142y prawdziwe. Podobnie jak tezy, \u017ce nie mia\u0142 on  \u017cadnych politycznych powi\u0105za\u0144. Niedawno okaza\u0142o si\u0119, \u017ce przez rok by\u0142  cz\u0142onkiem Platformy Obywatelskiej.<\/p>\r\n\r\n<p>Prokuratura informuje, \u017ce \u015bledztwo w sprawie jest zaawansowane,  wi\u0119kszo\u015b\u0107 czynno\u015bci zosta\u0142a ju\u017c przeprowadzona. Biegli oczekuj\u0105 na  ekspertyz\u0119 dotycz\u0105c\u0105 obra\u017ce\u0144 jednej z ofiar Ryszarda C. \u015aledztwo zosta\u0142o  przed\u0142u\u017cone do 30 kwietnia, podobnie areszt dla Ryszarda C.<\/p>\r\n\r\n<p>Do zbrodni dosz\u0142o 19 pa\u017adziernika. Po zatrzymaniu przez stra\u017cnik\u00f3w  miejskich Ryszard C. wo\u0142a\u0142, \u017ce chcia\u0142 zabi\u0107 Jaros\u0142awa Kaczy\u0144skiego.<\/p>\r\n\r\n<p>P\u00f3\u017aniej wsp\u00f3\u0142pracownicy <strong>Stefana Niesio\u0142owskiego <\/strong>(PO)  og\u0142osili, \u017ce Ryszard C. by\u0142 tak\u017ce w jego biurze. Szybko okaza\u0142o si\u0119 to  ca\u0142kowitym wymys\u0142em, obliczonym prawdopodobnie na os\u0142abienie w oczach  opinii publicznej wra\u017cenia jakie wywar\u0142 mord dokonanty z politycznej  nienawi\u015bci.<\/p>\r\n\r\n<p>(wu-ka)<\/p>\r\n\r\n<p class=\"zrodlo\">Za: <a href=\"http:\/\/wpolityce.pl\/view\/6493\/Ryszard_C____zdaniem_bieglych__jak_najbardziej_poczytalny__A_wiec_to_nie_byl_szaleniec__ale_swiadomy_morderca.html\">wPolityce.pl<\/a><\/p><\/blockquote>","protected":false},"excerpt":{"rendered":"Jak donosz\u0105 media, biegli po czterotygodniowej obserwacji uznali Ryszarda C. za poczytalnego. Sprawa zamordowania Marka Rosiaka w \u0142\u00f3dzkim biurze PiS bardzo szybko znikn\u0119\u0142a z pierwszych stron gazet. Dzieje si\u0119 tak zawsze, kiedy co\u015b mo\u017ce zaszkodzi\u0107 partii mi\u0142o\u015bci. Ja jednak chcia\u0142bym nie o taks\u00f3wkarzu z Cz\u0119stochowy, ale znanej postaci naszego \u017cycia politycznego. Chodzi mi o wicemarsza\u0142ka [&hellip;]","protected":false},"author":1,"featured_media":0,"comment_status":"closed","ping_status":"closed","sticky":false,"template":"","format":"standard","meta":{"_acf_changed":false,"_monsterinsights_skip_tracking":false,"_monsterinsights_sitenote_active":false,"_monsterinsights_sitenote_note":"","_monsterinsights_sitenote_category":0,"ngg_post_thumbnail":0,"footnotes":"","_wp_rev_ctl_limit":""},"categories":[9],"tags":[114,98],"acf":[],"_links":{"self":[{"href":"https:\/\/www.bibula.com\/index.php?rest_route=\/wp\/v2\/posts\/31233"}],"collection":[{"href":"https:\/\/www.bibula.com\/index.php?rest_route=\/wp\/v2\/posts"}],"about":[{"href":"https:\/\/www.bibula.com\/index.php?rest_route=\/wp\/v2\/types\/post"}],"author":[{"embeddable":true,"href":"https:\/\/www.bibula.com\/index.php?rest_route=\/wp\/v2\/users\/1"}],"replies":[{"embeddable":true,"href":"https:\/\/www.bibula.com\/index.php?rest_route=%2Fwp%2Fv2%2Fcomments&post=31233"}],"version-history":[{"count":0,"href":"https:\/\/www.bibula.com\/index.php?rest_route=\/wp\/v2\/posts\/31233\/revisions"}],"wp:attachment":[{"href":"https:\/\/www.bibula.com\/index.php?rest_route=%2Fwp%2Fv2%2Fmedia&parent=31233"}],"wp:term":[{"taxonomy":"category","embeddable":true,"href":"https:\/\/www.bibula.com\/index.php?rest_route=%2Fwp%2Fv2%2Fcategories&post=31233"},{"taxonomy":"post_tag","embeddable":true,"href":"https:\/\/www.bibula.com\/index.php?rest_route=%2Fwp%2Fv2%2Ftags&post=31233"}],"curies":[{"name":"wp","href":"https:\/\/api.w.org\/{rel}","templated":true}]}}