{"id":31228,"date":"2011-01-25T11:33:42","date_gmt":"2011-01-25T16:33:42","guid":{"rendered":"http:\/\/www.bibula.com\/?p=31228"},"modified":"2011-01-25T11:33:42","modified_gmt":"2011-01-25T16:33:42","slug":"czy-sedziowie-sadu-apelacyjnego-illinois-zostana-%e2%80%9eantysemitami%e2%80%9d","status":"publish","type":"post","link":"https:\/\/www.bibula.com\/?p=31228","title":{"rendered":"Czy s\u0119dziowie S\u0105du Apelacyjnego Illinois zostan\u0105 \u201eantysemitami&#8221;?"},"content":{"rendered":"<p><strong>W poniedzia\u0142ek, 24 stycznia S\u0105d Apelacyjny uzna\u0142, \u017ce Rahm Emanuel nie  jest rezydentem Chicago. Decyzja ta uniemo\u017cliwia Emanuelowi  kandydowanie na stanowisko burmistrza Chicago. Zgodnie z decyzj\u0105 s\u0105du  Rada Wyborcza Chicago wyda\u0142a nakaz uzuni\u0119cia Rahma Emanuela z kart  wyborczych w wyborach na burmistrza Chicago, kt\u00f3re odb\u0119d\u0105 si\u0119 22 lutego. <\/strong><\/p>\r\n\r\n<p>Jak poda\u0142y media Rahm Emanuel ju\u017c zebra\u0142 na kampani\u0119 wyborcz\u0105 ponad  10 milion\u00f3w dolar\u00f3w, co jest kwot\u0105 wi\u0119ksz\u0105 od zebranych pieni\u0119dzy przez  pozosta\u0142ych kandydat\u00f3w \u0142\u0105cznie.<\/p>\r\n\r\n<p>Adwokaci Emanuela natychmiast po decyzji S\u0105du Apelacyjnego zwr\u00f3cili  si\u0119 do S\u0105du Najwy\u017cszego stanu Illinois w Chicago aby powstrzyma\u0142 druk  kart do g\u0142osowania na lutowe wybory. Natomiast biuro wyborcze  odpowiedzia\u0142o, \u017ce musz\u0105 dzisiaj rozpocz\u0105\u0107 drukowanie 2 milion\u00f3w kart i  przygotowa\u0107 elektroniczne maszyny do g\u0142osowania wst\u0119pnego, kt\u00f3re  rozpoczyna si\u0119 ju\u017c w nast\u0119pny poniedzia\u0142ek.<\/p>\r\n\r\n<p>Jak wielk\u0105 wag\u0119 przywi\u0105zuj\u0105 demokraci do wyboru Emanuela na  burmistrza Chicago \u015bwiadczy udzia\u0142 by\u0142ego prezydenta USA Bill Clintona,  kt\u00f3ry przed kilkoma dniami osobi\u015bcie przyby\u0142 do Chicago aby wesprze\u0107  demokratycznego kandydata.<\/p>\r\n\r\n<p>Rahm Emanuel w swoim wyst\u0105pieniu podkre\u015bli\u0142, \u017ce taka decyzja s\u0105du  odbiera wyborcom mo\u017cliwo\u015b\u0107 wypowiedznia si\u0119 czy im przeszkadza to, \u017ce  ostatnio mieszka\u0142 w Washington, DC gdzie by\u0142 szefem adminstracji Bia\u0142ego  Domu.<\/p>\r\n\r\n<p>Si\u0142owanie si\u0119 z interpretacj\u0105 prawa frakcji napieraj\u0105cej na nominacj\u0119  Rahm Emanuela na burmistrza Chicago i uni\u017cono\u015b\u0107 s\u0105du pierwszej  instancji, kt\u00f3ry uzna\u0142, \u017ce nawet je\u017celi Emanuel nie mieszka\u0142 rok w  Chicago to mo\u017ce startowa\u0107 w wyborach, jest przyk\u0142adem liberalizacji,  kt\u00f3ra systematycznie rozk\u0142ada Stany Zjednoczone.<\/p>\r\n\r\n<p>Wcze\u015bniej, a w\u0142a\u015bciwie to po dzie\u0144 dzisiejszy trwa dociekanie czy  prezydent Obama urodzi\u0142 si\u0119 na terenie Stan\u00f3w Zjednoczonych, co jest  podstawowym wymogiem aby startowa\u0107 na prezydenta. Zar\u00f3wno Emanuel, tak i  Obama s\u0105 demokratami.<\/p>\r\n\r\n<p>Polonia w USA osob\u0119 Rahm Emanuela pozna\u0142a ju\u017c wcze\u015bniej w prawyborach  w 1996, kiedy to startowa\u0142a Nancy Kaszak maj\u0105ca polskie pochodzenie. W  jej poparcie mocno zaanga\u017cowa\u0142 si\u0119 Edward J. Moskal, d\u0142ugoletni prezes  Kongresu Polonii Ameryka\u0144skiej. Podda\u0142 on w w\u0105tpliwo\u015b\u0107 przydatno\u015b\u0107  Emanuela jako polityka z podw\u00f3jnym obywatelstwem (Izraelskim) oraz jego  s\u0142u\u017cb\u0105 w Armii Izraelskiej, co okaza\u0142o si\u0119 p\u00f3\u017aniej, \u017ce nie w Armii a w  cywilnej obronie Izraela jako ochotnik jedynie.<\/p>\r\n\r\n<p>Ten argument w poparciu Nancy Kaszak spotka\u0142 si\u0119 z natychmiastow\u0105  ostr\u0105 reakcj\u0105 \u015brodowisk wspieraj\u0105cych Emanuela, r\u00f3wnie\u017c wspierana  kandydatka odci\u0119\u0142a si\u0119 od pomocy Moskala, kt\u00f3remu przypi\u0119to od tego  momentu nalepk\u0119 \u201eantysemity\u201d.<\/p>\r\n\r\n<p>Miejmy nadziej\u0119, \u017ce s\u0119dziowie podejmuj\u0105cy w S\u0105dzie Apelacyjnym  Illinois w Chicago decyzj\u0119 odno\u015bnie nie spe\u0142niania przez Rahm Emanuela  warunk\u00f3w aby uzna\u0107 go rezydentem Chicago, nie zostan\u0105 potraktowani przez  \u015brodowisko, kt\u00f3re reprezentuje Emanuel tak jak to przed kilunastoma laty  zosta\u0142 potraktowany Edward J. Moskal, prezes Kongresu Polonii  Ameryka\u0144skiej.<\/p>\r\n\r\n<p><strong><em>Waldemar Glodek <\/em><\/strong><br \/>\r\n<a href=\"http:\/\/www.polishclub.org\/\"><span style=\"color: #0000ff;\"><br \/>\r\n<\/span><\/a><\/p>","protected":false},"excerpt":{"rendered":"W poniedzia\u0142ek, 24 stycznia S\u0105d Apelacyjny uzna\u0142, \u017ce Rahm Emanuel nie jest rezydentem Chicago. Decyzja ta uniemo\u017cliwia Emanuelowi kandydowanie na stanowisko burmistrza Chicago. Zgodnie z decyzj\u0105 s\u0105du Rada Wyborcza Chicago wyda\u0142a nakaz uzuni\u0119cia Rahma Emanuela z kart wyborczych w wyborach na burmistrza Chicago, kt\u00f3re odb\u0119d\u0105 si\u0119 22 lutego. Jak poda\u0142y media Rahm Emanuel ju\u017c zebra\u0142 [&hellip;]","protected":false},"author":1,"featured_media":0,"comment_status":"closed","ping_status":"closed","sticky":false,"template":"","format":"standard","meta":{"_acf_changed":false,"_monsterinsights_skip_tracking":false,"_monsterinsights_sitenote_active":false,"_monsterinsights_sitenote_note":"","_monsterinsights_sitenote_category":0,"ngg_post_thumbnail":0,"footnotes":"","_wp_rev_ctl_limit":""},"categories":[7],"tags":[48,147,53],"acf":[],"_links":{"self":[{"href":"https:\/\/www.bibula.com\/index.php?rest_route=\/wp\/v2\/posts\/31228"}],"collection":[{"href":"https:\/\/www.bibula.com\/index.php?rest_route=\/wp\/v2\/posts"}],"about":[{"href":"https:\/\/www.bibula.com\/index.php?rest_route=\/wp\/v2\/types\/post"}],"author":[{"embeddable":true,"href":"https:\/\/www.bibula.com\/index.php?rest_route=\/wp\/v2\/users\/1"}],"replies":[{"embeddable":true,"href":"https:\/\/www.bibula.com\/index.php?rest_route=%2Fwp%2Fv2%2Fcomments&post=31228"}],"version-history":[{"count":0,"href":"https:\/\/www.bibula.com\/index.php?rest_route=\/wp\/v2\/posts\/31228\/revisions"}],"wp:attachment":[{"href":"https:\/\/www.bibula.com\/index.php?rest_route=%2Fwp%2Fv2%2Fmedia&parent=31228"}],"wp:term":[{"taxonomy":"category","embeddable":true,"href":"https:\/\/www.bibula.com\/index.php?rest_route=%2Fwp%2Fv2%2Fcategories&post=31228"},{"taxonomy":"post_tag","embeddable":true,"href":"https:\/\/www.bibula.com\/index.php?rest_route=%2Fwp%2Fv2%2Ftags&post=31228"}],"curies":[{"name":"wp","href":"https:\/\/api.w.org\/{rel}","templated":true}]}}