{"id":31167,"date":"2011-01-24T13:33:43","date_gmt":"2011-01-24T18:33:43","guid":{"rendered":"http:\/\/www.bibula.com\/?p=31167"},"modified":"2011-01-24T13:36:12","modified_gmt":"2011-01-24T18:36:12","slug":"wladze-kielc-staraja-sie-o-dotacje-na-przebudowe-synagogi","status":"publish","type":"post","link":"https:\/\/www.bibula.com\/?p=31167","title":{"rendered":"W\u0142adze Kielc staraj\u0105 si\u0119 o dotacj\u0119 na przebudow\u0119 synagogi, kt\u00f3ra ma si\u0119 sta\u0107 &#8222;wizyt\u00f3wk\u0105 miasta&#8221;"},"content":{"rendered":"<p><strong>O wsparcie przez ministerstwo kultury przebudowy  kieleckiej synagogi, kt\u00f3rej podj\u0105\u0142 si\u0119 \u015bwiatowej s\u0142awy architekt Peter  Zumthor, staraj\u0105 si\u0119 w\u0142adze Kielc. Projekt nowej synagogi zostanie  zaprezentowany w po\u0142owie lutego.<\/strong><\/p>\r\n\r\n<p>Stara\u0144 o finansowe wsparcie przebudowy synagogi dotyczy\u0142a dzisiejsza  wizyta przedstawicieli kieleckiego ratusza w ministerstwie kultury.<\/p>\r\n\r\n<p>Artur Hajdorowicz, dyrektor biura planowania przestrzennego w  Urz\u0119dzie Miasta po dzisiejszych rozmowach w resorcie i przedstawieniu  og\u00f3lnej koncepcji projektu zapowiada spotkanie ministra kultury Bogdana  Zdrojewskiego i prezydenta Kielc Wojciecha Lubawskiego.<\/p>\r\n\r\n<p>Wiadomo, \u017ce projekt b\u0119dzie drogi. \u201ePeter Zumthor to architekt z  najwy\u017cszej \u015bwiatowej p\u00f3\u0142ki. Inwestycja nie b\u0119dzie tania, ale jest z  tych, kt\u00f3rych dokonuje si\u0119 raz na kilkaset lat\u201d &#8211; m\u00f3wi KAI Hajdorowicz.  Dodaje, \u017ce Zumthor przedstawi w Kielcach sw\u00f3j projekt w po\u0142owie lutego.<\/p>\r\n\r\n<p>Przebudowana synagoga, z kt\u00f3rej wkr\u00f3tce ma by\u0107 przeniesione Archiwum  Pa\u0144stwowe, ma sta\u0107 si\u0119 wizyt\u00f3wk\u0105 miasta. Konieczna b\u0119dzie zmiana planu  zagospodarowania obecnej ulicy IX Wiek\u00f3w Kielc w pobli\u017cu synagogi i  zgoda wojew\u00f3dzkiego konserwatora zabytk\u00f3w.<\/p>\r\n\r\n<p>Sam budynek dawnej  synagogi ma zosta\u0107 przekszta\u0142cony w centrum spotka\u0144 kultur i religii,  gdzie g\u0142\u00f3wn\u0105 rol\u0119 odgrywa\u0142by teatr Grzegorza Artmana. Z projektem  Artmana Zumthor zapozna\u0142 si\u0119 p\u00f3\u0142 roku temu.<\/p>\r\n\r\n<p>Wzniesion\u0105 w stylu maureta\u0144sko-neoroma\u0144skim synagog\u0119 ufundowa\u0142  Moj\u017cesz Pfeifer. Zacz\u0119to j\u0105 budowa\u0107 w 1902 r., r\u00f3wnocze\u015bnie z  neogotyckim ko\u015bcio\u0142em pw. \u015awi\u0119tego Krzy\u017ca i bizantyjsk\u0105 cerkwi\u0105 pw.  \u015awi\u0119tego Miko\u0142aja. Wszystkie trzy \u015bwi\u0105tynie zaprojektowa\u0142 architekt  miejski Stanis\u0142aw Szpakowski. W 2009 r., w 100. rocznic\u0119 dedykowania  bo\u017cnicy, w ramach Szabatonu odby\u0142 si\u0119 pierwszy od 70 lat szabat. Obiekt  od 70 lat nie s\u0142u\u017cy jako \u015bwi\u0105tynia.<\/p>\r\n\r\n<p>Peter Zumthor jest laureatem kilkudziesi\u0119ciu presti\u017cowych nagr\u00f3d, w  tym w 2009 r. &#8211; uznawanej za  architektonicznego Nobla nagrody Jana  Pritzkera.<\/p>","protected":false},"excerpt":{"rendered":"O wsparcie przez ministerstwo kultury przebudowy kieleckiej synagogi, kt\u00f3rej podj\u0105\u0142 si\u0119 \u015bwiatowej s\u0142awy architekt Peter Zumthor, staraj\u0105 si\u0119 w\u0142adze Kielc. Projekt nowej synagogi zostanie zaprezentowany w po\u0142owie lutego. Stara\u0144 o finansowe wsparcie przebudowy synagogi dotyczy\u0142a dzisiejsza wizyta przedstawicieli kieleckiego ratusza w ministerstwie kultury. Artur Hajdorowicz, dyrektor biura planowania przestrzennego w Urz\u0119dzie Miasta po dzisiejszych rozmowach [&hellip;]","protected":false},"author":1,"featured_media":0,"comment_status":"closed","ping_status":"closed","sticky":false,"template":"","format":"standard","meta":{"_acf_changed":false,"_monsterinsights_skip_tracking":false,"_monsterinsights_sitenote_active":false,"_monsterinsights_sitenote_note":"","_monsterinsights_sitenote_category":0,"ngg_post_thumbnail":0,"footnotes":"","_wp_rev_ctl_limit":""},"categories":[8],"tags":[98,18,101],"acf":[],"_links":{"self":[{"href":"https:\/\/www.bibula.com\/index.php?rest_route=\/wp\/v2\/posts\/31167"}],"collection":[{"href":"https:\/\/www.bibula.com\/index.php?rest_route=\/wp\/v2\/posts"}],"about":[{"href":"https:\/\/www.bibula.com\/index.php?rest_route=\/wp\/v2\/types\/post"}],"author":[{"embeddable":true,"href":"https:\/\/www.bibula.com\/index.php?rest_route=\/wp\/v2\/users\/1"}],"replies":[{"embeddable":true,"href":"https:\/\/www.bibula.com\/index.php?rest_route=%2Fwp%2Fv2%2Fcomments&post=31167"}],"version-history":[{"count":0,"href":"https:\/\/www.bibula.com\/index.php?rest_route=\/wp\/v2\/posts\/31167\/revisions"}],"wp:attachment":[{"href":"https:\/\/www.bibula.com\/index.php?rest_route=%2Fwp%2Fv2%2Fmedia&parent=31167"}],"wp:term":[{"taxonomy":"category","embeddable":true,"href":"https:\/\/www.bibula.com\/index.php?rest_route=%2Fwp%2Fv2%2Fcategories&post=31167"},{"taxonomy":"post_tag","embeddable":true,"href":"https:\/\/www.bibula.com\/index.php?rest_route=%2Fwp%2Fv2%2Ftags&post=31167"}],"curies":[{"name":"wp","href":"https:\/\/api.w.org\/{rel}","templated":true}]}}