{"id":31152,"date":"2011-01-24T11:52:27","date_gmt":"2011-01-24T16:52:27","guid":{"rendered":"http:\/\/www.bibula.com\/?p=31152"},"modified":"2011-01-24T11:52:27","modified_gmt":"2011-01-24T16:52:27","slug":"francja-40-tys-uczestnikow-marszu-w-obronie-dzieci-nienarodzonych","status":"publish","type":"post","link":"https:\/\/www.bibula.com\/?p=31152","title":{"rendered":"Francja: 40 tys. uczestnik\u00f3w marszu w obronie dzieci nienarodzonych"},"content":{"rendered":"<p><strong>Oko\u0142o 40 tys. Francuz\u00f3w, dwa razy wi\u0119cej ni\u017c przed rokiem,  wzi\u0119\u0142o udzia\u0142 w si\u00f3dmym z kolei \u201eNarodowym marszu dla \u017cycia\u201d, kt\u00f3ry  odby\u0142 si\u0119 w niedziel\u0119 23 stycznia w Pary\u017cu. W\u015br\u00f3d nich by\u0142o 25  francuskich biskup\u00f3w, m. in. arcybiskup Lyonu, kard. Philippe Barbarin.  Obro\u0144cy \u017cycia domagaj\u0105 si\u0119 uznania, \u017ce cz\u0142owiekowi przys\u0142uguj\u0105 ludzkie  prawa od chwili pocz\u0119cia oraz autentycznej polityki s\u0142u\u017c\u0105cej \u017cyciu i  rodzinie. <br \/>\r\n <\/strong><br \/>\r\n Marsz zosta\u0142 zorganizowany przez 15 stowarzysze\u0144, w 36. rocznic\u0119  legalizacji aborcji we Francji. Obro\u0144cy \u017cycia przeszli od placu  Republiki do placu Opery pod has\u0142em \u201eZjednoczeni, by broni\u0107 \u017cycia\u201d.  W\u015br\u00f3d manifestant\u00f3w dominowa\u0142y rodziny z dzie\u0107mi. <br \/>\r\n <br \/>\r\n Opr\u00f3cz uznania praw cz\u0142owieka w stanie embrionalnym uczestnicy marszu  domagali si\u0119 tak\u017ce wsparcia dla matek oraz rozwijania o\u015brodk\u00f3w s\u0142u\u017c\u0105cych  pomoc\u0105 dla kobiet ci\u0119\u017carnych w trudnej sytuacji \u017cyciowej. Co roku we  Francji dokonuje si\u0119 ok. 200 tys. aborcji, rodzi si\u0119 za\u015b oko\u0142o 800 tys.  dzieci, czyli co pi\u0105te zabijane jest w \u0142onie matki. Obro\u0144cy \u017cycia  domagali si\u0119 tak\u017ce zakazu przeprowadzania wszelkich eksperyment\u00f3w na  embrionach ludzkich.<br \/>\r\n <br \/>\r\n Do uczestnik\u00f3w \u201eMarszu na rzecz \u017cycia\u201d specjalny telegram, za  po\u015brednictwem watyka\u0144skiego sekretarza stanu, skierowa\u0142 papie\u017c.  \u201eBenedykt XVI &#8211; pisze kard. Tarcisio Bertone &#8211; zach\u0119ca wszystkich  zaanga\u017cowanych w walk\u0119 na rzecz \u017cycia, by wytrwale i odwa\u017cnie  przyczyniali si\u0119 do tworzenia nowej kultury \u017cycia, kt\u00f3ra jest owocem  kultury prawdy i mi\u0142o\u015bci. Aby kocha\u0107 i czci\u0107 \u017cycie ka\u017cdego cz\u0142owieka od  pocz\u0119cia do naturalnej \u015bmierci, niech zabiegaj\u0105 te\u017c oni o godn\u0105,  bratersk\u0105 egzystencj\u0119 dla wszystkich\u201d &#8211; czytamy w papieskim telegramie.<br \/>\r\n <br \/>\r\n Francuski \u201eMarsz na rzecz \u017cycia\u201d poprzedzi\u0142o sobotnie modlitewne  czuwanie z r\u00f3\u017ca\u0144cem i adoracj\u0105 eucharystyczn\u0105. Zosta\u0142o ono zorganizowane  w paryskim ko\u015bciele \u015bw. Franciszka Ksawerego.<br \/>\r\n <br \/>\r\n \u0179r\u00f3d\u0142o: KAI<\/p>","protected":false},"excerpt":{"rendered":"Oko\u0142o 40 tys. Francuz\u00f3w, dwa razy wi\u0119cej ni\u017c przed rokiem, wzi\u0119\u0142o udzia\u0142 w si\u00f3dmym z kolei \u201eNarodowym marszu dla \u017cycia\u201d, kt\u00f3ry odby\u0142 si\u0119 w niedziel\u0119 23 stycznia w Pary\u017cu. W\u015br\u00f3d nich by\u0142o 25 francuskich biskup\u00f3w, m. in. arcybiskup Lyonu, kard. Philippe Barbarin. Obro\u0144cy \u017cycia domagaj\u0105 si\u0119 uznania, \u017ce cz\u0142owiekowi przys\u0142uguj\u0105 ludzkie prawa od chwili pocz\u0119cia [&hellip;]","protected":false},"author":1,"featured_media":0,"comment_status":"closed","ping_status":"closed","sticky":false,"template":"","format":"standard","meta":{"_acf_changed":false,"_monsterinsights_skip_tracking":false,"_monsterinsights_sitenote_active":false,"_monsterinsights_sitenote_note":"","_monsterinsights_sitenote_category":0,"ngg_post_thumbnail":0,"footnotes":"","_wp_rev_ctl_limit":""},"categories":[6],"tags":[94],"acf":[],"_links":{"self":[{"href":"https:\/\/www.bibula.com\/index.php?rest_route=\/wp\/v2\/posts\/31152"}],"collection":[{"href":"https:\/\/www.bibula.com\/index.php?rest_route=\/wp\/v2\/posts"}],"about":[{"href":"https:\/\/www.bibula.com\/index.php?rest_route=\/wp\/v2\/types\/post"}],"author":[{"embeddable":true,"href":"https:\/\/www.bibula.com\/index.php?rest_route=\/wp\/v2\/users\/1"}],"replies":[{"embeddable":true,"href":"https:\/\/www.bibula.com\/index.php?rest_route=%2Fwp%2Fv2%2Fcomments&post=31152"}],"version-history":[{"count":0,"href":"https:\/\/www.bibula.com\/index.php?rest_route=\/wp\/v2\/posts\/31152\/revisions"}],"wp:attachment":[{"href":"https:\/\/www.bibula.com\/index.php?rest_route=%2Fwp%2Fv2%2Fmedia&parent=31152"}],"wp:term":[{"taxonomy":"category","embeddable":true,"href":"https:\/\/www.bibula.com\/index.php?rest_route=%2Fwp%2Fv2%2Fcategories&post=31152"},{"taxonomy":"post_tag","embeddable":true,"href":"https:\/\/www.bibula.com\/index.php?rest_route=%2Fwp%2Fv2%2Ftags&post=31152"}],"curies":[{"name":"wp","href":"https:\/\/api.w.org\/{rel}","templated":true}]}}