{"id":31119,"date":"2011-01-24T11:36:30","date_gmt":"2011-01-24T16:36:30","guid":{"rendered":"http:\/\/www.bibula.com\/?p=31119"},"modified":"2011-01-24T11:36:30","modified_gmt":"2011-01-24T16:36:30","slug":"oswiadczenie-w-sprawie-wydawnictwa-znak","status":"publish","type":"post","link":"https:\/\/www.bibula.com\/?p=31119","title":{"rendered":"O\u015bwiadczenie w sprawie Wydawnictwa &#8222;Znak&#8221;"},"content":{"rendered":"<p><strong>Spo\u0142eczny Instytut Wydawniczy Znak przeszed\u0142 d\u0142ug\u0105 drog\u0119 od pierwszej  wydanej przez siebie ksi\u0105\u017cki, kt\u00f3r\u0105 by\u0142y nieodp\u0142atnie przekazane mu  rozwa\u017cania Drogi Krzy\u017cowej autorstwa Stefana Kardyna\u0142a Wyszy\u0144skiego, do  ostatnich pozycji, w tym i najnowszej, w kt\u00f3rych w\u0105tpliwej jako\u015bci  &#8222;badacz&#8221; stawia r\u00f3wnie w\u0105tpliwe tezy.<\/strong><\/p>\r\n\r\n<p>W zwi\u0105zku z tym, odpowiadaj\u0105c na apel licznych \u015brodowisk  patriotycznych i naukowych o\u015bwiadczamy, i\u017c od tej chwili w ofercie  ksi\u0119garni internetowej <strong><a title=\"www.multibook.pl\" href=\"http:\/\/www.multibook.pl\/\">www.multibook.pl<\/a><\/strong> nie b\u0119dzie ksi\u0105\u017cek wydawnictwa &#8222;Znak&#8221;. Wszystkie one b\u0119d\u0105 widoczne  wci\u0105\u017c na stronie, ale bez mo\u017cliwo\u015bci dodania do koszyka. W opisie  ksi\u0105\u017cek znajdzie si\u0119 niniejsze o\u015bwiadczenie t\u0142umacz\u0105ce nasz\u0105 decyzj\u0119.<\/p>\r\n\r\n<p>Zapraszamy natomiast do zakupu i lektury ksi\u0105\u017cek rzetelnych,  odwa\u017cnych i nie pisz\u0105cych na polityczne zam\u00f3wienie historyk\u00f3w, kt\u00f3re  mamy przyjemno\u015b\u0107 Pa\u0144stwu oferowa\u0107 w naszej ksi\u0119garni. Jednym z hase\u0142  naszej ksi\u0119garni s\u0105 s\u0142owa J\u00f3zefa Mackiewicza, i\u017c &#8222;jedynie prawda jest  ciekawa&#8221;. Trzymaj\u0105c si\u0119 konsekwentnie s\u0142\u00f3w wielkiego pisarza  zdecydowali\u015bmy si\u0119 na do\u0142\u0105czenie do bojkotu ksi\u0105\u017cki oraz wydawcy.<\/p>\r\n\r\n<p><em><strong>Pawe\u0142 Tobo\u0142a-Pertkiewicz<\/strong><\/em><br \/>\r\n W\u0142a\u015bciciel ksi\u0119garni Multibook.pl<\/p>","protected":false},"excerpt":{"rendered":"Spo\u0142eczny Instytut Wydawniczy Znak przeszed\u0142 d\u0142ug\u0105 drog\u0119 od pierwszej wydanej przez siebie ksi\u0105\u017cki, kt\u00f3r\u0105 by\u0142y nieodp\u0142atnie przekazane mu rozwa\u017cania Drogi Krzy\u017cowej autorstwa Stefana Kardyna\u0142a Wyszy\u0144skiego, do ostatnich pozycji, w tym i najnowszej, w kt\u00f3rych w\u0105tpliwej jako\u015bci &#8222;badacz&#8221; stawia r\u00f3wnie w\u0105tpliwe tezy. W zwi\u0105zku z tym, odpowiadaj\u0105c na apel licznych \u015brodowisk patriotycznych i naukowych o\u015bwiadczamy, i\u017c [&hellip;]","protected":false},"author":1,"featured_media":0,"comment_status":"closed","ping_status":"closed","sticky":false,"template":"","format":"standard","meta":{"_acf_changed":false,"_monsterinsights_skip_tracking":false,"_monsterinsights_sitenote_active":false,"_monsterinsights_sitenote_note":"","_monsterinsights_sitenote_category":0,"ngg_post_thumbnail":0,"footnotes":"","_wp_rev_ctl_limit":""},"categories":[8],"tags":[22],"acf":[],"_links":{"self":[{"href":"https:\/\/www.bibula.com\/index.php?rest_route=\/wp\/v2\/posts\/31119"}],"collection":[{"href":"https:\/\/www.bibula.com\/index.php?rest_route=\/wp\/v2\/posts"}],"about":[{"href":"https:\/\/www.bibula.com\/index.php?rest_route=\/wp\/v2\/types\/post"}],"author":[{"embeddable":true,"href":"https:\/\/www.bibula.com\/index.php?rest_route=\/wp\/v2\/users\/1"}],"replies":[{"embeddable":true,"href":"https:\/\/www.bibula.com\/index.php?rest_route=%2Fwp%2Fv2%2Fcomments&post=31119"}],"version-history":[{"count":0,"href":"https:\/\/www.bibula.com\/index.php?rest_route=\/wp\/v2\/posts\/31119\/revisions"}],"wp:attachment":[{"href":"https:\/\/www.bibula.com\/index.php?rest_route=%2Fwp%2Fv2%2Fmedia&parent=31119"}],"wp:term":[{"taxonomy":"category","embeddable":true,"href":"https:\/\/www.bibula.com\/index.php?rest_route=%2Fwp%2Fv2%2Fcategories&post=31119"},{"taxonomy":"post_tag","embeddable":true,"href":"https:\/\/www.bibula.com\/index.php?rest_route=%2Fwp%2Fv2%2Ftags&post=31119"}],"curies":[{"name":"wp","href":"https:\/\/api.w.org\/{rel}","templated":true}]}}