{"id":31113,"date":"2011-01-23T23:46:30","date_gmt":"2011-01-24T04:46:30","guid":{"rendered":"http:\/\/www.bibula.com\/?p=31113"},"modified":"2011-01-23T23:52:36","modified_gmt":"2011-01-24T04:52:36","slug":"niemcy-sad-obronil-szkole-fsspx","status":"publish","type":"post","link":"https:\/\/www.bibula.com\/?p=31113","title":{"rendered":"Niemcy: S\u0105d obroni\u0142 szko\u0142\u0119 Bractwa \u015bw. Piusa X"},"content":{"rendered":"<p><strong>Lewicowemu politykowi nie uda\u0142o si\u0119 zamkn\u0105\u0107 szko\u0142y prowadzone przez  Bractwo \u015bw. Piusa X. S\u0105d administracyjny Kraju Saary stwierdzi\u0142, \u017ce  natychmiastowe zamkni\u0119cie plac\u00f3wek nie le\u017cy w interesie publicznym.<\/strong><\/p>\r\n\r\n<p>S\u0105d administracyjny Kraju Saary cofn\u0105\u0142 decyzj\u0119 ministra edukacji tego  niemieckiego kraju zwi\u0105zkowego o zamkni\u0119ciu dw\u00f3ch szk\u00f3\u0142 prowadzonych  przez tradycjonalist\u00f3w. S\u0119dziowie nie stwierdzili z\u0142ego funkcjonowania  szko\u0142y podstawowej St. Arnual i szko\u0142y \u015bredniej Naj\u015bwi\u0119tszego Serca  Jezusowego w Fechingen.<\/p>\r\n\r\n<p>Wcze\u015bniej pochodz\u0105cy z Partii Zielonych minister edukacji chcia\u0142 zamkn\u0105\u0107  szko\u0142y, gdy\u017c w bursach przy tych plac\u00f3wkach mieszka\u0142o za du\u017co uczni\u00f3w. Z  kolei prowadz\u0105cy plac\u00f3wki przedstawiciele Bractwa uwa\u017caj\u0105, \u017ce polityk  walczy z tradycjonalistami z przyczyn \u201epolityczno-ideologicznych\u201d.<\/p>","protected":false},"excerpt":{"rendered":"Lewicowemu politykowi nie uda\u0142o si\u0119 zamkn\u0105\u0107 szko\u0142y prowadzone przez Bractwo \u015bw. Piusa X. S\u0105d administracyjny Kraju Saary stwierdzi\u0142, \u017ce natychmiastowe zamkni\u0119cie plac\u00f3wek nie le\u017cy w interesie publicznym. S\u0105d administracyjny Kraju Saary cofn\u0105\u0142 decyzj\u0119 ministra edukacji tego niemieckiego kraju zwi\u0105zkowego o zamkni\u0119ciu dw\u00f3ch szk\u00f3\u0142 prowadzonych przez tradycjonalist\u00f3w. S\u0119dziowie nie stwierdzili z\u0142ego funkcjonowania szko\u0142y podstawowej St. Arnual [&hellip;]","protected":false},"author":1,"featured_media":0,"comment_status":"closed","ping_status":"closed","sticky":false,"template":"","format":"standard","meta":{"_acf_changed":false,"_monsterinsights_skip_tracking":false,"_monsterinsights_sitenote_active":false,"_monsterinsights_sitenote_note":"","_monsterinsights_sitenote_category":0,"ngg_post_thumbnail":0,"footnotes":"","_wp_rev_ctl_limit":""},"categories":[3],"tags":[132,32],"acf":[],"_links":{"self":[{"href":"https:\/\/www.bibula.com\/index.php?rest_route=\/wp\/v2\/posts\/31113"}],"collection":[{"href":"https:\/\/www.bibula.com\/index.php?rest_route=\/wp\/v2\/posts"}],"about":[{"href":"https:\/\/www.bibula.com\/index.php?rest_route=\/wp\/v2\/types\/post"}],"author":[{"embeddable":true,"href":"https:\/\/www.bibula.com\/index.php?rest_route=\/wp\/v2\/users\/1"}],"replies":[{"embeddable":true,"href":"https:\/\/www.bibula.com\/index.php?rest_route=%2Fwp%2Fv2%2Fcomments&post=31113"}],"version-history":[{"count":0,"href":"https:\/\/www.bibula.com\/index.php?rest_route=\/wp\/v2\/posts\/31113\/revisions"}],"wp:attachment":[{"href":"https:\/\/www.bibula.com\/index.php?rest_route=%2Fwp%2Fv2%2Fmedia&parent=31113"}],"wp:term":[{"taxonomy":"category","embeddable":true,"href":"https:\/\/www.bibula.com\/index.php?rest_route=%2Fwp%2Fv2%2Fcategories&post=31113"},{"taxonomy":"post_tag","embeddable":true,"href":"https:\/\/www.bibula.com\/index.php?rest_route=%2Fwp%2Fv2%2Ftags&post=31113"}],"curies":[{"name":"wp","href":"https:\/\/api.w.org\/{rel}","templated":true}]}}