{"id":30930,"date":"2011-01-20T22:40:16","date_gmt":"2011-01-21T03:40:16","guid":{"rendered":"http:\/\/www.bibula.com\/?p=30930"},"modified":"2011-01-20T22:40:16","modified_gmt":"2011-01-21T03:40:16","slug":"grecy-domagaja-sie-odszkodowan-za-niemieckie-zbrodnie","status":"publish","type":"post","link":"https:\/\/www.bibula.com\/?p=30930","title":{"rendered":"Grecy domagaj\u0105 si\u0119 odszkodowa\u0144 za niemieckie zbrodnie"},"content":{"rendered":"<p><strong>12 stycznia Georgios Papandreu, premier Grecji, oficjalnie popar\u0142  przed Mi\u0119dzynarodowym Trybuna\u0142em Sprawiedliwo\u015bci (MTS) w Hadze \u017c\u0105dania  grupy obywateli greckich, domagaj\u0105cych si\u0119 odszkodowa\u0144 za niemieckie  zbrodnie wojenne pope\u0142nione podczas II wojny \u015bwiatowej. Decyzja szefa  greckiego rz\u0105du wywo\u0142a\u0142a ostr\u0105 ripost\u0119 ministra spraw zagranicznych RFN  Guido Westerwellego. <\/strong><\/p>\r\n\r\n<p>Wed\u0142ug Westerwellego posuni\u0119cie greckiego rz\u0105du jest \u201eniezrozumia\u0142e\u201d.  Szef niemieckiej dyplomacji podkre\u015bli\u0142, \u017ce jego kraj zdaje sobie spraw\u0119  z w\u0142asnej odpowiedzialno\u015bci za histori\u0119, jednocze\u015bnie jednak domaga si\u0119  poszanowania immunitetu RFN jako pa\u0144stwa.<br \/>\r\n Tocz\u0105cy si\u0119 od 2008 roku proces w Hadze, w kt\u00f3rym RFN wyst\u0119puje  przeciwko W\u0142ochom, dotyczy w\u0142a\u015bnie immunitetu Niemiec. MTS ma  zdecydowa\u0107, czy w\u0142oskie s\u0105dy mia\u0142y prawo rozpatrywa\u0107 wnioski os\u00f3b  prywatnych przeciwko pa\u0144stwu niemieckiemu i skaza\u0107 RFN na wyp\u0142acenie  odszkodowa\u0144 krewnym w\u0142oskich i greckich cywili pomordowanych w akcjach  odwetowych przez Niemc\u00f3w.<br \/>\r\n Wsparcie greckiego rz\u0105du nie b\u0119dzie mia\u0142o \u017cadnego wp\u0142ywu na ostateczny  wyrok trybuna\u0142u. Jest to raczej kolejna ods\u0142ona medialno-politycznego  konfliktu mi\u0119dzy Berlinem i Atenami, trwaj\u0105cego od wiosny ubieg\u0142ego  roku. Media niemieckie i niekt\u00f3rzy politycy oskar\u017cali grecki rz\u0105d o  doprowadzenie pa\u0144stwa na skraj finansowej katastrofy. Z kolei pod  adresem Berlina pada\u0142y oskar\u017cenia o egoistyczn\u0105 polityk\u0119 gospodarcz\u0105 i  niewykonywanie zobowi\u0105za\u0144 wyp\u0142aty reparacji za II wojn\u0119 \u015bwiatow\u0105.  &lt;ciechan&gt;<\/p>\r\n\r\n<p>za: osw.waw.pl<\/p>","protected":false},"excerpt":{"rendered":"12 stycznia Georgios Papandreu, premier Grecji, oficjalnie popar\u0142 przed Mi\u0119dzynarodowym Trybuna\u0142em Sprawiedliwo\u015bci (MTS) w Hadze \u017c\u0105dania grupy obywateli greckich, domagaj\u0105cych si\u0119 odszkodowa\u0144 za niemieckie zbrodnie wojenne pope\u0142nione podczas II wojny \u015bwiatowej. Decyzja szefa greckiego rz\u0105du wywo\u0142a\u0142a ostr\u0105 ripost\u0119 ministra spraw zagranicznych RFN Guido Westerwellego. Wed\u0142ug Westerwellego posuni\u0119cie greckiego rz\u0105du jest \u201eniezrozumia\u0142e\u201d. Szef niemieckiej dyplomacji podkre\u015bli\u0142, [&hellip;]","protected":false},"author":1,"featured_media":0,"comment_status":"closed","ping_status":"closed","sticky":false,"template":"","format":"standard","meta":{"_acf_changed":false,"_monsterinsights_skip_tracking":false,"_monsterinsights_sitenote_active":false,"_monsterinsights_sitenote_note":"","_monsterinsights_sitenote_category":0,"ngg_post_thumbnail":0,"footnotes":"","_wp_rev_ctl_limit":""},"categories":[6],"tags":[166,59],"acf":[],"_links":{"self":[{"href":"https:\/\/www.bibula.com\/index.php?rest_route=\/wp\/v2\/posts\/30930"}],"collection":[{"href":"https:\/\/www.bibula.com\/index.php?rest_route=\/wp\/v2\/posts"}],"about":[{"href":"https:\/\/www.bibula.com\/index.php?rest_route=\/wp\/v2\/types\/post"}],"author":[{"embeddable":true,"href":"https:\/\/www.bibula.com\/index.php?rest_route=\/wp\/v2\/users\/1"}],"replies":[{"embeddable":true,"href":"https:\/\/www.bibula.com\/index.php?rest_route=%2Fwp%2Fv2%2Fcomments&post=30930"}],"version-history":[{"count":0,"href":"https:\/\/www.bibula.com\/index.php?rest_route=\/wp\/v2\/posts\/30930\/revisions"}],"wp:attachment":[{"href":"https:\/\/www.bibula.com\/index.php?rest_route=%2Fwp%2Fv2%2Fmedia&parent=30930"}],"wp:term":[{"taxonomy":"category","embeddable":true,"href":"https:\/\/www.bibula.com\/index.php?rest_route=%2Fwp%2Fv2%2Fcategories&post=30930"},{"taxonomy":"post_tag","embeddable":true,"href":"https:\/\/www.bibula.com\/index.php?rest_route=%2Fwp%2Fv2%2Ftags&post=30930"}],"curies":[{"name":"wp","href":"https:\/\/api.w.org\/{rel}","templated":true}]}}