{"id":3093,"date":"2008-11-18T10:40:22","date_gmt":"2008-11-18T15:40:22","guid":{"rendered":"http:\/\/www.bibula.com\/?p=3093"},"modified":"2008-11-18T22:44:10","modified_gmt":"2008-11-19T03:44:10","slug":"usa-prof-block-czyli-czarna-owca-wsrod-jezuitow-osmielil-sie-powiedziec-o-roznicach-rasowych","status":"publish","type":"post","link":"https:\/\/www.bibula.com\/?p=3093","title":{"rendered":"USA: Prof. Block, czyli &#8222;czarna owca&#8221; w\u015br\u00f3d Jezuit\u00f3w o\u015bmieli\u0142 si\u0119 powiedzie\u0107 o r\u00f3\u017cnicach rasowych"},"content":{"rendered":"<p>Deklarowana wszem i wobec tzw. wolno\u015b\u0107 wypowiedzi zaw\u0119\u017ca si\u0119 b\u0142yskawicznie gdy naruszone zostaj\u0105 kanony poprawno\u015bci politycznej. Do\u015bwiadczy\u0142 tego w zesz\u0142ym tygodniu profesor ekonomii, ojciec Walter Block, kt\u00f3ry przyby\u0142 z Nowego Orleanu na wyk\u0142ad do 'katolickiego&#8217; uniwersytetu Loyola w Baltimore. Czym\u017ce to Jezuita Walter Block zasmuci\u0142 zebrane towarzystwo, szefostwo uniwersytetu oraz rozz\u0142o\u015bci\u0142 dziennikarzy?<\/p>\r\n\r\n<p>Okazuje si\u0119, \u017ce punktem zapalnym jest m\u00f3wienie w Ameryce o takich oczywistych kwestiach jak r\u00f3\u017cnice rasowe, kt\u00f3re &#8211; czy kto\u015b tego chce czy nie, czy kto\u015b temu zaprzecza czy nie &#8211; po prostu istnia\u0142y, istniej\u0105 i b\u0119d\u0105 istnia\u0142y dop\u00f3ki b\u0119d\u0105 istnia\u0142y r\u00f3\u017cne rasy ludzkie stworzone przez Boga. Okazuje si\u0119 zatem, \u017ce w Ameryce, kt\u00f3ra w\u0142a\u015bnie wybra\u0142a czarnego Prezydenta i przekonana jest, i\u017c problem rasizmu przesta\u0142 istnie\u0107 &#8211; pomimo oczywistego faktu zaprzeczaj\u0105cego tej bajce, pokazuj\u0105cego i\u017c 97% Murzyn\u00f3w g\u0142osowa\u0142o w\u0142a\u015bnie tylko i wy\u0142\u0105cznie w ramach rasistowskiego odbierania rzeczywisto\u015bci &#8211; problem rasizmu ma przesta\u0107 istnie\u0107 raz na zawsze. Okazuje si\u0119 te\u017c, \u017ce o takich oczywisto\u015bciach jak r\u00f3\u017cnice rasowe nie wolno m\u00f3wi\u0107, pomimo podkre\u015blania koloru sk\u00f3ry prezydenta-elekta w ka\u017cdej wzmiance prasowej, przez ka\u017cdego komentatora, ba &#8211; w samym wydarzeniu uznanym przez wszystkich jako 'historyczne&#8217;.\u00a0 W czym\u017ce mia\u0142oby by\u0107 ono 'historyczne&#8217;: czy w wyborze Demokraty &#8211; na pewno nie, zatem w\u0142a\u015bnie w wyborze czarnosk\u00f3rego kandydata.<\/p>\r\n\r\n<p>Rozumie te fakty doskonale ojciec Block, kt\u00f3ry podczas wyk\u0142adu przytoczy\u0142 wyniki solidnych bada\u0144 statystycznych populacji, z kt\u00f3rych wynika, \u017ce iloraz inteligencji IQ jest mniejszy u Murzyn\u00f3w. Ojciec Block wskaza\u0142 na naukow\u0105 pozycj\u0119 &#8211; nazwan\u0105 przez media 'kontrowersyjn\u0105&#8217;, a cz\u0119sto 'rasistowsk\u0105&#8217; &#8211; czyli s\u0142ynn\u0105 ksi\u0105\u017ck\u0119 pt <em>The Bell Curve<\/em>, udowadniaj\u0105c\u0105 ponad wszelk\u0105 w\u0105tpliwo\u015b\u0107 istnienie r\u00f3\u017cnic wska\u017anik\u00f3w inteligencji w grupach rasowych.<\/p>\r\n\r\n<p>Ojciec Block wyja\u015bniaj\u0105c rzeczywisto\u015b\u0107 ekonomiczn\u0105 poszed\u0142 jednak jeszcze dalej pokazuj\u0105c, i\u017c w\u0142a\u015bnie r\u00f3\u017cnice iloraz\u00f3w inteligencji IQ s\u0105 przyczyn\u0105 tego, \u017ce Murzyni oraz kobiety &#8211; czyli grupy o wska\u017anikach 30% mniejszych ni\u017c grupa bia\u0142ych m\u0119\u017cczyzn &#8211; maj\u0105 mniejsze szanse i gorsze wyniki ekonomiczne. &#8222;Dlatego te\u017c&#8221; &#8211; m\u00f3wi\u0142 ojciec Block &#8211; &#8222;m\u0119\u017cczy\u017ani stanowi\u0105 wi\u0119kszo\u015b\u0107 laureat\u00f3w Nagrody Nobla, ale tak\u017ce i populacji wi\u0119ziennej.&#8221;<\/p>\r\n\r\n<p>Na takie <em>dictum<\/em> wzburzy\u0142o si\u0119 stowarzyszenie im. Adama Smitha oraz wydzia\u0142 ekonomii <em>Loyola University<\/em>, kt\u00f3re to cia\u0142a napisa\u0142y w li\u015bcie protestacyjnym, i\u017c &#8222;Odpowied\u017a profesora Blocka dotycz\u0105ca pytania o r\u00f3\u017cnice w poziomie zarobk\u00f3w pomi\u0119dzy Afro-Amerykanami oraz bia\u0142ymi w Ameryce, zak\u0142adaj\u0105ca i\u017c r\u00f3\u017cnica mo\u017ce by\u0107 wyja\u015bniona r\u00f3\u017cnym poziomem wydajno\u015bci, by\u0142a obra\u017aliwa i bardzo szczerze jest nam z tego powodu przykro. Uwagi profesora Blocka zawiera\u0142y r\u00f3wnie\u017c obra\u017aliwe komentarze dotycz\u0105ce r\u00f3\u017cnic w poziomie zarobk\u00f3w m\u0119\u017cczyzn i kobiet. Jest nam bardzo przykro z powodu tych uwag i z\u0142a, kt\u00f3re one wyrz\u0105dzi\u0142y.&#8221; &#8211; pisze kadra jezuickiego uniwersytetu <em>Loyola<\/em>. Kadra i dyrekcja uniwersytetu by\u0142a tak rozz\u0142oszczona, \u017ce, jak zauwa\u017ca r\u00f3wnie wzburzona dziennikarka <em>The Sun<\/em>, Laura Vozzella: &#8222;Przedstawiciele uczelni odm\u00f3wili rozmowy na temat tego <em>o czym<\/em> Block m\u00f3wi\u0142. Widocznie by\u0142o to tak obra\u017aliwe, i\u017c nawet nie maj\u0105 oni \u015bmia\u0142o\u015bci m\u00f3wi\u0107 o tym dlaczego zostali tak bardzo obra\u017ceni.&#8221;<\/p>\r\n\r\n<p>Profesor Block w rozmowie telefonicznej z dziennikark\u0105 Vozzella skomentowa\u0142 stanowisko w\u0142adz jezuickiej uczelni <em>Loyola <\/em>i ca\u0142e medialne zamieszanie bardzo kr\u00f3tko: &#8222;Jeste\u015bmy instytucj\u0105 Jezuit\u00f3w, kt\u00f3rzy respektuj\u0105 r\u00f3\u017cnorodno\u015b\u0107 jako jedna z wyznawanych przez nas warto\u015bci. Niestety, respektuj\u0105 oni r\u00f3\u017cnorodno\u015b\u0107, ale nie r\u00f3\u017cnorodno\u015b\u0107 opinii.&#8221;<\/p>\r\n\r\n<p><br class=\"spacer_\" \/><\/p>\r\n\r\n<p>Na podstawie: <a href=\"http:\/\/www.baltimoresun.com\/news\/local\/bal-md.vozzella12nov12,0,7454003.column\" target=\"_blank\">The Baltimore Sun<\/a><\/p>\r\n\r\n<p><br class=\"spacer_\" \/><\/p>\r\n\r\n<p><br class=\"spacer_\" \/><\/p>","protected":false},"excerpt":{"rendered":"Deklarowana wszem i wobec tzw. wolno\u015b\u0107 wypowiedzi zaw\u0119\u017ca si\u0119 b\u0142yskawicznie gdy naruszone zostaj\u0105 kanony poprawno\u015bci politycznej. Do\u015bwiadczy\u0142 tego w zesz\u0142ym tygodniu profesor ekonomii, ojciec Walter Block, kt\u00f3ry przyby\u0142 z Nowego Orleanu na wyk\u0142ad do 'katolickiego&#8217; uniwersytetu Loyola w Baltimore. Czym\u017ce to Jezuita Walter Block zasmuci\u0142 zebrane towarzystwo, szefostwo uniwersytetu oraz rozz\u0142o\u015bci\u0142 dziennikarzy? Okazuje si\u0119, \u017ce [&hellip;]","protected":false},"author":1,"featured_media":0,"comment_status":"closed","ping_status":"closed","sticky":false,"template":"","format":"standard","meta":{"_acf_changed":false,"_monsterinsights_skip_tracking":false,"_monsterinsights_sitenote_active":false,"_monsterinsights_sitenote_note":"","_monsterinsights_sitenote_category":0,"ngg_post_thumbnail":0,"footnotes":"","_wp_rev_ctl_limit":""},"categories":[4],"tags":[27,60,20],"acf":[],"_links":{"self":[{"href":"https:\/\/www.bibula.com\/index.php?rest_route=\/wp\/v2\/posts\/3093"}],"collection":[{"href":"https:\/\/www.bibula.com\/index.php?rest_route=\/wp\/v2\/posts"}],"about":[{"href":"https:\/\/www.bibula.com\/index.php?rest_route=\/wp\/v2\/types\/post"}],"author":[{"embeddable":true,"href":"https:\/\/www.bibula.com\/index.php?rest_route=\/wp\/v2\/users\/1"}],"replies":[{"embeddable":true,"href":"https:\/\/www.bibula.com\/index.php?rest_route=%2Fwp%2Fv2%2Fcomments&post=3093"}],"version-history":[{"count":0,"href":"https:\/\/www.bibula.com\/index.php?rest_route=\/wp\/v2\/posts\/3093\/revisions"}],"wp:attachment":[{"href":"https:\/\/www.bibula.com\/index.php?rest_route=%2Fwp%2Fv2%2Fmedia&parent=3093"}],"wp:term":[{"taxonomy":"category","embeddable":true,"href":"https:\/\/www.bibula.com\/index.php?rest_route=%2Fwp%2Fv2%2Fcategories&post=3093"},{"taxonomy":"post_tag","embeddable":true,"href":"https:\/\/www.bibula.com\/index.php?rest_route=%2Fwp%2Fv2%2Ftags&post=3093"}],"curies":[{"name":"wp","href":"https:\/\/api.w.org\/{rel}","templated":true}]}}