{"id":30222,"date":"2011-01-08T22:08:59","date_gmt":"2011-01-09T03:08:59","guid":{"rendered":"http:\/\/www.bibula.com\/?p=30222"},"modified":"2011-01-08T22:08:59","modified_gmt":"2011-01-09T03:08:59","slug":"nadzieja-w-mniejszosci-rafal-kotomski","status":"publish","type":"post","link":"https:\/\/www.bibula.com\/?p=30222","title":{"rendered":"Nadzieja w mniejszo\u015bci &#8211; <em>Rafa\u0142 Kotomski<\/em>"},"content":{"rendered":"<p><strong>W tym roku minie 20 lat od podpisania traktatu o  dobrym s\u0105siedztwie mi\u0119dzy Polsk\u0105 i Niemcami. Czy obchody rocznicy  przebiega\u0107 b\u0119d\u0105 w cieniu najwa\u017cniejszej kwestii, kt\u00f3rej dotychczas nie  uda\u0142o si\u0119 rozstrzygn\u0105\u0107? W my\u015bl niemieckiego prawa bowiem Polacy  mieszkaj\u0105cy za Odr\u0105 to wci\u0105\u017c nie mniejszo\u015b\u0107, a tylko osoby polskiego  pochodzenia z niemieckim paszportem.<\/strong><\/p>\r\n\r\n<p>Marek W\u00f3jcicki, przewodnicz\u0105cy Zwi\u0105zku Polak\u00f3w w Niemczech \u201eRod\u0142o\u201d wydaje si\u0119  mimo wszystko optymist\u0105. Mimo cho\u0107by tego, \u017ce ostatnie rozmowy z  udzia\u0142em przedstawicieli polskiego i niemieckiego rz\u0105du na temat  dofinansowania polskich organizacji i konkretnych projekt\u00f3w okaza\u0142y si\u0119  ma\u0142o efektywne. Zdaniem szefa \u201eRod\u0142a\u201d, przedstawiciele rz\u0105du w Berlinie  nie wykazali si\u0119 perfekcyjnym przygotowaniem do rozm\u00f3w, w  przeciwie\u0144stwie do strony polskie<em>j. &#8211; U Niemc\u00f3w dziel\u0119 to mi\u0119dzy 80 proc. niewiedzy i 20 proc. niech\u0119ci <\/em>&#8211;  ironizuje W\u00f3jcicki. Zwi\u0105zek, kt\u00f3rym kieruje, za wielki sukces ju\u017c  dzisiaj mo\u017ce uzna\u0107 fakt, \u017ce wiele miesi\u0119cy stara\u0144 przynios\u0142o rezultaty.  Niemieckie w\u0142adze podj\u0119\u0142y ostatecznie rozmowy z Polakami w trzech  podkomisjach &#8211; \u201ehistorycznej\u201d (dotyczy zwrotu maj\u0105tku dawnego \u201eRod\u0142a\u201d  zagarni\u0119tego w czasach III Rzeszy, przywr\u00f3cenia statusu mniejszo\u015bci  Polakom w Niemczech), \u201ej\u0119zykowej\u201d (wyr\u00f3wnuj\u0105cej ogromne dysproporcje  mi\u0119dzy kwotami przeznaczanymi na nauk\u0119 j\u0119zyka niemieckiego w Polsce i  polskiego w Niemczech) oraz \u201efinansowej\u201d (ma zapewni\u0107 r\u00f3wnoprawne  wsparcie finansowe dla polskich organizacji i projekt\u00f3w polonijnych).<br \/>\r\n <br \/>\r\n <strong>List Hambury<\/strong><\/p>\r\n\r\n<p>Rozmowy  na temat statusu i przysz\u0142o\u015bci polskiej mniejszo\u015bci w Niemczech nabra\u0142y  tempa po li\u015bcie berli\u0144skiego mecenasa Stefana Hambury do kanclerz  Angeli Merkel. Za najwa\u017cniejsz\u0105 przeszkod\u0119 w naprawie polsko-niemieckiej  przesz\u0142o\u015bci adwokat uzna\u0142 hitlerowskie rozporz\u0105dzenie z lutego 1940 r., likwiduj\u0105ce polsk\u0105  organizacj\u0119 na terenie III Rzeszy i kasuj\u0105ce ca\u0142y jej maj\u0105tek. Jak  wylicza mecenas Hambura, jest on wart na wsp\u00f3\u0142czesne kwoty 350 mln euro.  Dzisiejsze \u201eRod\u0142o\u201d stara si\u0119 o zwrot tej kwoty, dysponuj\u0105c na  potwierdzenie swoich roszcze\u0144 dokumentami z niemieckiego ministerstwa  spraw wewn\u0119trznych sprzed 1945 r.<em> \u201eDo tej pory nie nast\u0105pi\u0142o wyra\u017ane  uchylenie rozporz\u0105dzenia z dnia 27 lutego 1940 r. oraz stwierdzenie  jego niewa\u017cno\u015bci. Rozporz\u0105dzenie to istnieje wi\u0119c nadal w sensie  prawnym\u201d<\/em> &#8211; napisa\u0142 prawnik w li\u015bcie do niemieckiej kanclerz.<\/p>\r\n\r\n<p>Zdaniem Krzysztofa Raka, znawcy problem\u00f3w polsko-niemieckich i autora  opracowania o sytuacji polskiej mniejszo\u015bci, w\u0142a\u015bciwe u\u0142o\u017cenie  stosunk\u00f3w mi\u0119dzy obydwoma pa\u0144stwami zale\u017ce\u0107 b\u0119dzie od regulacji praw i  statusu naszej mniejszo\u015bci za zachodni\u0105 granic\u0105. Najpierw jednak Niemcy  musz\u0105 zrezygnowa\u0107 z lansowania pogl\u0105du, \u017ce setki tysi\u0119cy naszych rodak\u00f3w  to tylko \u201epolskoj\u0119zyczna grupa\u201d. Wydaje si\u0119, \u017ce dobrym kierunkiem s\u0105  s\u0142owa prezydenta Christiana Wolffa, kt\u00f3ry w listopadzie 2010 r. &#8211; w  obecno\u015bci prezydenta RP Bronis\u0142awa Komorowskiego &#8211; m\u00f3wi\u0142 o polskiej  mniejszo\u015bci w Niemczech. <em>&#8211; To prawdziwy krok milowy dla statusu Polak\u00f3w, kt\u00f3rzy tutaj mieszkaj\u0105 <\/em>&#8211; uwa\u017ca Stefan Hambura.<\/p>\r\n\r\n<p>W  przypadku Polak\u00f3w mieszkaj\u0105cych w Niemczech polscy dyplomaci wspieraj\u0105  si\u0119 ekspertyz\u0105 naukowc\u00f3w z pozna\u0144skiego UAM i Instytutu Zachodniego.  Profesorowie Jan Sandorski i Andrzej Sakson oraz dr Micha\u0142 Nowosielski  postuluj\u0105, by efektem zbli\u017cenia polsko-niemieckich stanowisk by\u0142o  formalne przywr\u00f3cenie statusu i maj\u0105tku Zwi\u0105zku Polak\u00f3w w Niemczech  sprzed bezprawnej decyzji rz\u0105du faszystowskiego w lutym 1940 r.<em> &#8211;  Dobrze, \u017ce po 20 latach od zawarcia traktatu o dobrym s\u0105siedztwie,  Polska i Niemcy podj\u0119\u0142y wreszcie dialog na temat praw naszej mniejszo\u015bci  za Odr\u0105 &#8211; <\/em>przekonuje Krzysztof Rak. W swoim opracowaniu na temat  niemieckiej Polonii pisze on, \u017ce powinni\u015bmy w tych negacjach wesprze\u0107  si\u0119 dokumentem traktatowym, bo \u201e\u017cadna z norm w nim zawarta nie przeczy  faktycznemu istnieniu mniejszo\u015bci polskiej w RFN\u201d.<\/p>\r\n\r\n<p>W kontek\u015bcie tego prawdziwym zgrzytem s\u0105 opinie ekspert\u00f3w  dzia\u0142aj\u0105cych przy sejmowej komisji spraw zagranicznych i jej  przewodnicz\u0105cego, pos\u0142a Andrzej Halickiego z PO. Wbrew stanowisku MSZ i  opracowaniu pozna\u0144skich naukowc\u00f3w, Halicki lansuje opini\u0119 o \u201egrupie  polskoj\u0119zycznej w Niemczech\u201d, a jeden z jego ekspert\u00f3w uwa\u017ca, \u017ce Polacy  nie s\u0105 mniejszo\u015bci\u0105 w my\u015bl prawa <a id=\"anchorbbtBubble618\">mi\u0119dzynarodowego<\/a>. <em>&#8211; To nie tylko \u0142amanie konsensusu polskiej polityki w sprawie mniejszo\u015bci w Niemczech, ale r\u00f3wnie\u017c wyraz niekompetencji<\/em> &#8211; ocenia Krzysztof Rak. Prawo mi\u0119dzynarodowe nie rozstrzyga bowiem o  istnieniu mniejszo\u015bci, a jej uznanie jest wy\u0142\u0105cznie aktem politycznym, a  nie prawnym.<br \/>\r\n <br \/>\r\n <strong>J\u0119zyk niezgody<\/strong><\/p>\r\n\r\n<p>W  polsko-niemieckich stosunkach stereotypy wci\u0105\u017c odgrywaj\u0105 wa\u017cn\u0105 rol\u0119. Co  ciekawe, Polacy pozbywaj\u0105 si\u0119 ich o wiele \u0142atwiej i szybciej ni\u017c nasi  zachodni s\u0105siedzi.<\/p>\r\n\r\n<p>Niemcy wci\u0105\u017c stosunkowo niewiele o nas wiedz\u0105, tym bardziej \u017ce w ich  kraju nie propaguje si\u0119 nauki j\u0119zyka polskiego. W\u0142adze federalne w  Berlinie i w\u0142adze poszczeg\u00f3lnych land\u00f3w nie kwapi\u0105 si\u0119 te\u017c z prawdziwym  wsparciem edukacji mieszkaj\u0105cych tam Polak\u00f3w. W kraju licz\u0105cym ponad 80  mln mieszka\u0144c\u00f3w zaledwie nieco ponad 6 tys. ludzi uczy si\u0119 polskiego. W  dodatku wi\u0119kszo\u015b\u0107 z nich to osoby zwi\u0105zane z Polsk\u0105. Ogromna jest  dysproporcja \u015brodk\u00f3w przeznaczanych na nauk\u0119 j\u0119zyk\u00f3w przez pa\u0144stwo  polskie i niemieckie. Jak zauwa\u017ca pose\u0142 PO Marek Krz\u0105ka\u0142a, na ka\u017cde 1  euro wydane na nauczanie j\u0119zyka polskiego w Niemczech, w naszym kraju  wydajemy 2 tys. euro na nauczanie j\u0119zyka niemieckiego. Statystyki s\u0105 w  tej dziedzinie bezwzgl\u0119dne &#8211; polski bud\u017cet przeznacza ok. 20 mln euro na  rzecz mniejszo\u015bci niemieckiej, podczas gdy rz\u0105d w Berlinie, zaledwie  1,5 mln euro w skali roku. Z wylicze\u0144 opublikowanych przez  Chrze\u015bcija\u0144skie Centrum Krzewienia Kultury, Tradycji i J\u0119zyka Polskiego w  Niemczech wynika, \u017ce zaledwie 3,5 tys. dzieci uczy si\u0119 tam polskiego  jako j\u0119zyka ojczystego. Warto przy okazji doda\u0107, \u017ce licz\u0105ca 150 tys.  os\u00f3b mniejszo\u015b\u0107 niemiecka w naszym kraju ma mo\u017cliwo\u015b\u0107 nauki j\u0119zyka  ojczystego od przedszkola po liceum. Mniejszo\u015b\u0107 polska &#8211; szacowana na  oko\u0142o 1,5 mln os\u00f3b o takim komforcie na razie mo\u017ce tylko pomarzy\u0107.<\/p>\r\n\r\n<p>Wydane przez Wsp\u00f3lnot\u0119 Polsk\u0105 opracowanie Krzysztofa Raka to jak do tej  pory najpe\u0142niejsze kompendium omawiaj\u0105ce po\u0142o\u017cenie naszych rodak\u00f3w,  mieszkaj\u0105cych za zachodni\u0105 granic\u0105. Zosta\u0142o dedykowane \u015bp. Maciejowi  P\u0142a\u017cy\u0144skiemu. Andrzej Grzeszczuk ze stowarzyszenia, kt\u00f3rego prezesem by\u0142  tragicznie zmar\u0142y w Smole\u0144sku by\u0142y marsza\u0142ek Sejmu, podkre\u015bla jego  zaanga\u017cowanie w rozwi\u0105zanie problem\u00f3w niemieckiej Polonii. &#8211; <em>P\u0142a\u017cy\u0144ski  jako jeden z pierwszych polskich polityk\u00f3w g\u0142o\u015bno i wyra\u017anie  akcentowa\u0142, \u017ce pacta sunt servanda, a niemieckie w\u0142adze musz\u0105 zacz\u0105\u0107  realizowa\u0107 postanowienia traktatu z Polsk\u0105 <\/em>&#8211; m\u00f3wi Grzeszczuk. Nie  wolno im zas\u0142ania\u0107 si\u0119 sporami kompetencyjnymi w\u0142adz czy obowi\u0105zuj\u0105c\u0105 w  niemieckim prawie definicj\u0105 mniejszo\u015bci, w kt\u00f3rej rzekomo Polacy si\u0119 nie  mieszcz\u0105.<\/p>\r\n\r\n<p>W 2011 r. minie 20 lat od podpisania traktatu o  dobrym s\u0105siedztwie mi\u0119dzy Polsk\u0105 i Niemcami. Czy obchody rocznicy  przebiega\u0107 b\u0119d\u0105 w cieniu najwa\u017cniejszej kwestii, kt\u00f3rej dotychczas nie  uda\u0142o si\u0119 rozstrzygn\u0105\u0107?\u00a0 <a id=\"anchorbbtBubble224\">Marek<\/a> W\u00f3jcicki przekonuje, \u017ce prawne uznanie statusu mniejszo\u015bci w Niemczech  to postulat, z kt\u00f3rego Polacy na pewno nie zrezygnuj\u0105. Domaga\u0107 b\u0119d\u0105 si\u0119  r\u00f3wnie\u017c zwrotu zagrabionych przez w\u0142adze hitlerowskie pieni\u0119dzy  przedwojennego Zwi\u0105zku Polak\u00f3w w Niemczech. Ju\u017c w styczniu w Warszawie  zaplanowano spotkanie zespo\u0142u polsko-niemieckiego, kt\u00f3ry omawia\u0107 b\u0119dzie  historyczne kwestie. Zdaniem W\u00f3jcickiego, negocjacje s\u0105 trudne, ale <a id=\"anchorbbtBubble278\">sukcesem<\/a> Zwi\u0105zku jest fakt, \u017ce po wielu miesi\u0105cach stara\u0144, przedstawiciele rz\u0105du  w Berlinie w ko\u0144cu usiedli do sto\u0142u. Krzysztof Rak uwa\u017ca, \u017ce strona  polska ma za sob\u0105 mocne argumenty, by <a id=\"anchorbbtBubble308\">rozmowy<\/a> zako\u0144czy\u0142y si\u0119 powodzeniem. Prawo <a id=\"anchorbbtBubble313\">mi\u0119dzynarodowe<\/a> rozszerza dzi\u015b poj\u0119cie mniejszo\u015bci narodowej. Sprzyjaj\u0105 nam zapisy  polsko-niemieckiego traktatu sprzed 20 lat. Mamy wreszcie argumenty  historyczne, bo polska mniejszo\u015b\u0107 w Niemczech by\u0142a brutalnie  prze\u015bladowana przez tamtejsze pa\u0144stwo, kt\u00f3re dzi\u015b zobowi\u0105zane jest do  zado\u015b\u0107uczynienia. Wszystko zale\u017ce\u0107 b\u0119dzie od si\u0142y polskich argument\u00f3w i  dobrej woli niemieckich w\u0142adz, ocenia Krzysztof Rak. Nie ulega jednak  w\u0105tpliwo\u015bci, \u017ce problem statusu i praw niemieckiej Polonii ma dzisiaj  negatywny wp\u0142yw na stan stosunk\u00f3w mi\u0119dzy obydwoma krajami.<\/p>\r\n\r\n<p>Niemieckie w\u0142adze musz\u0105 zda\u0107 sobie wreszcie spraw\u0119, \u017ce wzmacniaj\u0105c  polsk\u0105 to\u017csamo\u015b\u0107 i tradycj\u0119, dzia\u0142aj\u0105 r\u00f3wnie\u017c we w\u0142asnym interesie.  Pa\u0144stwu niemieckiemu nie powinno bowiem zale\u017ce\u0107, by spora grupa jego  obywateli czu\u0142a si\u0119 sfrustrowana i wyalienowana ze spo\u0142ecze\u0144stwa.<br \/>\r\n <br \/>\r\n <em><strong>Rafa\u0142 Kotomski<\/strong><\/em><\/p>","protected":false},"excerpt":{"rendered":"W tym roku minie 20 lat od podpisania traktatu o dobrym s\u0105siedztwie mi\u0119dzy Polsk\u0105 i Niemcami. Czy obchody rocznicy przebiega\u0107 b\u0119d\u0105 w cieniu najwa\u017cniejszej kwestii, kt\u00f3rej dotychczas nie uda\u0142o si\u0119 rozstrzygn\u0105\u0107? W my\u015bl niemieckiego prawa bowiem Polacy mieszkaj\u0105cy za Odr\u0105 to wci\u0105\u017c nie mniejszo\u015b\u0107, a tylko osoby polskiego pochodzenia z niemieckim paszportem. Marek W\u00f3jcicki, przewodnicz\u0105cy [&hellip;]","protected":false},"author":1,"featured_media":0,"comment_status":"closed","ping_status":"closed","sticky":false,"template":"","format":"standard","meta":{"_acf_changed":false,"_monsterinsights_skip_tracking":false,"_monsterinsights_sitenote_active":false,"_monsterinsights_sitenote_note":"","_monsterinsights_sitenote_category":0,"ngg_post_thumbnail":0,"footnotes":"","_wp_rev_ctl_limit":""},"categories":[9],"tags":[166],"acf":[],"_links":{"self":[{"href":"https:\/\/www.bibula.com\/index.php?rest_route=\/wp\/v2\/posts\/30222"}],"collection":[{"href":"https:\/\/www.bibula.com\/index.php?rest_route=\/wp\/v2\/posts"}],"about":[{"href":"https:\/\/www.bibula.com\/index.php?rest_route=\/wp\/v2\/types\/post"}],"author":[{"embeddable":true,"href":"https:\/\/www.bibula.com\/index.php?rest_route=\/wp\/v2\/users\/1"}],"replies":[{"embeddable":true,"href":"https:\/\/www.bibula.com\/index.php?rest_route=%2Fwp%2Fv2%2Fcomments&post=30222"}],"version-history":[{"count":0,"href":"https:\/\/www.bibula.com\/index.php?rest_route=\/wp\/v2\/posts\/30222\/revisions"}],"wp:attachment":[{"href":"https:\/\/www.bibula.com\/index.php?rest_route=%2Fwp%2Fv2%2Fmedia&parent=30222"}],"wp:term":[{"taxonomy":"category","embeddable":true,"href":"https:\/\/www.bibula.com\/index.php?rest_route=%2Fwp%2Fv2%2Fcategories&post=30222"},{"taxonomy":"post_tag","embeddable":true,"href":"https:\/\/www.bibula.com\/index.php?rest_route=%2Fwp%2Fv2%2Ftags&post=30222"}],"curies":[{"name":"wp","href":"https:\/\/api.w.org\/{rel}","templated":true}]}}