{"id":30220,"date":"2011-01-08T19:48:40","date_gmt":"2011-01-09T00:48:40","guid":{"rendered":"http:\/\/www.bibula.com\/?p=30220"},"modified":"2011-01-08T19:48:40","modified_gmt":"2011-01-09T00:48:40","slug":"janukowycz-nie-zlozyl-zyczen-grekokatolikom","status":"publish","type":"post","link":"https:\/\/www.bibula.com\/?p=30220","title":{"rendered":"Janukowycz nie z\u0142o\u017cy\u0142 \u017cycze\u0144 grekokatolikom"},"content":{"rendered":"<p><strong>Prezydent Wiktor Janukowycz nie z\u0142o\u017cy\u0142 \u017cycze\u0144 bo\u017conarodzeniowych wiernym  obrz\u0105dku grekokatolickiego. Na Ukrainie ich liczb\u0119 szacuje si\u0119 na ponad  3 miliony. \u0179yczenia przekaza\u0142 tylko wyznawcom prawos\u0142awia.<\/strong><\/p>\r\n\r\n<p>\u0179yczenia  by\u0142y emitowane w czasie \u015bwi\u0105t w r\u00f3\u017cnych kana\u0142ach telewizyjnych. Zosta\u0142y  umieszczone tak\u017ce na stronie internetowej szefa pa\u0144stwa. Prezydent m\u00f3wi  w nich jedynie o prawos\u0142awnych, cho\u0107 7 stycznia Bo\u017ce Narodzenie  obchodz\u0105 tak\u017ce grekokatolicy. \u201eJestem szcz\u0119\u015bliwy, \u017ce w tym momencie, my,  ca\u0142y prawos\u0142awny \u015bwiat, s\u0142awimy dzieci\u0119 Bo\u017ce i z wiar\u0105 i mi\u0142o\u015bci\u0105  patrzymy na nowy rok\u201d &#8211; powiedzia\u0142 Wiktor Janukowycz. <br \/>\r\n<br \/>\r\nUkrai\u0144ski  ko\u015bci\u00f3\u0142 grekokatolicki nie zareagowa\u0142 oficjalnie na ten fakt, ale ksi\u0119\u017ca  przyznaj\u0105, \u017ce nie jest to pierwszy przypadek ignorowania ich cerkwi. Z  podobnym traktowaniem spotykaj\u0105 si\u0119 prawos\u0142awni ko\u015bcio\u0142a  autokefalicznego i patriarchatu kijowskiego. Wbrew tradycji, po  zaprzysi\u0119\u017ceniu na stanowisko prezydenta, Wiktor Janukowycz nie spotka\u0142  si\u0119 z przedstawicielami najwa\u017cniejszych wyzna\u0144, a jedynie cerkwi  prawos\u0142awnej patriarchatu moskiewskiego. Przed sam\u0105 uroczysto\u015bci\u0105,  zosta\u0142 b\u0142ogos\u0142awiony przez patriarch\u0119 Moskwy i Wszechrusi Cyryla.<br \/>\r\n<br \/>\r\nIAR\/Kresy.pl<\/p>","protected":false},"excerpt":{"rendered":"Prezydent Wiktor Janukowycz nie z\u0142o\u017cy\u0142 \u017cycze\u0144 bo\u017conarodzeniowych wiernym obrz\u0105dku grekokatolickiego. Na Ukrainie ich liczb\u0119 szacuje si\u0119 na ponad 3 miliony. \u0179yczenia przekaza\u0142 tylko wyznawcom prawos\u0142awia. \u0179yczenia by\u0142y emitowane w czasie \u015bwi\u0105t w r\u00f3\u017cnych kana\u0142ach telewizyjnych. Zosta\u0142y umieszczone tak\u017ce na stronie internetowej szefa pa\u0144stwa. Prezydent m\u00f3wi w nich jedynie o prawos\u0142awnych, cho\u0107 7 stycznia Bo\u017ce Narodzenie [&hellip;]","protected":false},"author":1,"featured_media":0,"comment_status":"closed","ping_status":"closed","sticky":false,"template":"","format":"standard","meta":{"_acf_changed":false,"_monsterinsights_skip_tracking":false,"_monsterinsights_sitenote_active":false,"_monsterinsights_sitenote_note":"","_monsterinsights_sitenote_category":0,"ngg_post_thumbnail":0,"footnotes":"","_wp_rev_ctl_limit":""},"categories":[9],"tags":[132],"acf":[],"_links":{"self":[{"href":"https:\/\/www.bibula.com\/index.php?rest_route=\/wp\/v2\/posts\/30220"}],"collection":[{"href":"https:\/\/www.bibula.com\/index.php?rest_route=\/wp\/v2\/posts"}],"about":[{"href":"https:\/\/www.bibula.com\/index.php?rest_route=\/wp\/v2\/types\/post"}],"author":[{"embeddable":true,"href":"https:\/\/www.bibula.com\/index.php?rest_route=\/wp\/v2\/users\/1"}],"replies":[{"embeddable":true,"href":"https:\/\/www.bibula.com\/index.php?rest_route=%2Fwp%2Fv2%2Fcomments&post=30220"}],"version-history":[{"count":0,"href":"https:\/\/www.bibula.com\/index.php?rest_route=\/wp\/v2\/posts\/30220\/revisions"}],"wp:attachment":[{"href":"https:\/\/www.bibula.com\/index.php?rest_route=%2Fwp%2Fv2%2Fmedia&parent=30220"}],"wp:term":[{"taxonomy":"category","embeddable":true,"href":"https:\/\/www.bibula.com\/index.php?rest_route=%2Fwp%2Fv2%2Fcategories&post=30220"},{"taxonomy":"post_tag","embeddable":true,"href":"https:\/\/www.bibula.com\/index.php?rest_route=%2Fwp%2Fv2%2Ftags&post=30220"}],"curies":[{"name":"wp","href":"https:\/\/api.w.org\/{rel}","templated":true}]}}