{"id":30206,"date":"2011-01-08T11:44:22","date_gmt":"2011-01-08T16:44:22","guid":{"rendered":"http:\/\/www.bibula.com\/?p=30206"},"modified":"2011-01-08T11:44:22","modified_gmt":"2011-01-08T16:44:22","slug":"list-do-wydawnictwa-znak","status":"publish","type":"post","link":"https:\/\/www.bibula.com\/?p=30206","title":{"rendered":"List do Wydawnictwa Znak"},"content":{"rendered":"<p>Wydawnictwo Znak<\/p>\r\n\r\n<p>Przypominam:<\/p>\r\n\r\n<p>&#8222;Instytut Wydawniczy Znak powsta\u0142 w 1959 r. jako niezale\u017cna instytucja wydawnicza powi\u0105zana z osobami skupionymi wok\u00f3\u0142 miesi\u0119cznika &#8222;Znak&#8221;, &#8222;Tygodnika Powszechnego&#8221; (w kt\u00f3rego budynku mie\u015bci\u0142a si\u0119 pocz\u0105tkowo siedziba firmy), \u201eTygodnik Powszechny: : katolickie pismo spo\u0142eczno-kulturalne. Za\u0142o\u017cyciel ks. kard. Adam Sapieha.<br \/>\r\n W czasach PRL-u wydawnictwo publikowa\u0142o g\u0142\u00f3wnie literatur\u0119 katolick\u0105 i filozoficzn\u0105 &#8211; pierwsz\u0105 wydan\u0105 ksi\u0105\u017ck\u0105 by\u0142a nieodp\u0142atnie przekazana Droga krzy\u017cowa kard. Stefana Wyszy\u0144skiego.\u201d<\/p>\r\n\r\n<p>Wspominaj\u0105c  wielkich Ko\u015bcio\u0142a, kardyna\u0142\u00f3w Sapieh\u0119 i Wyszy\u0144skiego, stwierdzam, \u017ce  swoim obecnym zachowaniem t\u0119 pami\u0119\u0107 Pa\u0144stwo ha\u0144bicie drukuj\u0105c kolejn\u0105  ksi\u0105\u017ck\u0119 paszkwilanta Grossa.<\/p>\r\n\r\n<p>Zapewne  liczycie na &#8222;z\u0142ote \u017cniwo\u201d ze sprzeda\u017cy tej okropnej publikacji.  Informuj\u0119, \u017ce nie b\u0119d\u0119 od dzi\u015b kupowa\u0142 ksi\u0105\u017cek wydawanych przez &#8222;Znak\u201d.<\/p>\r\n\r\n<p>Dr hab. Romuald Szeremietiew, prof. KUL<\/p>","protected":false},"excerpt":{"rendered":"Wydawnictwo Znak Przypominam: &#8222;Instytut Wydawniczy Znak powsta\u0142 w 1959 r. jako niezale\u017cna instytucja wydawnicza powi\u0105zana z osobami skupionymi wok\u00f3\u0142 miesi\u0119cznika &#8222;Znak&#8221;, &#8222;Tygodnika Powszechnego&#8221; (w kt\u00f3rego budynku mie\u015bci\u0142a si\u0119 pocz\u0105tkowo siedziba firmy), \u201eTygodnik Powszechny: : katolickie pismo spo\u0142eczno-kulturalne. Za\u0142o\u017cyciel ks. kard. Adam Sapieha. W czasach PRL-u wydawnictwo publikowa\u0142o g\u0142\u00f3wnie literatur\u0119 katolick\u0105 i filozoficzn\u0105 &#8211; pierwsz\u0105 wydan\u0105 [&hellip;]","protected":false},"author":1,"featured_media":0,"comment_status":"closed","ping_status":"closed","sticky":false,"template":"","format":"standard","meta":{"_acf_changed":false,"_monsterinsights_skip_tracking":false,"_monsterinsights_sitenote_active":false,"_monsterinsights_sitenote_note":"","_monsterinsights_sitenote_category":0,"ngg_post_thumbnail":0,"footnotes":"","_wp_rev_ctl_limit":""},"categories":[8],"tags":[22],"acf":[],"_links":{"self":[{"href":"https:\/\/www.bibula.com\/index.php?rest_route=\/wp\/v2\/posts\/30206"}],"collection":[{"href":"https:\/\/www.bibula.com\/index.php?rest_route=\/wp\/v2\/posts"}],"about":[{"href":"https:\/\/www.bibula.com\/index.php?rest_route=\/wp\/v2\/types\/post"}],"author":[{"embeddable":true,"href":"https:\/\/www.bibula.com\/index.php?rest_route=\/wp\/v2\/users\/1"}],"replies":[{"embeddable":true,"href":"https:\/\/www.bibula.com\/index.php?rest_route=%2Fwp%2Fv2%2Fcomments&post=30206"}],"version-history":[{"count":0,"href":"https:\/\/www.bibula.com\/index.php?rest_route=\/wp\/v2\/posts\/30206\/revisions"}],"wp:attachment":[{"href":"https:\/\/www.bibula.com\/index.php?rest_route=%2Fwp%2Fv2%2Fmedia&parent=30206"}],"wp:term":[{"taxonomy":"category","embeddable":true,"href":"https:\/\/www.bibula.com\/index.php?rest_route=%2Fwp%2Fv2%2Fcategories&post=30206"},{"taxonomy":"post_tag","embeddable":true,"href":"https:\/\/www.bibula.com\/index.php?rest_route=%2Fwp%2Fv2%2Ftags&post=30206"}],"curies":[{"name":"wp","href":"https:\/\/api.w.org\/{rel}","templated":true}]}}