{"id":30203,"date":"2011-01-08T11:46:19","date_gmt":"2011-01-08T16:46:19","guid":{"rendered":"http:\/\/www.bibula.com\/?p=30203"},"modified":"2011-01-08T11:46:19","modified_gmt":"2011-01-08T16:46:19","slug":"rece-precz-od-1-maja-stanislaw-michalkiewicz","status":"publish","type":"post","link":"https:\/\/www.bibula.com\/?p=30203","title":{"rendered":"R\u0119ce precz od 1 Maja! &#8211; <em>Stanis\u0142aw Michalkiewicz<\/em>"},"content":{"rendered":"<p>Jeszcze jedna sprawa znowu bole\u015bnie podzieli\u0142a tubylczych Polak\u00f3w.  Przywr\u00f3cenie po 50 latach dnia wolnego od pracy w Trzech Kr\u00f3li z jednej  strony spotka\u0142o si\u0119 z pochwa\u0142\u0105 nawet ze strony zazwyczaj szalenie  ostro\u017cnego kardyna\u0142a Kazimierza Nycza, ale z drugiej &#8211; nie tylko ze  zdecydowan\u0105 krytyk\u0105 lecz r\u00f3wnie\u017c z zapowiedzi\u0105 zaskar\u017cenia stosownej  ustawy do Trybuna\u0142u Konstytucyjnego. Zaskar\u017ca stowarzyszenie \u201e<em>Lewiatan<\/em>\u201d  skupiaj\u0105ce pracodawc\u00f3w prywatnych, za\u015b sekunduje mu Sojusz Lewicy  Demokratycznej. Proponuje on by zamiast wolnego dnia w Trzech Kr\u00f3li,  przyzna\u0107 tubylczym Polakom wolny dzie\u0144 w wigili\u0119 Bo\u017cego Narodzenia. Od  razu wida\u0107, \u017ce si\u0142y post\u0119pu i nowoczesno\u015bci s\u0105 przeciwko Trzem Kr\u00f3lom,  kt\u00f3rym jak zwykle patronuj\u0105 si\u0142y wstecznictwa. Kr\u00f3tko m\u00f3wi\u0105c &#8211; mimo  ostro\u017cno\u015bci kardyna\u0142a Kazimierza Nycza nie da si\u0119 ukry\u0107, \u017ce Ko\u015bci\u00f3\u0142  znowu \u201e<em>j\u0105trzy<\/em>\u201d i \u201e<em>dzieli Polak\u00f3w<\/em>\u201d.<\/p>\r\n\r\n<p>To jasne, ale warto te\u017c zwr\u00f3ci\u0107 uwag\u0119, \u017ce mimo demonstrowanej przez \u201e<em>Lewiatan<\/em>\u201d  gospodarskiej troski o pe\u0142niejsze wykorzystanie tubylczej si\u0142y roboczej  i mimo nieukrywanej niech\u0119ci SLD do Trzech Kr\u00f3li, nikt dot\u0105d nie  odwa\u017cy\u0142 si\u0119 podnie\u015b\u0107 \u015bwi\u0119tokradczej r\u0119ki na \u015awi\u0119to Pracy, kt\u00f3re za  spraw\u0105 naszych okupant\u00f3w, to znaczy &#8211; Zwi\u0105zku Radzieckiego i Rzeszy  Niemieckiej, zosta\u0142o na ziemiach polskich wprowadzone jako dzie\u0144  \u015bwi\u0105teczny w roku 1940. Nikt nie odwa\u017cy\u0142 si\u0119 za\u017c\u0105da\u0107 skasowania tego  \u015bwi\u0119ta naszych okupant\u00f3w, chocia\u017c z uwagi na to, i\u017c 3 maja przypada  \u015bwi\u0119to pa\u0144stwowe, zawsze mamy do czynienia z przed\u0142u\u017conym weekendem.  Najwyra\u017aniej za utrzymaniem \u015bwi\u0105tecznego charakteru 1 maja przemawiaj\u0105  wzgl\u0119dy, wobec kt\u00f3rych trac\u0105 znaczenie wszelkie argumenty ekonomiczne.  C\u00f3\u017c to mog\u0105 by\u0107 za wzgl\u0119dy? Ano &#8211; c\u00f3\u017c by innego, je\u015bli nie konieczno\u015b\u0107  utrzymania ci\u0105g\u0142o\u015bci? Co na zamieszka\u0142ym przez tubylc\u00f3w \u201e<em>polskim terytorium etnograficznym<\/em>\u201d  ustanowi\u0142 J\u00f3zef Stalin z Adolfem Hitlerem, to powinno by\u0107 kontynuowane  r\u00f3wnie\u017c za Naszej Z\u0142otej Pani Anieli i zimnego ruskiego czekisty  W\u0142odzimierza Putina. I wszyscy to rozumiej\u0105, pami\u0119taj\u0105c te\u017c, \u017ce i  okupuj\u0105ca Polsk\u0119 razwiedka te\u017c jest do \u015awi\u0119ta Pracy tradycyjnie  przywi\u0105zana, jako do jeszcze jednego ogniwa \u0142\u0105cz\u0105cego j\u0105 z \u0142ubia\u0144sk\u0105  Macierz\u0105.<\/p>\r\n\r\n<p><strong><em>Stanis\u0142aw Michalkiewicz<\/em><\/strong><\/p>\r\n\r\n<p>Komentarz \u00a0<strong>\u2022<\/strong> \u201eDziennik Polski\u201d (Krak\u00f3w) \u00a0<strong>\u2022<\/strong> 7 stycznia 2011<\/p>\r\n\r\n<p><em>Sta\u0142e komentarze Stanis\u0142awa Michalkiewicza ukazuj\u0105 si\u0119 w \u201eDzienniku Polskim\u201d (Krak\u00f3w).<\/em><\/p>","protected":false},"excerpt":{"rendered":"Jeszcze jedna sprawa znowu bole\u015bnie podzieli\u0142a tubylczych Polak\u00f3w. Przywr\u00f3cenie po 50 latach dnia wolnego od pracy w Trzech Kr\u00f3li z jednej strony spotka\u0142o si\u0119 z pochwa\u0142\u0105 nawet ze strony zazwyczaj szalenie ostro\u017cnego kardyna\u0142a Kazimierza Nycza, ale z drugiej &#8211; nie tylko ze zdecydowan\u0105 krytyk\u0105 lecz r\u00f3wnie\u017c z zapowiedzi\u0105 zaskar\u017cenia stosownej ustawy do Trybuna\u0142u Konstytucyjnego. Zaskar\u017ca [&hellip;]","protected":false},"author":3,"featured_media":0,"comment_status":"closed","ping_status":"closed","sticky":false,"template":"","format":"standard","meta":{"_acf_changed":false,"_monsterinsights_skip_tracking":false,"_monsterinsights_sitenote_active":false,"_monsterinsights_sitenote_note":"","_monsterinsights_sitenote_category":0,"ngg_post_thumbnail":0,"footnotes":"","_wp_rev_ctl_limit":""},"categories":[9],"tags":[66,98,34],"acf":[],"_links":{"self":[{"href":"https:\/\/www.bibula.com\/index.php?rest_route=\/wp\/v2\/posts\/30203"}],"collection":[{"href":"https:\/\/www.bibula.com\/index.php?rest_route=\/wp\/v2\/posts"}],"about":[{"href":"https:\/\/www.bibula.com\/index.php?rest_route=\/wp\/v2\/types\/post"}],"author":[{"embeddable":true,"href":"https:\/\/www.bibula.com\/index.php?rest_route=\/wp\/v2\/users\/3"}],"replies":[{"embeddable":true,"href":"https:\/\/www.bibula.com\/index.php?rest_route=%2Fwp%2Fv2%2Fcomments&post=30203"}],"version-history":[{"count":0,"href":"https:\/\/www.bibula.com\/index.php?rest_route=\/wp\/v2\/posts\/30203\/revisions"}],"wp:attachment":[{"href":"https:\/\/www.bibula.com\/index.php?rest_route=%2Fwp%2Fv2%2Fmedia&parent=30203"}],"wp:term":[{"taxonomy":"category","embeddable":true,"href":"https:\/\/www.bibula.com\/index.php?rest_route=%2Fwp%2Fv2%2Fcategories&post=30203"},{"taxonomy":"post_tag","embeddable":true,"href":"https:\/\/www.bibula.com\/index.php?rest_route=%2Fwp%2Fv2%2Ftags&post=30203"}],"curies":[{"name":"wp","href":"https:\/\/api.w.org\/{rel}","templated":true}]}}